{"id":15301,"date":"2015-03-01T19:02:29","date_gmt":"2015-03-01T17:02:29","guid":{"rendered":"http:\/\/www.reunion68.se\/?p=15301"},"modified":"2015-03-01T15:29:49","modified_gmt":"2015-03-01T13:29:49","slug":"15301","status":"publish","type":"post","link":"https:\/\/www.reunion68.se\/?p=15301","title":{"rendered":"Niemcow: Rosja si\u0119 faszyzuje. Ostatni wywiad dla Newsweeka"},"content":{"rendered":"<h5 style=\"text-align: center;\"><a href=\"http:\/\/opinie.newsweek.pl\/\" target=\"_blank\"><img decoding=\"async\" class=\"center alignleft\" src=\"http:\/\/www.reunion68.com\/Biuletyn\/img\/newsweek.jpg\" alt=\"\" \/><\/a><span style=\"text-decoration: underline; color: #000080;\"><span style=\"text-decoration: underline;\"><strong><a style=\"color: #000080; text-decoration: underline;\" href=\"http:\/\/opinie.newsweek.pl\/borys-niemcow-ostrzegal-przed-faszyzacja-rosji-ostatni-wywiad-,artykuly,357986,1.html#fp=nw\" target=\"_blank\">Niemcow: Rosja si\u0119 faszyzuje. Ostatni wywiad dla Newsweeka<\/a><\/strong><\/span><\/span><\/h5>\n<p style=\"text-align: center;\"><span style=\"color: #333333;\"><strong>Micha\u0142 Kacewicz<\/strong><\/span><\/p>\n<hr style=\"height: 15px; background: #d0e6fa; width: 710px;\" \/>\n<div style=\"width: 360px\" class=\"wp-caption alignright\"><img decoding=\"async\" class=\"articleImg\" title=\"Borys Niemcow podczas wiecu rosyjskiej opozycji w Moskwie w czerwcu 2012 r.\" src=\"http:\/\/www.newsweek.pl\/g\/i.aspx\/680\/0\/newsweek\/635606842755189371.jpg\" alt=\"Borys Niemcow\" width=\"350\" border=\"0\" \/><p class=\"wp-caption-text\"><\/span> <span style=\"color: #000080;\">Borys Niemcow podczas wiecu rosyjskiej opozycji w Moskwie w czerwcu 2012 r.<\/span><\/p><\/div>\n<p style=\"text-align: left;\"><strong><span style=\"color: #333333;\">Jeszcze w pi\u0105tek rano rozmawia\u0142em z Borysem Niemcowem przez telefon. Ko\u0144czy\u0142em rozpocz\u0119ty dzie\u0144 wcze\u015bniej wywiad. Wieczorem by\u0142 szok. Zabili go &#8211; pisze Micha\u0142 Kacewicz.<\/span><\/strong><\/p>\n<p style=\"text-align: left;\"><span style=\"color: #000080;\">Kilka strza\u0142\u00f3w w plecy, na mo\u015bcie, nieopodal Kremla. Jeszcze rano ten facet, nieco zm\u0119czonym g\u0142osem opowiada\u0142 o Rosji. Jego opowie\u015b\u0107 przyspiesza\u0142a, a g\u0142os nabiera\u0142 energii, gdy zadowolony roztacza\u0142 wizj\u0119 wielkich, masowych protest\u00f3w, kt\u00f3re skrusz\u0105 w\u0142adz\u0119 W\u0142adimira Putina.<\/span><\/p>\n<p style=\"text-align: left;\"><span style=\"color: #000080;\">Czu\u0142em, \u017ce kiedy Aleksiej Nawalny siedzi w areszcie, to on, Niemcow przejmie dowodzenie nad planowan\u0105 na niedziel\u0119, wielk\u0105 manifestacj\u0105 opozycji. Tak mia\u0142a zacz\u0105\u0107 si\u0119 rosyjska \u201ewiosna\u201d, przebudzenie i ca\u0142a seria masowych protest\u00f3w przeciw wojnie na Ukrainie i szale\u0144stwu rz\u0105d\u00f3w Kremla. Ale zaraz zn\u00f3w zgaszonym g\u0142osem przekonywa\u0142 mnie, \u017ce Rosja stacza si\u0119 w mrok faszystowskich rz\u0105d\u00f3w, \u017ce na ulicach rz\u0105dzi\u0107 b\u0119d\u0105 boj\u00f3wki, zastrasza\u0107 Rosjan. M\u00f3wi\u0142, \u017ce si\u0119 nie da, \u017ce b\u0119dzie walczy\u0142, wraz z ca\u0142\u0105 opozycj\u0105. Bo stawka jest wysoka, Rosja tonie. Oponowa\u0142em<\/span><\/p>\n<p style=\"text-align: left;\"><span style=\"color: #000080;\">Opowiada\u0142, \u017ce dzi\u0119ki polityce Putina Rosja jest w zapa\u015bci. Jeszcze niedawno mia\u0142a ogromne oszcz\u0119dno\u015bci, teraz ma dwucyfrow\u0105 inflacj\u0119, dewaluacj\u0119 rubla i ucieczk\u0119 kapita\u0142u. Szanse na modernizacj\u0119 kraju zosta\u0142y zaprzepaszczone. I obwinia o to wszystko W\u0142adimira Putina. Bo prezydent pogr\u0105\u017ca Rosj\u0119 w bezsensownej wojnie z Ukrain\u0105, dofinansowuje koncerny swoich koleg\u00f3w i prowadzi strace\u0144cz\u0105 polityk\u0119 mi\u0119dzynarodow\u0105, \u015bci\u0105gaj\u0105c\u0105 na Rosj\u0119 sankcje.<\/span><\/p>\n<p style=\"text-align: left;\"><span style=\"color: #000080;\">Niemcow nie mia\u0142 w\u0105tpliwo\u015bci, \u017ce winne szale\u0144stwa s\u0105 media. A w\u0142a\u015bciwie propaganda, bo twierdzi\u0142, \u017ce w Rosji nie ma medi\u00f3w, tylko goebbelsowska propaganda. Do dzi\u0119ki niej W\u0142adimirowi Putinowi uda\u0142o si\u0119 wm\u00f3wi\u0107 Rosjanom, \u017ce ich pozycja i \u017cyciowy sukces zale\u017c\u0105 od tego, jak bardzo \u015bwiat b\u0119dzie si\u0119 ich ba\u0142. Wymienia\u0142 cechy rosyjskiej propagandy w stylu Josepha Goebbelsa: trzeba gra\u0107 na emocjach, im wi\u0119ksze k\u0142amstwo, tym lepsze i k\u0142amstwo nale\u017cy powtarza\u0107 wiele razy.<\/span><\/p>\n<p style=\"text-align: left;\"><span style=\"color: #000080;\">Ale opozycyjny polityk poszed\u0142 dalej i nazwa\u0142 propagand\u0119 w hitlerowskim stylu tylko jednym z element\u00f3w rodz\u0105cego si\u0119 na naszych oczach potwora, faszyzuj\u0105cej si\u0119 Rosji. Inne to wed\u0142ug niego: powstanie zal\u0105\u017cka brygad szturmowych, takich jak SA Hitlera. Chodzi o Antymajdan, niby-obywatelsk\u0105 inicjatyw\u0119, kt\u00f3ra dwa tygodnie temu zebra\u0142a si\u0119, by storpedowa\u0107 w haniebny spos\u00f3b obchodzon\u0105 przez Ukrai\u0144c\u00f3w rocznic\u0119 rewolucji na Majdanie. Boj\u00f3wkarze obiecywali p\u00f3\u017aniej, \u017ce nie pozwol\u0105 na \u017caden majdan w Moskwie i utopi\u0105 we krwi protesty opozycji. Niemcow wylicza\u0142: propaganda, boj\u00f3wki, jedna, wodzowska partia i jeden w\u00f3dz. Do tego szowinistyczna i agresywna polityka zagraniczna, odgrzewanie imperialnych kompleks\u00f3w, militaryzacja \u017cycia spo\u0142ecznego. Dla niego to cechy pa\u0144stwa faszystowskiego.<\/span><\/p>\n<p style=\"text-align: left;\"><span style=\"color: #000080;\">Uzna\u0142, \u017ce s\u0142u\u017cby Putina to gro\u017any przeciwnik, zdeterminowany, by utrzyma\u0107 w\u0142adz\u0119. Tak gro\u017any, \u017ce nie pozwoli na fal\u0119 protest\u00f3w podobn\u0105 do kijowskiego majdanu. Mimo to chcia\u0142 spr\u00f3bowa\u0107 i wzywa\u0142 do udzia\u0142u w \u201eantykryzysowym\u201d marszu 1 marca. Wyznacza\u0142 na razie skromne cele dla opozycji: przebudzenie cz\u0119\u015bci Rosjan, udzia\u0142 w wyborach samorz\u0105dowych i zdobycie przycz\u00f3\u0142k\u00f3w w Moskwie, wprowadzenie swoich radnych. I ci\u0105g\u0142a walka o dotarcie do Rosjan z przes\u0142aniem, \u017ce mo\u017cliwa jest inna droga ni\u017c putinowska wizja Rosji, staczaj\u0105cej si\u0119 w mrok dyktatury.<\/span><\/p>\n<p style=\"text-align: right;\"><span style=\"color: #000080;\">Czytaj dalej tu: <span style=\"text-decoration: underline;\"><strong><a style=\"color: #000080; text-decoration: underline;\" href=\"http:\/\/opinie.newsweek.pl\/borys-niemcow-ostrzegal-przed-faszyzacja-rosji-ostatni-wywiad-,artykuly,357986,1.html#fp=nw\" target=\"_blank\">Rosja si\u0119 faszyzuje&#8230;<\/a><\/strong><\/span><\/span><\/p>\n<hr style=\"height: 15px; background: #d0e6fa; width: 710px;\" \/>\n<div id=\"content\" class=\"  content-alignment&lt;br \/&gt;&lt;br \/&gt; \">\n<div id=\"watch-description\" class=\"yt-uix-button-panel\">\n<div id=\"watch-description-text\">\n<p style=\"text-align: center;\"><span style=\"color: #808080;\"> twoje uwagi, linki, wlasne artykuly, lub wiadomosci przeslij do: <strong><span style=\"text-decoration: underline;\"><span style=\"color: #808080; text-decoration: underline;\"><a href=\"mailto:webmaster@reunion68.com\">webmaster@reunion68.com<\/a><\/span><\/span><\/strong><\/span><\/p>\n<\/div>\n<\/div>\n<\/div>\n<p>&nbsp;<\/p>\n<hr style=\"width: 710px;\" \/>\n","protected":false},"excerpt":{"rendered":"<p>Niemcow: Rosja si\u0119 faszyzuje. Ostatni wywiad dla Newsweeka Micha\u0142 Kacewicz Jeszcze w pi\u0105tek rano rozmawia\u0142em z Borysem Niemcowem przez telefon. Ko\u0144czy\u0142em rozpocz\u0119ty dzie\u0144 wcze\u015bniej wywiad. Wieczorem by\u0142 szok. Zabili go &#8211; pisze Micha\u0142 Kacewicz. Kilka strza\u0142\u00f3w w plecy, na mo\u015bcie, nieopodal Kremla. Jeszcze rano ten facet, nieco zm\u0119czonym g\u0142osem opowiada\u0142 o Rosji. Jego opowie\u015b\u0107 przyspiesza\u0142a, [&hellip;]<\/p>\n","protected":false},"author":1,"featured_media":0,"comment_status":"closed","ping_status":"closed","sticky":false,"template":"","format":"standard","meta":[],"categories":[6],"tags":[24],"_links":{"self":[{"href":"https:\/\/www.reunion68.se\/index.php?rest_route=\/wp\/v2\/posts\/15301"}],"collection":[{"href":"https:\/\/www.reunion68.se\/index.php?rest_route=\/wp\/v2\/posts"}],"about":[{"href":"https:\/\/www.reunion68.se\/index.php?rest_route=\/wp\/v2\/types\/post"}],"author":[{"embeddable":true,"href":"https:\/\/www.reunion68.se\/index.php?rest_route=\/wp\/v2\/users\/1"}],"replies":[{"embeddable":true,"href":"https:\/\/www.reunion68.se\/index.php?rest_route=%2Fwp%2Fv2%2Fcomments&post=15301"}],"version-history":[{"count":17,"href":"https:\/\/www.reunion68.se\/index.php?rest_route=\/wp\/v2\/posts\/15301\/revisions"}],"predecessor-version":[{"id":15318,"href":"https:\/\/www.reunion68.se\/index.php?rest_route=\/wp\/v2\/posts\/15301\/revisions\/15318"}],"wp:attachment":[{"href":"https:\/\/www.reunion68.se\/index.php?rest_route=%2Fwp%2Fv2%2Fmedia&parent=15301"}],"wp:term":[{"taxonomy":"category","embeddable":true,"href":"https:\/\/www.reunion68.se\/index.php?rest_route=%2Fwp%2Fv2%2Fcategories&post=15301"},{"taxonomy":"post_tag","embeddable":true,"href":"https:\/\/www.reunion68.se\/index.php?rest_route=%2Fwp%2Fv2%2Ftags&post=15301"}],"curies":[{"name":"wp","href":"https:\/\/api.w.org\/{rel}","templated":true}]}}