{"id":15449,"date":"2015-03-06T19:09:42","date_gmt":"2015-03-06T17:09:42","guid":{"rendered":"http:\/\/www.reunion68.se\/?p=15449"},"modified":"2015-03-05T16:52:31","modified_gmt":"2015-03-05T14:52:31","slug":"15449","status":"publish","type":"post","link":"https:\/\/www.reunion68.se\/?p=15449","title":{"rendered":"Relacja wideo z debaty \u201eO polskich \u017bydach szeptem i krzykiem: polityka pami\u0119ci\u201d"},"content":{"rendered":"<h5 style=\"text-align: center;\"><a href=\"https:\/\/www.youtube.com\/\" target=\"_blank\"><img decoding=\"async\" class=\"center alignleft\" src=\"http:\/\/www.reunion68.com\/Biuletyn\/img\/youtube.png \" alt=\"\" \/><\/a><span style=\"text-decoration: underline; color: #000080;\"><span style=\"text-decoration: underline;\"><strong><a style=\"color: #000080; text-decoration: underline;\" href=\"https:\/\/www.youtube.com\/watch?v=r9ugPo0OPmk&amp;feature=youtu.be\" target=\"_blank\">Relacja wideo z debaty \u201eO polskich \u017bydach szeptem i krzykiem: polityka pami\u0119ci\u201d<\/a><\/strong><\/span><\/span><\/h5>\n<hr style=\"height: 15px; background: #d0e6fa; width: 710px;\" \/>\n<p style=\"text-align: center;\"><span style=\"color: #000080;\">19 lutego odby\u0142a si\u0119 pierwsza z debat z cyklu \u201eO polskich \u017bydach szeptem i krzykiem\u201d. Spotkanie po\u015bwi\u0119cone by\u0142o polityce pami\u0119ci.<\/span><\/p>\n<p style=\"text-align: center;\"><span style=\"color: #000080;\">W\u015br\u00f3d zaproszonych go\u015bci byli <strong>Jaros\u0142aw Kuisz<\/strong> (Kultura Liberalna), <strong>Piotr Pazi\u0144ski<\/strong> (Midrasz), <strong>Kazimiera Szczuka<\/strong> (Krytyka Polityczna) i <strong>Piotr Zychowicz<\/strong> (Do Rzeczy). Wsp\u00f3lnie zastanawiali si\u0119, o czym boimy si\u0119 rozmawia\u0107, a o czym m\u00f3wimy za du\u017co w kontek\u015bcie historii polskich \u017byd\u00f3w. Dyskutowali te\u017c o tym, czy i jak Muzeum POLIN zmieni krajobraz polskiej pami\u0119ci.<\/span><\/p>\n<p style=\"text-align: center;\"><span style=\"color: #000080;\">Spotkanie prowadzili <strong>Grzegorz Chlasta<\/strong> (Polskie Radio RDC) i <strong>Ma\u0142gorzata Pakier<\/strong> (Muzeum Polin).<\/span><\/p>\n<p style=\"text-align: left;\"><span style=\"color: #000080;\">Kolejne spotkania z cyklu:<\/span><\/p>\n<p style=\"text-align: left; padding-left: 120px;\"><span style=\"color: #000080;\">23.04.2015 O polskich \u017bydach szeptem i krzykiem: cz. II. Sztuka pami\u0119ci<\/span><br \/>\n<span style=\"color: #000080;\"> 24.09.2015 O polskich \u017bydach szeptem i krzykiem: cz. III. Psychologia pami\u0119ci<\/span><br \/>\n<span style=\"color: #000080;\"> 26.11.2015 O polskich \u017bydach szeptem i krzykiem: cz. IV. Etyka pami\u0119ci<\/span><\/p>\n<div id=\"content\" class=\"  content-alignment&lt;br \/&gt;&lt;br \/&gt; \">\n<div id=\"watch-description\" class=\"yt-uix-button-panel\">\n<div id=\"watch-description-text\">\n<p><iframe loading=\"lazy\" src=\"https:\/\/www.youtube.com\/embed\/r9ugPo0OPmk?feature=player_detailpage\" width=\"680\" height=\"400\" frameborder=\"0\" allowfullscreen=\"allowfullscreen\"><\/iframe><\/p>\n<\/div>\n<\/div>\n<\/div>\n<p>&nbsp;<\/p>\n<hr style=\"height: 15px; background: #d0e6fa; width: 710px;\" \/>\n<div id=\"content\" class=\"  content-alignment&lt;br \/&gt;&lt;br \/&gt; \">\n<div id=\"watch-description\" class=\"yt-uix-button-panel\">\n<div id=\"watch-description-text\">\n<p style=\"text-align: center;\"><span style=\"color: #808080;\"> twoje uwagi, linki, wlasne artykuly, lub wiadomosci przeslij do: <strong><span style=\"text-decoration: underline;\"><span style=\"color: #808080; text-decoration: underline;\"><a href=\"mailto:webmaster@reunion68.com\">webmaster@reunion68.com<\/a><\/span><\/span><\/strong><\/span><\/p>\n<\/div>\n<\/div>\n<\/div>\n<p>&nbsp;<\/p>\n<hr style=\"width: 710px;\" \/>\n","protected":false},"excerpt":{"rendered":"<p>Relacja wideo z debaty \u201eO polskich \u017bydach szeptem i krzykiem: polityka pami\u0119ci\u201d 19 lutego odby\u0142a si\u0119 pierwsza z debat z cyklu \u201eO polskich \u017bydach szeptem i krzykiem\u201d. Spotkanie po\u015bwi\u0119cone by\u0142o polityce pami\u0119ci. W\u015br\u00f3d zaproszonych go\u015bci byli Jaros\u0142aw Kuisz (Kultura Liberalna), Piotr Pazi\u0144ski (Midrasz), Kazimiera Szczuka (Krytyka Polityczna) i Piotr Zychowicz (Do Rzeczy). Wsp\u00f3lnie zastanawiali si\u0119, [&hellip;]<\/p>\n","protected":false},"author":1,"featured_media":0,"comment_status":"closed","ping_status":"closed","sticky":false,"template":"","format":"standard","meta":[],"categories":[4],"tags":[24],"_links":{"self":[{"href":"https:\/\/www.reunion68.se\/index.php?rest_route=\/wp\/v2\/posts\/15449"}],"collection":[{"href":"https:\/\/www.reunion68.se\/index.php?rest_route=\/wp\/v2\/posts"}],"about":[{"href":"https:\/\/www.reunion68.se\/index.php?rest_route=\/wp\/v2\/types\/post"}],"author":[{"embeddable":true,"href":"https:\/\/www.reunion68.se\/index.php?rest_route=\/wp\/v2\/users\/1"}],"replies":[{"embeddable":true,"href":"https:\/\/www.reunion68.se\/index.php?rest_route=%2Fwp%2Fv2%2Fcomments&post=15449"}],"version-history":[{"count":9,"href":"https:\/\/www.reunion68.se\/index.php?rest_route=\/wp\/v2\/posts\/15449\/revisions"}],"predecessor-version":[{"id":15451,"href":"https:\/\/www.reunion68.se\/index.php?rest_route=\/wp\/v2\/posts\/15449\/revisions\/15451"}],"wp:attachment":[{"href":"https:\/\/www.reunion68.se\/index.php?rest_route=%2Fwp%2Fv2%2Fmedia&parent=15449"}],"wp:term":[{"taxonomy":"category","embeddable":true,"href":"https:\/\/www.reunion68.se\/index.php?rest_route=%2Fwp%2Fv2%2Fcategories&post=15449"},{"taxonomy":"post_tag","embeddable":true,"href":"https:\/\/www.reunion68.se\/index.php?rest_route=%2Fwp%2Fv2%2Ftags&post=15449"}],"curies":[{"name":"wp","href":"https:\/\/api.w.org\/{rel}","templated":true}]}}