{"id":15508,"date":"2015-03-05T19:07:00","date_gmt":"2015-03-05T17:07:00","guid":{"rendered":"http:\/\/www.reunion68.se\/?p=15508"},"modified":"2015-03-05T16:53:08","modified_gmt":"2015-03-05T14:53:08","slug":"15508","status":"publish","type":"post","link":"https:\/\/www.reunion68.se\/?p=15508","title":{"rendered":"Ambasador Izraela: zagro\u017cenie ira\u0144skie wa\u017cniejsze od stosunk\u00f3w z USA"},"content":{"rendered":"<h5 style=\"text-align: center;\"><a href=\"http:\/\/www.polskieradio.pl\/\" target=\"_blank\"><img decoding=\"async\" class=\"center alignleft\" src=\"http:\/\/www.reunion68.com\/Biuletyn\/img\/pr-jedynka.png\" alt=\"\" \/><\/a><span style=\"text-decoration: underline; color: #000080;\"><span style=\"text-decoration: underline;\"><strong><a style=\"color: #000080; text-decoration: underline;\" href=\"http:\/\/www.polskieradio.pl\/7\/1696\/Artykul\/1391591,Ambasador-Izraela-zagrozenie-iranskie-wazniejsze-od-stosunkow-z-USA\" target=\"_blank\">Ambasador Izraela: zagro\u017cenie ira\u0144skie wa\u017cniejsze od stosunk\u00f3w z USA<\/a><\/strong><\/span><\/span><\/h5>\n<p style=\"text-align: center;\"><span style=\"color: #333333;\"><strong>PR Jedynka<\/strong><\/span><\/p>\n<hr style=\"height: 15px; background: #d0e6fa; width: 710px;\" \/>\n<div style=\"width: 360px\" class=\"wp-caption alignright\"><img decoding=\"async\" id=\"ctl00_ctl00_ctl00_ContentPlaceHolder1_ContentPlaceHolder1_Section02_ctl02_imgMain\" class=\"article-main-img\" style=\"border-width: 0px;\" src=\"http:\/\/static.polskieradio.pl\/images\/b2efb8fe-85ae-4a0b-81fe-9a4382aee0a6.jpg\" alt=\"Anna Azari, ambasador Izraela w Polsce\" width=\"350\" \/><p class=\"wp-caption-text\"><span style=\"color: #000080;\">Anna Azari, ambasador Izraela w Polsce<\/span><\/p><\/div>\n<p style=\"text-align: left;\"><span style=\"color: #333333;\"><strong>&#8211; Premier Izraela uzna\u0142, \u017ce zagro\u017cenie ze strony Iranu jest wa\u017cniejsze, ni\u017c dobre stosunki ze Stanami Zjednoczonymi &#8211; m\u00f3wi w radiowej Jedynce ambasador Izraela w Polsce Anna Azari.<\/strong><\/span><\/p>\n<p style=\"text-align: left;\"><span style=\"color: #000080;\">Benjamin Netanjahu, wbrew woli Baracka Obamy, skrytykowa\u0142 w Kongresie USA plan porozumienia ws. zamro\u017cenia ira\u0144skiego programu nuklearnego.<\/span><\/p>\n<p style=\"text-align: left;\"><span style=\"color: #000080;\">Premier Izraela Benjamin Netanjahu przyjecha\u0142 do Waszyngtonu wbrew woli Baracka Obamy. Zaproszenie wystosowa\u0142 przewodnicz\u0105cy Izby Reprezentant\u00f3w, republikanin John Boehner, a premier Izraela przyj\u0105\u0142 je, cho\u0107 wiedzia\u0142, \u017ce wizycie jest przeciwny ameryka\u0144ski prezydent (demokrata) i nie spotka si\u0119 z Netanjahu. Barack Obama jest zwolennikiem porozumienia spo\u0142eczno\u015bci mi\u0119dzynarodowej z Teheranem w sprawie ira\u0144skiego programu nuklearnego. Izrael obawia si\u0119 tego porozumienia i m\u00f3wi, \u017ce by\u0142oby ono zagro\u017ceniem dla bezpiecze\u0144stwa pa\u0144stwa zydowskiego oraz ca\u0142ego \u015bwiata.<\/span><\/p>\n<p style=\"text-align: left;\"><span style=\"color: #000080;\">Powody i okoliczno\u015bci tej wizyty przedstawia w wywiadzie dla <strong>Polskiego Radia ambasador Izraela w Polsce Anna Azari,<\/strong> kt\u00f3ra w przesz\u0142o\u015bci by\u0142a te\u017c ambasadorem Izraela w Rosji oraz na Ukrainie. W audycji <strong>&#8220;Wi\u0119cej \u015bwiata&#8221;<\/strong> w radiowej <strong>Jedynce<\/strong> ambasador Azari m\u00f3wi te\u017c m.in. o \u015bmierci Borysa Niemcowa i stosunkach izraelsko-rosyjskich.<\/span><\/p>\n<p style=\"text-align: left;\"><strong><span style=\"color: #333333;\">Dariusz Rosiak: &#8211; Ma miejsce prawdopodobnie pierwsza w historii stosunk\u00f3w USA z Izraelem wizyta sk\u0142adana przez izraelskiego premiera wbrew woli ameryka\u0144skiego prezydenta. Czy z\u0142e stosunki mi\u0119dzy premierem Netanjahu i prezydentem Obam\u0105 odzwierciedlaj\u0105 stan relacji mi\u0119dzy Ameryk\u0105 i Izraelem?<\/span><\/strong><\/p>\n<p style=\"text-align: left;\"><strong>Anna Azari, ambasador Izraela w Polsce:<\/strong> <span style=\"color: #000080;\">&#8211; Mam nadziej\u0119, \u017ce nie.Trudno oczywi\u015bcie zaprzeczy\u0107, \u017ce jest konflikt wok\u00f3\u0142 wizyty premiera Benjamina Netanjahu w Waszyngtonie. Ale je\u015bli spojrze\u0107 na to w szerszym kontek\u015bcie, to relacje izraelsko-ameryka\u0144skie s\u0105 zbyt bliskie, by mog\u0142o je popsu\u0107 takie wydarzenie. Wsp\u00f3\u0142pracujemy na gruncie militarnym, wywiadowczym. Nasze kontakty dyplomatyczne s\u0105 bardzo intensywne. Wi\u0119c naprawd\u0119, nie wydaje mi si\u0119, \u017ceby to wszystko mia\u0142o si\u0119 zawali\u0107 z powodu tego nieporozumienia mi\u0119dzy premierem Netanjahu i prezydentem Obam\u0105, cho\u0107 nie zaprzeczam, \u017ce ono istnieje.<\/span><\/p>\n<p style=\"text-align: left;\"><span style=\"color: #000080;\">W Izraelu s\u0142ycha\u0107 r\u00f3\u017cne g\u0142osy, tak\u017ce powa\u017cne g\u0142osy krytyczne wobec premiera i jego polityki dotycz\u0105cej Iranu. To opinie nie tylko komentator\u00f3w i opinii publicznej, ale tak\u017ce by\u0142ych pracownik\u00f3w wywiadu i s\u0142u\u017cb specjalnych. Oni nie wierz\u0105, \u017ce Iran jest w stanie wyprodukowa\u0107 bro\u0144 j\u0105drow\u0105 w daj\u0105cej si\u0119 przewidzie\u0107 przysz\u0142o\u015bci.<\/span><\/p>\n<p style=\"text-align: left;\"><span style=\"color: #000080;\">Na tyle, na ile wiem, w Izraelu istnieje jednak zgoda ponad wszelkimi podzia\u0142ami, \u017ce program nuklearny Iranu stanowi bardzo powa\u017cne niebezpiecze\u0144stwo dla naszego kraju. T\u0119 opini\u0119 podziela te\u017c opozycja. Nic mi nie wiadomo, \u017ceby ktokolwiek w Izraelu w to w\u0105tpi\u0142. Wi\u0119kszo\u015b\u0107 ekspert\u00f3w uwa\u017ca, \u017ce plany nuklearne Iranu stanowi\u0105 zagro\u017cenie i to bardzo bliskie zagro\u017cenie.<\/span><\/p>\n<p style=\"text-align: left;\"><span style=\"color: #333333;\"><strong>&#8211; R\u00f3\u017cnica opinii dotyczy tego, jak bliskie jest to zagro\u017cenie. Z w\u0142a\u015bnie ujawnionych dokument\u00f3w wynika, \u017ce Mosad nie zgadza si\u0119 z opini\u0105 premiera Netanjahu, jakoby Iran by\u0142 w stanie wyprodukowa\u0107 bomb\u0119 w ci\u0105gu roku i kilku miesi\u0119cy.<\/strong><\/span><\/p>\n<p style=\"text-align: left;\"><span style=\"color: #000080;\">&#8211; Nie robi\u0142abym tego typu szacunk\u00f3w, bo czas, w kt\u00f3rym mo\u017ce zosta\u0107 wyprodukowana bomba b\u0119dzie zale\u017ca\u0142 od wielu czynnik\u00f3w &#8211; od tempa, w jakim pozyskiwane b\u0119d\u0105 niezb\u0119dne materia\u0142y do budowy takiej bomby. Ale jedno jest pewne &#8211; trzeba zrobi\u0107 wszystko by do tego w og\u00f3le nie dopu\u015bci\u0107. Co do tego wszyscy w Izraelu si\u0119 zgadzaj\u0105. Jedynie nie wszystkim podobaj\u0105 si\u0119 metody, kt\u00f3rymi ten cel jest osi\u0105gany. W\u0142a\u015bnie dlatego premier Netanjahu uda\u0142 si\u0119 do Waszyngtonu. Je\u015bli prze\u015bledzi\u0107 jego kroki, wida\u0107 wyra\u017anie, \u017ce dla niego to najwa\u017cniejsza sprawa. I nie tylko w czasie wybor\u00f3w. Bo tak samo o to walczy\u0142 w czasie ostatnich 6 lat swoich rz\u0105d\u00f3w. Premier uzna\u0142, \u017ce zagro\u017cenie ze strony Iranu jest znacznie wa\u017cniejsze, ni\u017c dobre stosunki ze Stanami Zjednoczonymi.<\/span><\/p>\n<p style=\"text-align: left;\"><span style=\"color: #333333;\"><strong>&#8211; Czy ameryka\u0144skiemu prezydentowi Barackowi Obamie tak bardzo zale\u017cy na podpisaniu umowy z Iranem, \u017ce nie dba o to, co my\u015bli premier Izraela?<\/strong><\/span><\/p>\n<p style=\"text-align: left;\"><span style=\"color: #000080;\">&#8211; Moim zdaniem Ameryka liczy si\u0119 z tym, co my\u015bli premier Netanjahu. Inaczej ta sprawa nie budzi\u0142aby takich emocji. Poza tym, uwa\u017cam, \u017ce Izrael w du\u017cej mierze wp\u0142yn\u0105\u0142 na stanowisko reszty \u015bwiata wobec ira\u0144skiego programu atomowego. Pozostaje mie\u0107 nadziej\u0119, \u017ce te negocjacje przynios\u0105 co\u015b dobrego. B\u0105d\u017amy dobrej my\u015bli, ale pozostaje nam czeka\u0107.<\/span><\/p>\n<p style=\"text-align: left;\"><span style=\"color: #333333;\"><strong>&#8211; Czy uwa\u017ca Pani, \u017ce pocz\u0105tek tego roku by\u0142 szczeg\u00f3lnie trudnym okresem dla europejskich \u017byd\u00f3w?<\/strong><\/span><\/p>\n<p style=\"text-align: left;\"><span style=\"color: #000080;\">&#8211; Nie spos\u00f3b temu zaprzeczy\u0107. To bardzo trudny czas. Kilka dni temu przeczyta\u0142am histori\u0119 o dziennikarzu, kt\u00f3ry za\u0142o\u017cy\u0142 jarmu\u0142k\u0119 i chodzi\u0142 tak przez ca\u0142y dzie\u0144 po Pary\u017cu i nagrywa\u0142 reakcje ludzi, tak\u017ce w muzu\u0142ma\u0144skiej dzielnicy. I delikatnie ujmuj\u0105c, reakcje nie by\u0142y zbyt mi\u0142e. Ataki terrorystyczne to koszmar, ale my\u015bl\u0119, \u017ce problem jest szerszy. I nie dotyczy tylko \u017byd\u00f3w mieszkaj\u0105cych w Europie. Samuel Huntington nazwa\u0142by to wojn\u0105 cywilizacji. Ale to co si\u0119 zdarzy\u0142o, zamach na redakcj\u0119 \u201eCharlie Hebdo\u201d powinno by\u0107 bardzo powa\u017cnym znakiem ostrzegawczym dla wszystkich . Pozostaje mie\u0107 nadziej\u0119, \u017ce Europa stanie na wysoko\u015bci zadania i b\u0119dzie umia\u0142a walczy\u0107 o swoje warto\u015bci.<\/span><\/p>\n<p style=\"text-align: left;\"><span style=\"color: #333333;\"><strong>&#8211; Premier Netanjahu chce, \u017ceby europejscy \u017bydzi emigrowali do Izraela. Czy uwa\u017ca pani, \u017ce to m\u0105dra rada?<\/strong><\/span><\/p>\n<p style=\"text-align: left;\"><span style=\"color: #000080;\">&#8211; Ka\u017cdy premier Izraela chce, \u017ceby \u017bydzi emigrowali do Izraela. To jest esencja \u017cydowskiego ruchu narodowego, kt\u00f3ry nazywamy syjonizmem. Izrael nie powsta\u0142 przecie\u017c dla 600 mieszka\u0144c\u00f3w, kt\u00f3rzy na samym pocz\u0105tku zamieszkiwali jego tereny w 1948 roku, ale dla tych kt\u00f3rzy przyjad\u0105. Pozostaje oczywi\u015bcie pytanie na jakich warunkach taka emigracja powinna si\u0119 odbywa\u0107. My\u015bl\u0119 \u017ce wi\u0119kszo\u015b\u0107 os\u00f3b, w tym tak\u017ce premier Netanjahu, uwa\u017ca, \u017ce europejscy \u017bydzi b\u0119d\u0105 bezpieczni tak\u017ce w Europie. Osobi\u015bcie wola\u0142abym, \u017ceby \u017bydzi wybierali emigracj\u0119 do Izraela, bo tak chc\u0105, a nie dlatego, \u017ce boj\u0105 si\u0119 mieszka\u0107 w Europie.<\/span><\/p>\n<p style=\"text-align: left;\"><span style=\"color: #333333;\"><strong>&#8211; Z dwudziestu kilku tysi\u0119cy \u017byd\u00f3w, kt\u00f3ry przenie\u015bli si\u0119 do Izraela w ci\u0105gu ostatniego roku, wi\u0119kszo\u015b\u0107 stanowi\u0105 przybysze z Europy i pochodzi z kilku kraj\u00f3w, takich jak Francja czy Ukraina. Ukrain\u0119 zostawmy, bo stamt\u0105d ludzie uciekaj\u0105 przed wojn\u0105, ale je\u015bli popatrzymy na kraje takie jak Francja czy Belgia, wida\u0107 tam nastroje antysemickie i antyizraelskie. Jak wed\u0142ug Pani wygl\u0105da ten europejski obraz?<\/strong><\/span><\/p>\n<p style=\"text-align: left;\"><span style=\"color: #000080;\">&#8211; Widz\u0119 to, co widz\u0105 wszyscy. \u017be jest problem, kt\u00f3rym trzeba si\u0119 zaj\u0105\u0107. Rzeczywi\u015bcie, niekt\u00f3rzy \u017bydzi mieszkaj\u0105cy w Belgii czy we Francji nie czuj\u0105 si\u0119 dobrze, zw\u0142aszcza ci religijni, po kt\u00f3rych na pierwszy rzut oka wida\u0107, \u017ce s\u0105 \u017bydami. Efektem jest emigracja.<\/span><\/p>\n<p style=\"text-align: left;\"><span style=\"color: #333333;\"><strong>&#8211; By\u0142a Pani ambasadorem Moskwie, jaka jest Pani reakcja na zab\u00f3jstwo Borysa Niemcowa?<\/strong><\/span><\/p>\n<p style=\"text-align: left;\"><span style=\"color: #000080;\">&#8211; Mia\u0142am przyjemno\u015b\u0107 pozna\u0107 Pana Niemcowa osobi\u015bcie. To by\u0142 wyj\u0105tkowy cz\u0142owiek. Szczeg\u00f3lnie pami\u0119tam lata 90., kiedy Borys Niemcow by\u0142 postrzegany jako powa\u017cny kandydat na nast\u0119pc\u0119 Borysa Jelcyna. To bardzo smutne, kiedy utalentowany m\u0142ody cz\u0142owiek ginie w taki spos\u00f3b. Mam nadziej\u0119, \u017ce to zab\u00f3jstwo nie b\u0119dzie pocz\u0105tkiem prze\u015bladowa\u0144 opozycji w Rosji. Wi\u0119kszo\u015b\u0107 moich przyjaci\u00f3\u0142 w Moskwie jest w ogromnym szoku. Czego wyrazem jest ten ogromny marsz pami\u0119ci Borysa Niemcowa w Moskwie. To \u017ale wr\u00f3\u017cy ka\u017cdemu krajowi, je\u015bli dochodzi do zab\u00f3jstw politycznych. My\u015bl\u0119, \u017ce zab\u00f3jstwo takiej osoby jak Borys Niemcow powinno otrze\u017awi\u0107 spo\u0142ecze\u0144stwo.<\/span><\/p>\n<p style=\"text-align: left;\"><span style=\"color: #333333;\"><strong>&#8211; Wasz premier powiedzia\u0142 publicznie, \u017ce W\u0142adimir Putin jest jego przyjacielem. Czy zatem Izraelczycy podzielaj\u0105, a przynajmniej rozumiej\u0105 obawy mieszka\u0144c\u00f3w naszej cz\u0119\u015bci \u015bwiata wzgl\u0119dem Rosji?<\/strong><\/span><\/p>\n<p style=\"text-align: left;\"><span style=\"color: #000080;\">&#8211; Izraelczycy, jak te\u017c Rosjanie mieszkaj\u0105cy w Izraelu, s\u0105 podzieleni w tej sprawie. Jedni wierz\u0105 w rosyjsk\u0105, drudzy w ukrai\u0144sk\u0105 wersj\u0119 tej wojny. Izrael jest w trudnej sytuacji, bo bardzo ceni relacje z obu krajami. Nasz minister spraw zagranicznych odwiedzi\u0142 Ukrain\u0119 dwa tygodnie temu. Trzeba te\u017c pami\u0119ta\u0107, \u017ce w pierwszych miesi\u0105cach tego konfliktu kwestia \u017cydowska by\u0142a wykorzystywana przez obie strony jako narz\u0119dzie polityczne. Poza tym, trzeba pami\u0119ta\u0107, \u017ce kontakty z Rosj\u0105 s\u0105 bardzo wa\u017cne dla izraelskiego bezpiecze\u0144stwa. Rosja odgrywa bowiem wa\u017cn\u0105 rol\u0119 w dyskusji z Iranem w sprawie programu nuklearnego. Rosja jest te\u017c cz\u0142onkiem Kwartetu Bliskowschodniego. Dlatego te\u017c rz\u0105d Izraela stara si\u0119 nie zajmowa\u0107 oficjalnego stanowiska.<\/span><\/p>\n<p style=\"text-align: left;\"><span style=\"color: #000080;\">Tytu\u0142 audycji: <strong>&#8220;Wi\u0119cej \u015bwiata&#8221;<\/strong><\/span><br \/>\n<span style=\"color: #000080;\">Prowadzi\u0142: <strong>Dariusz Rosiak<\/strong><\/span><br \/>\n<span style=\"color: #000080;\">Go\u015b\u0107: <strong>Anna Azari, ambasador Izraela w Polsce<\/strong><\/span><\/p>\n<hr style=\"height: 15px; background: #d0e6fa; width: 710px;\" \/>\n<div id=\"content\" class=\"  content-alignment&lt;br \/&gt;&lt;br \/&gt; \">\n<div id=\"watch-description\" class=\"yt-uix-button-panel\">\n<div id=\"watch-description-text\">\n<p style=\"text-align: center;\"><span style=\"color: #808080;\"> twoje uwagi, linki, wlasne artykuly, lub wiadomosci przeslij do: <strong><span style=\"text-decoration: underline;\"><span style=\"color: #808080; text-decoration: underline;\"><a href=\"mailto:webmaster@reunion68.com\">webmaster@reunion68.com<\/a><\/span><\/span><\/strong><\/span><\/p>\n<\/div>\n<\/div>\n<\/div>\n<p>&nbsp;<\/p>\n<hr style=\"width: 710px;\" \/>\n","protected":false},"excerpt":{"rendered":"<p>Ambasador Izraela: zagro\u017cenie ira\u0144skie wa\u017cniejsze od stosunk\u00f3w z USA PR Jedynka &#8211; Premier Izraela uzna\u0142, \u017ce zagro\u017cenie ze strony Iranu jest wa\u017cniejsze, ni\u017c dobre stosunki ze Stanami Zjednoczonymi &#8211; m\u00f3wi w radiowej Jedynce ambasador Izraela w Polsce Anna Azari. Benjamin Netanjahu, wbrew woli Baracka Obamy, skrytykowa\u0142 w Kongresie USA plan porozumienia ws. zamro\u017cenia ira\u0144skiego programu [&hellip;]<\/p>\n","protected":false},"author":1,"featured_media":0,"comment_status":"closed","ping_status":"closed","sticky":false,"template":"","format":"standard","meta":[],"categories":[6],"tags":[24],"_links":{"self":[{"href":"https:\/\/www.reunion68.se\/index.php?rest_route=\/wp\/v2\/posts\/15508"}],"collection":[{"href":"https:\/\/www.reunion68.se\/index.php?rest_route=\/wp\/v2\/posts"}],"about":[{"href":"https:\/\/www.reunion68.se\/index.php?rest_route=\/wp\/v2\/types\/post"}],"author":[{"embeddable":true,"href":"https:\/\/www.reunion68.se\/index.php?rest_route=\/wp\/v2\/users\/1"}],"replies":[{"embeddable":true,"href":"https:\/\/www.reunion68.se\/index.php?rest_route=%2Fwp%2Fv2%2Fcomments&post=15508"}],"version-history":[{"count":33,"href":"https:\/\/www.reunion68.se\/index.php?rest_route=\/wp\/v2\/posts\/15508\/revisions"}],"predecessor-version":[{"id":15542,"href":"https:\/\/www.reunion68.se\/index.php?rest_route=\/wp\/v2\/posts\/15508\/revisions\/15542"}],"wp:attachment":[{"href":"https:\/\/www.reunion68.se\/index.php?rest_route=%2Fwp%2Fv2%2Fmedia&parent=15508"}],"wp:term":[{"taxonomy":"category","embeddable":true,"href":"https:\/\/www.reunion68.se\/index.php?rest_route=%2Fwp%2Fv2%2Fcategories&post=15508"},{"taxonomy":"post_tag","embeddable":true,"href":"https:\/\/www.reunion68.se\/index.php?rest_route=%2Fwp%2Fv2%2Ftags&post=15508"}],"curies":[{"name":"wp","href":"https:\/\/api.w.org\/{rel}","templated":true}]}}