{"id":15543,"date":"2015-03-05T19:09:54","date_gmt":"2015-03-05T17:09:54","guid":{"rendered":"http:\/\/www.reunion68.se\/?p=15543"},"modified":"2015-03-05T14:04:07","modified_gmt":"2015-03-05T12:04:07","slug":"15543","status":"publish","type":"post","link":"https:\/\/www.reunion68.se\/?p=15543","title":{"rendered":"Rocznica Marca \u201968"},"content":{"rendered":"<h5 style=\"text-align: center;\"><a href=\"http:\/\/www.sztetl.org.pl\/\" target=\"_blank\"><img decoding=\"async\" class=\"center alignleft\" src=\"http:\/\/www.reunion68.com\/Biuletyn\/img\/w-sz.jpg \" alt=\"\" \/><\/a><span style=\"text-decoration: underline; color: #000080;\"><span style=\"text-decoration: underline;\"><strong><a style=\"color: #000080; text-decoration: underline;\" href=\"http:\/\/www.sztetl.org.pl\/pl\/cms\/aktualnosci\/4544,rocznica-marca-68\/\" target=\"_blank\">Rocznica Marca \u201968<\/a><\/strong><\/span><\/span><\/h5>\n<p style=\"text-align: center;\"><span style=\"color: #808080;\">Autor:<strong><span style=\"color: #333333;\"> Krzysztof Bielawski<\/span><br \/>\n<\/strong>\u0179r\u00f3d\u0142o:<strong><span style=\"color: #333333;\"> materia\u0142y informacyjne Muzeum POLIN i Fundacji Shalom<\/span><br \/>\n<\/strong><\/span><\/p>\n<hr style=\"height: 15px; background: #d0e6fa; width: 710px;\" \/>\n<div style=\"width: 360px\" class=\"wp-caption alignright\"><img decoding=\"async\" loading=\"lazy\" class=\"ilustracja\" src=\"http:\/\/www.sztetl.org.pl\/getimage.php?c=OBRAZY&amp;x=440&amp;y=440&amp;file=obraz_5921.jpg\" alt=\"Ilustracja\" width=\"350\" height=\"291\" \/><p class=\"wp-caption-text\"><span style=\"color: #000080;\">Fragment galerii w Muzeum POLIN (foto: K. Bielawski)<\/span><\/p><\/div>\n<p><strong>Zbli\u017ca si\u0119 rocznica wydarze\u0144 marcowych 1968 r., w wyniku kt\u00f3rych wielu polskich \u017byd\u00f3w zosta\u0142o zmuszonych do emigracji. W kolejnych miesi\u0105cach tysi\u0105ce os\u00f3b z poczuciem ogromnej krzywdy opu\u015bci\u0142y Polsk\u0119. Wi\u0119kszo\u015b\u0107 z nich uda\u0142a si\u0119 do Izraela, Stan\u00f3w Zjednoczonych i kraj\u00f3w Europy Zachodniej.<\/strong><\/p>\n<p style=\"text-align: left;\"><span style=\"color: #000080;\">Dzi\u015b, 2 marca 2015 r. o godz. 18.00 w Muzeum Historii \u017byd\u00f3w Polskich POLIN odb\u0119dzie si\u0119 pokaz dw\u00f3ch film\u00f3w, zwi\u0105zanych z tymi wydarzeniami: \u201eKredens\u201d i \u201eNiedoko\u0144czona historia. Marzec 68\u201d. Po projekcji zapraszamy na rozmow\u0119 z udzia\u0142em re\u017cyser\u00f3w i bohater\u00f3w prezentowanych film\u00f3w \u2013 Jacobem Dammasem, Paulin\u0105 Dammas, Zaqiem Chojeckim oraz Sewerynem Blumsztajnem. Spotkanie poprowadzi Tadeusz Sobolewski.<\/span><\/p>\n<p style=\"text-align: left;\"><span style=\"color: #000080;\">Tematyce Marca \u201968 po\u015bwi\u0119cona jest tak\u017ce cz\u0119\u015b\u0107 galerii \u201ePowojnie\u201d w Muzeum POLIN. Mo\u017cna tu wys\u0142ucha\u0107 m. in. wspomnie\u0144 emigrant\u00f3w \u2013 Anny Trachtenherc i Macieja Bielawskiego czy zobaczy\u0107 <strong><span style=\"text-decoration: underline;\"><a style=\"color: #000080; text-decoration: underline;\" href=\"http:\/\/www.sztetl.org.pl\/pl\/article\/czestochowa\/16,relacje-wspomnienia\/39051,kronika-klubu-dzieciecego-im-j-korczaka-przy-towarzystwie-spoleczno-kulturalnym-zydow-w-polsce-oddzial-w-czestochowie\/\" target=\"_blanc\">kopi\u0119 wstrz\u0105saj\u0105cej, ostatniej karty z kroniki Klubu Dzieci\u0119cego TSK\u017b w Cz\u0119stochowie.<\/a><\/span><\/strong><\/span><\/p>\n<p style=\"text-align: left;\"><span style=\"color: #000080;\">Go\u0142da Tencer w imieniu Fundacji Shalom zaprasza w niedziel\u0119, 8 marca o godz. 12.00 na spotkanie <a style=\"color: #000080;\" href=\"http:\/\/www.sztetl.org.pl\/pl\/article\/warszawa\/39,zabytki-kultury-materialnej\/3528,tablica-pamiatkowa-na-dworcu-gdanskim-ul-slominskiego-4-\/\" target=\"_blank\"><span style=\"text-decoration: underline;\"><strong>na warszawskim Dworcu Gda\u0144skim, kt\u00f3ry w 1968 r. sta\u0142 si\u0119 miejscem po\u017cegna\u0144 setek emigrant\u00f3w<\/strong><\/span>.<\/a> Pod umieszczon\u0105 na murze dworca tablic\u0105 z napisem \u201eTu wi\u0119cej zostawili po sobie ni\u017c mieli\u201d zebrani z\u0142o\u017c\u0105 kwiaty i wspomn\u0105 tych, kt\u00f3rzy musieli wyjecha\u0107 z kraju.<\/span><\/p>\n<hr style=\"height: 15px; background: #d0e6fa; width: 710px;\" \/>\n<div id=\"content\" class=\"  content-alignment&lt;br \/&gt;&lt;br \/&gt; \">\n<div id=\"watch-description\" class=\"yt-uix-button-panel\">\n<div id=\"watch-description-text\">\n<p style=\"text-align: center;\"><span style=\"color: #808080;\"> twoje uwagi, linki, wlasne artykuly, lub wiadomosci przeslij do: <strong><span style=\"text-decoration: underline;\"><span style=\"color: #808080; text-decoration: underline;\"><a href=\"mailto:webmaster@reunion68.com\">webmaster@reunion68.com<\/a><\/span><\/span><\/strong><\/span><\/p>\n<\/div>\n<\/div>\n<\/div>\n<p>&nbsp;<\/p>\n<hr style=\"width: 710px;\" \/>\n","protected":false},"excerpt":{"rendered":"<p>Rocznica Marca \u201968 Autor: Krzysztof Bielawski \u0179r\u00f3d\u0142o: materia\u0142y informacyjne Muzeum POLIN i Fundacji Shalom Zbli\u017ca si\u0119 rocznica wydarze\u0144 marcowych 1968 r., w wyniku kt\u00f3rych wielu polskich \u017byd\u00f3w zosta\u0142o zmuszonych do emigracji. W kolejnych miesi\u0105cach tysi\u0105ce os\u00f3b z poczuciem ogromnej krzywdy opu\u015bci\u0142y Polsk\u0119. Wi\u0119kszo\u015b\u0107 z nich uda\u0142a si\u0119 do Izraela, Stan\u00f3w Zjednoczonych i kraj\u00f3w Europy Zachodniej. [&hellip;]<\/p>\n","protected":false},"author":1,"featured_media":0,"comment_status":"closed","ping_status":"closed","sticky":false,"template":"","format":"standard","meta":[],"categories":[6],"tags":[24],"_links":{"self":[{"href":"https:\/\/www.reunion68.se\/index.php?rest_route=\/wp\/v2\/posts\/15543"}],"collection":[{"href":"https:\/\/www.reunion68.se\/index.php?rest_route=\/wp\/v2\/posts"}],"about":[{"href":"https:\/\/www.reunion68.se\/index.php?rest_route=\/wp\/v2\/types\/post"}],"author":[{"embeddable":true,"href":"https:\/\/www.reunion68.se\/index.php?rest_route=\/wp\/v2\/users\/1"}],"replies":[{"embeddable":true,"href":"https:\/\/www.reunion68.se\/index.php?rest_route=%2Fwp%2Fv2%2Fcomments&post=15543"}],"version-history":[{"count":19,"href":"https:\/\/www.reunion68.se\/index.php?rest_route=\/wp\/v2\/posts\/15543\/revisions"}],"predecessor-version":[{"id":15562,"href":"https:\/\/www.reunion68.se\/index.php?rest_route=\/wp\/v2\/posts\/15543\/revisions\/15562"}],"wp:attachment":[{"href":"https:\/\/www.reunion68.se\/index.php?rest_route=%2Fwp%2Fv2%2Fmedia&parent=15543"}],"wp:term":[{"taxonomy":"category","embeddable":true,"href":"https:\/\/www.reunion68.se\/index.php?rest_route=%2Fwp%2Fv2%2Fcategories&post=15543"},{"taxonomy":"post_tag","embeddable":true,"href":"https:\/\/www.reunion68.se\/index.php?rest_route=%2Fwp%2Fv2%2Ftags&post=15543"}],"curies":[{"name":"wp","href":"https:\/\/api.w.org\/{rel}","templated":true}]}}