{"id":15650,"date":"2015-03-06T19:10:09","date_gmt":"2015-03-06T17:10:09","guid":{"rendered":"http:\/\/www.reunion68.se\/?p=15650"},"modified":"2015-03-06T16:10:29","modified_gmt":"2015-03-06T14:10:29","slug":"15650","status":"publish","type":"post","link":"https:\/\/www.reunion68.se\/?p=15650","title":{"rendered":"Kamienica \u201eSprawiedliwych w\u015br\u00f3d Narod\u00f3w \u015awiata\u201d na sprzeda\u017c"},"content":{"rendered":"<h5 style=\"text-align: center;\"><a href=\"http:\/\/supernowosci24.pl\/\" target=\"_blank\"><img decoding=\"async\" class=\"center alignleft\" src=\"http:\/\/www.reunion68.com\/Biuletyn\/img\/super24.png\" alt=\"\" width=\"250\" \/><\/a><span style=\"text-decoration: underline; color: #000080;\"><span style=\"text-decoration: underline;\"><strong><a style=\"color: #000080; text-decoration: underline;\" href=\"http:\/\/supernowosci24.pl\/kamienica-sprawiedliwych-wsrod-narodow-swiata-na-sprzedaz\/\" target=\"_blank\">Kamienica \u201eSprawiedliwych w\u015br\u00f3d Narod\u00f3w \u015awiata\u201d na sprzeda\u017c<\/a><\/strong><\/span><\/span><\/h5>\n<p style=\"text-align: center;\"><span style=\"color: #333333;\"><strong>Monika Kami\u0144ska<\/strong><\/span><\/p>\n<hr style=\"height: 15px; background: #d0e6fa; width: 710px;\" \/>\n<div id=\"attachment_142875\" style=\"width: 360px\" class=\"wp-caption alignright\"><a href=\"http:\/\/supernowosci24.pl\/wp-content\/uploads\/2015\/03\/Kamienica-\u201eSprawiedliwych-w\u015br\u00f3d-Narod\u00f3w-\u015awiata\u201d-na-sprzeda\u017c.jpg\"><img aria-describedby=\"caption-attachment-142875\" decoding=\"async\" class=\"wp-image-142875 size-full\" src=\"http:\/\/supernowosci24.pl\/wp-content\/uploads\/2015\/03\/Kamienica-\u201eSprawiedliwych-w\u015br\u00f3d-Narod\u00f3w-\u015awiata\u201d-na-sprzeda\u017c.jpg\" alt=\"Kiedy\u015b w tej kamienicy w strachu \u017cyli ukrywaj\u0105cy si\u0119 Diamontowie oraz ich dobrodziejki - Stefcia i Helenka. Dzi\u015b straszy, niszczej\u0105c na ul. Tatarskiej. Fot. Kamil Krukiewicz\" width=\"350\" \/><\/a><p id=\"caption-attachment-142875\" class=\"wp-caption-text\"><span style=\"color: #000080;\">Kiedy\u015b w tej kamienicy w strachu \u017cyli ukrywaj\u0105cy si\u0119 Diamontowie oraz ich dobrodziejki &#8211; Stefcia i Helenka. Dzi\u015b straszy, niszczej\u0105c na ul. Tatarskiej. Fot. Kamil Krukiewicz<\/span><\/p><\/div>\n<p style=\"text-align: left;\"><span style=\"color: #333333;\"><strong>PRZEMY\u015aL. W czyje r\u0119ce przejdzie przemyski symbol heroizmu w czasach Holokaustu?<\/strong><\/span><\/p>\n<p style=\"text-align: left;\"><span style=\"color: #000080;\">&#8211; By\u0142em ostatnio na ulicy Tatarskiej w Przemy\u015blu i ze zdumieniem zauwa\u017cy\u0142em, \u017ce kamienica pod numerem 3 jest wystawiona na sprzeda\u017c! Niszczeje tylko, a przecie\u017c to tak szczeg\u00f3lne miejsce! \u2013 alarmowa\u0142 nasz Czytelnik. \u2013 Czy nie mo\u017cna przekaza\u0107 jej na muzeum? A mo\u017ce w Przemy\u015blu ju\u017c zapomniano, co tam si\u0119 rozegra\u0142o? \u2013 dopytywa\u0142.<\/span><\/p>\n<p style=\"text-align: left;\"><span style=\"color: #000080;\">W Przemy\u015blu na pewno nie zapomniano o tym, co wydarzy\u0142o si\u0119 podczas II wojny \u015bwiatowej w skromnej i niewielkiej kamieniczce z lat 80. XIX wieku. M\u00f3g\u0142 sobie to zreszt\u0105 obejrze\u0107 ca\u0142y \u015bwiat, bo to tu powstawa\u0142 film \u201eW kryj\u00f3wce milczenia\u201d opowiadaj\u0105cy o tym, jak m\u0142odziutka Stefania Podg\u00f3rska w tej w\u0142a\u015bnie kamienicy, w schowku na strychu ukrywa\u0142a podczas okupacji trzynastoosobow\u0105 \u017cydowsk\u0105 rodzin\u0119 Diamant\u00f3w, u kt\u00f3rej kr\u00f3tko przed wojn\u0105 pracowa\u0142a w sklepie w Przemy\u015blu. W chwili wybuchu wojny Stefcia, zwana tak\u017ce \u201eFusi\u0105\u201d, mia\u0142a zaledwie 14 lat, a jej m\u0142odsza siostra Helenka 6. Dzi\u0119ki heroizmowi tych dziewczynek wszyscy ukrywani przez nie w kamienicy przy Tatarskiej 3 od 1942 roku Diamantowie prze\u017cyli. Po wojnie \u201eFusia\u201d po\u015blubi\u0142a jednego z nich, Maksa, kt\u00f3ry przyj\u0105\u0142 nazwisko J\u00f3\u017cef Burzmi\u0144ski i wraz z nim wyjecha\u0142a najpierw do Wroc\u0142awia, potem do Izraela, a nast\u0119pnie do USA. W 1979 roku Stefania i Helena zosta\u0142y odznaczone medalem \u201eSprawiedliwy w\u015br\u00f3d Narod\u00f3w \u015awiata\u201d.<\/span><\/p>\n<p style=\"text-align: left;\"><span style=\"color: #000080;\">Trzy lata temu Tygodnik \u201eNiedziela\u201d, wspominaj\u0105c wzruszaj\u0105c\u0105 histori\u0119 \u201eFusi\u201d i uratowanych przez ni\u0105 ludzi opisa\u0142 wizyt\u0119 Maksa Diamonta (J\u00f3zefa Burzmi\u0144skiego) w Przemy\u015blu w latach 90. zesz\u0142ego wieku. Mia\u0142 on Wac\u0142awowi Baranowi, kt\u00f3ry w 1982 roku uratowa\u0142 kamienic\u0119 przed rozbi\u00f3rk\u0105 prowadz\u0105c w niej produkcje deficytowych w\u00f3wczas kaloryfer\u00f3w powiedzie\u0107: \u201eProsz\u0119 pilnowa\u0107 tego miejsca, ja tu wr\u00f3c\u0119 i zrobi\u0119 tu muzeum.\u201d<\/span><\/p>\n<p style=\"text-align: left;\"><span style=\"color: #000080;\">Kamienica, kt\u00f3ra od listopada 2013 roku wpisana jest do rejestru zabytk\u00f3w przez wojew\u00f3dzk\u0105 konserwator zabytk\u00f3w, dr Gra\u017cyn\u0119 Stojak, pod numerem A-1196, decyzj\u0105 radnych zosta\u0142a jako mienie miejskie przeznaczona do sprzeda\u017cy. Z naszych informacji wynika, \u017ce odby\u0142y si\u0119 ju\u017c dwa nieudane przetargi zmierzaj\u0105ce do sprzeda\u017cy tego budynku. Specjalnie to nie dziwi, bo budynek jest do kapitalnego remontu, kt\u00f3ry przy opiece konserwatorskiej oznacza naprawd\u0119 spore pieni\u0105dze, kt\u00f3re trzeba na\u0144 wyda\u0107. Co z ni\u0105 dalej b\u0119dzie? Zapytali\u015bmy rzecznika prezydenta Przemy\u015bla, Witolda Wo\u0142czyka, co miasto dalej ma zamiar zrobi\u0107 z tym budynkiem i wkr\u00f3tce mamy otrzyma\u0107 odpowied\u017a. \u2013 Tam powinno by\u0107 minimuzeum Holokaustu \u2013 uwa\u017ca nasz Czytelnik. Ma zapewne sporo racji, pozostaje pytanie, kto chcia\u0142by je tam urz\u0105dzi\u0107\u2026<\/span><\/p>\n<hr style=\"height: 15px; background: #d0e6fa; width: 710px;\" \/>\n<div id=\"content\" class=\"  content-alignment&lt;br \/&gt;&lt;br \/&gt; \">\n<div id=\"watch-description\" class=\"yt-uix-button-panel\">\n<div id=\"watch-description-text\">\n<p style=\"text-align: center;\"><span style=\"color: #808080;\"> twoje uwagi, linki, wlasne artykuly, lub wiadomosci przeslij do: <strong><span style=\"text-decoration: underline;\"><span style=\"color: #808080; text-decoration: underline;\"><a href=\"mailto:webmaster@reunion68.com\">webmaster@reunion68.com<\/a><\/span><\/span><\/strong><\/span><\/p>\n<\/div>\n<\/div>\n<\/div>\n<p>&nbsp;<\/p>\n<hr style=\"width: 710px;\" \/>\n","protected":false},"excerpt":{"rendered":"<p>Kamienica \u201eSprawiedliwych w\u015br\u00f3d Narod\u00f3w \u015awiata\u201d na sprzeda\u017c Monika Kami\u0144ska PRZEMY\u015aL. W czyje r\u0119ce przejdzie przemyski symbol heroizmu w czasach Holokaustu? &#8211; By\u0142em ostatnio na ulicy Tatarskiej w Przemy\u015blu i ze zdumieniem zauwa\u017cy\u0142em, \u017ce kamienica pod numerem 3 jest wystawiona na sprzeda\u017c! Niszczeje tylko, a przecie\u017c to tak szczeg\u00f3lne miejsce! \u2013 alarmowa\u0142 nasz Czytelnik. \u2013 Czy [&hellip;]<\/p>\n","protected":false},"author":1,"featured_media":0,"comment_status":"closed","ping_status":"closed","sticky":false,"template":"","format":"standard","meta":[],"categories":[4],"tags":[24],"_links":{"self":[{"href":"https:\/\/www.reunion68.se\/index.php?rest_route=\/wp\/v2\/posts\/15650"}],"collection":[{"href":"https:\/\/www.reunion68.se\/index.php?rest_route=\/wp\/v2\/posts"}],"about":[{"href":"https:\/\/www.reunion68.se\/index.php?rest_route=\/wp\/v2\/types\/post"}],"author":[{"embeddable":true,"href":"https:\/\/www.reunion68.se\/index.php?rest_route=\/wp\/v2\/users\/1"}],"replies":[{"embeddable":true,"href":"https:\/\/www.reunion68.se\/index.php?rest_route=%2Fwp%2Fv2%2Fcomments&post=15650"}],"version-history":[{"count":14,"href":"https:\/\/www.reunion68.se\/index.php?rest_route=\/wp\/v2\/posts\/15650\/revisions"}],"predecessor-version":[{"id":15653,"href":"https:\/\/www.reunion68.se\/index.php?rest_route=\/wp\/v2\/posts\/15650\/revisions\/15653"}],"wp:attachment":[{"href":"https:\/\/www.reunion68.se\/index.php?rest_route=%2Fwp%2Fv2%2Fmedia&parent=15650"}],"wp:term":[{"taxonomy":"category","embeddable":true,"href":"https:\/\/www.reunion68.se\/index.php?rest_route=%2Fwp%2Fv2%2Fcategories&post=15650"},{"taxonomy":"post_tag","embeddable":true,"href":"https:\/\/www.reunion68.se\/index.php?rest_route=%2Fwp%2Fv2%2Ftags&post=15650"}],"curies":[{"name":"wp","href":"https:\/\/api.w.org\/{rel}","templated":true}]}}