{"id":15810,"date":"2015-03-09T16:10:03","date_gmt":"2015-03-09T14:10:03","guid":{"rendered":"http:\/\/www.reunion68.se\/?p=15810"},"modified":"2015-03-09T18:17:07","modified_gmt":"2015-03-09T16:17:07","slug":"kolejna-rocznica-naszych-wyjazdow-z-gdanskiego","status":"publish","type":"post","link":"https:\/\/www.reunion68.se\/?p=15810","title":{"rendered":"Kolejna Rocznica Naszych Wyjazdow z &#8220;Gdanskiego&#8221;"},"content":{"rendered":"<h5 style=\"text-align: center;\"><span style=\"text-decoration: underline; color: #000080;\"><span style=\"text-decoration: underline;\"><strong>Kolejna Rocznica Naszych Wyjazdow z &#8220;Gdanskiego&#8221;<\/strong><\/span><\/span><\/h5>\n<hr style=\"height: 15px; background: #d0e6fa; width: 710px;\" \/>\n<div style=\"width: 160px\" class=\"wp-caption alignright\"><img decoding=\"async\" class=\"center\" src=\"http:\/\/www.reunion68.com\/Biuletyn\/img\/Elzbieta-M.jpg\" alt=\"\" width=\"150\" \/><p class=\"wp-caption-text\"><span style=\"color: #000080;\"><em>El\u017cbieta Magenheim<\/em><\/span><\/p><\/div>\n<p style=\"text-align: left;\"><span style=\"color: #000080;\">Przy Dworcu Gda\u0144skim pod tablic\u0105 upami\u0119tniaj\u0105c\u0105 wydarzenia Marca 1968 zebra\u0142o si\u0119 wczoraj, \u00f3smego marca kilkadziesi\u0105t os\u00f3b. Znamy si\u0119 z r\u00f3\u017cnych miejsc \u017cydowskiej Warszawy. Z Gminy, stowarzysze\u0144, festiwali, wyk\u0142ad\u00f3w, wystaw, film\u00f3w. Niekt\u00f3rych z nas rok 1968 dotyczy\u0142 bezpo\u015brednio, niekt\u00f3rzy, bez \u017cydowskich korzeni, \u017cegnali wtedy bliskich przyjaci\u00f3\u0142.<\/span><br \/>\n<span style=\"color: #000080;\"> Nie wiem czy by\u0142o nam tam wczoraj do \u0142ez.<\/span><br \/>\n<span style=\"color: #000080;\"> Ci, kt\u00f3rzy wr\u00f3cili niedawno do Polski z tej przymusowej emigracji, a obecni wczoraj, m\u00f3wili, \u017ce przez wyjazd nie zmarnowali \u017cycia. To prawda: wyrzucono ich z Polski, odczuwaj\u0105 \u017cal. Ale s\u0105 zn\u00f3w tutaj. W \u017cyciu osi\u0105gn\u0119li sporo.<\/span><br \/>\n<span style=\"color: #000080;\"> Inni, tacy jak ni\u017cej podpisana, pami\u0119taj\u0105 1968 rok, jako rok \u0142ez i po\u017cegna\u0144 na Dworcu Gda\u0144skim. Pami\u0119tam zap\u0142akan\u0105 Matk\u0119 i wyrzucenie Jej z pracy. A teraz odczuwam \u017cal, \u017ce zabrano mi mo\u017cliwo\u015b\u0107 bywania w Klubie Babel, wyjazd\u00f3w na \u017cydowskie kolonie, nie pozna\u0142am starszych koleg\u00f3w i kole\u017canek z TSK\u017b.<\/span><\/p>\n<p style=\"text-align: left;\"><span style=\"color: #000080;\">Nie uwa\u017cam, \u017ce nale\u017cy sk\u0142ada\u0107 pod tablic\u0105 kwiaty, bo kojarzy mi si\u0119 to z kwiatami uk\u0142adanymi na grobach tych, kt\u00f3rzy odeszli na zawsze. Dworzec Gda\u0144ski to miejsce, gdzie powinni\u015bmy, co roku spotyka\u0107 si\u0119 i rozmawia\u0107 o tym, co sta\u0142o si\u0119 ze spo\u0142eczno\u015bci\u0105 \u017cydowsk\u0105 w Marcu i po nim. Mo\u017ce wypi\u0107 wsp\u00f3lnie kieliszek szampana?<\/span><\/p>\n<p style=\"text-align: right;\"><span style=\"color: #000080;\"><em>El\u017cbieta Magenheim<\/em><\/span><\/p>\n<hr style=\"height: 15px; background: #d0e6fa; width: 710px;\" \/>\n<p><a href=\"http:\/\/www.pc-feliks.net\/PUB\/gdanski\/1.jpg\"><img decoding=\"async\" class=\"center aligncenter\" src=\"http:\/\/www.pc-feliks.net\/PUB\/gdanski\/1.jpg\" alt=\"\" width=\"710\" \/><\/a><\/p>\n<p><a href=\"http:\/\/www.pc-feliks.net\/PUB\/gdanski\/2.jpg\"><img decoding=\"async\" class=\"center aligncenter\" src=\"http:\/\/www.pc-feliks.net\/PUB\/gdanski\/2.jpg\" alt=\"\" width=\"710\" \/><\/a><\/p>\n<p><a href=\"http:\/\/www.pc-feliks.net\/PUB\/gdanski\/3.jpg\"><img decoding=\"async\" class=\"center aligncenter\" src=\"http:\/\/www.pc-feliks.net\/PUB\/gdanski\/3.jpg\" alt=\"\" width=\"710\" \/><\/a><\/p>\n<p><a href=\"http:\/\/www.pc-feliks.net\/PUB\/gdanski\/4.jpg\"><img decoding=\"async\" class=\"center aligncenter\" src=\"http:\/\/www.pc-feliks.net\/PUB\/gdanski\/4.jpg\" alt=\"\" width=\"710\" \/><\/a><\/p>\n<hr style=\"height: 15px; background: #d0e6fa; width: 710px;\" \/>\n<div id=\"content\" class=\"  content-alignment&lt;br \/&gt;&lt;br \/&gt; \">\n<div id=\"watch-description\" class=\"yt-uix-button-panel\">\n<div id=\"watch-description-text\">\n<p style=\"text-align: center;\"><span style=\"color: #808080;\"> twoje uwagi, linki, wlasne artykuly, lub wiadomosci przeslij do: <strong><span style=\"text-decoration: underline;\"><span style=\"color: #808080; text-decoration: underline;\"><a href=\"mailto:webmaster@reunion68.com\">webmaster@reunion68.com<\/a><\/span><\/span><\/strong><\/span><\/p>\n<\/div>\n<\/div>\n<\/div>\n<p>&nbsp;<\/p>\n<hr style=\"width: 710px;\" \/>\n","protected":false},"excerpt":{"rendered":"<p>Kolejna Rocznica Naszych Wyjazdow z &#8220;Gdanskiego&#8221; Przy Dworcu Gda\u0144skim pod tablic\u0105 upami\u0119tniaj\u0105c\u0105 wydarzenia Marca 1968 zebra\u0142o si\u0119 wczoraj, \u00f3smego marca kilkadziesi\u0105t os\u00f3b. Znamy si\u0119 z r\u00f3\u017cnych miejsc \u017cydowskiej Warszawy. Z Gminy, stowarzysze\u0144, festiwali, wyk\u0142ad\u00f3w, wystaw, film\u00f3w. Niekt\u00f3rych z nas rok 1968 dotyczy\u0142 bezpo\u015brednio, niekt\u00f3rzy, bez \u017cydowskich korzeni, \u017cegnali wtedy bliskich przyjaci\u00f3\u0142. Nie wiem czy by\u0142o [&hellip;]<\/p>\n","protected":false},"author":1,"featured_media":0,"comment_status":"closed","ping_status":"closed","sticky":false,"template":"","format":"standard","meta":[],"categories":[4],"tags":[24],"_links":{"self":[{"href":"https:\/\/www.reunion68.se\/index.php?rest_route=\/wp\/v2\/posts\/15810"}],"collection":[{"href":"https:\/\/www.reunion68.se\/index.php?rest_route=\/wp\/v2\/posts"}],"about":[{"href":"https:\/\/www.reunion68.se\/index.php?rest_route=\/wp\/v2\/types\/post"}],"author":[{"embeddable":true,"href":"https:\/\/www.reunion68.se\/index.php?rest_route=\/wp\/v2\/users\/1"}],"replies":[{"embeddable":true,"href":"https:\/\/www.reunion68.se\/index.php?rest_route=%2Fwp%2Fv2%2Fcomments&post=15810"}],"version-history":[{"count":18,"href":"https:\/\/www.reunion68.se\/index.php?rest_route=\/wp\/v2\/posts\/15810\/revisions"}],"predecessor-version":[{"id":15816,"href":"https:\/\/www.reunion68.se\/index.php?rest_route=\/wp\/v2\/posts\/15810\/revisions\/15816"}],"wp:attachment":[{"href":"https:\/\/www.reunion68.se\/index.php?rest_route=%2Fwp%2Fv2%2Fmedia&parent=15810"}],"wp:term":[{"taxonomy":"category","embeddable":true,"href":"https:\/\/www.reunion68.se\/index.php?rest_route=%2Fwp%2Fv2%2Fcategories&post=15810"},{"taxonomy":"post_tag","embeddable":true,"href":"https:\/\/www.reunion68.se\/index.php?rest_route=%2Fwp%2Fv2%2Ftags&post=15810"}],"curies":[{"name":"wp","href":"https:\/\/api.w.org\/{rel}","templated":true}]}}