{"id":16030,"date":"2015-03-12T19:06:35","date_gmt":"2015-03-12T17:06:35","guid":{"rendered":"http:\/\/www.reunion68.se\/?p=16030"},"modified":"2015-03-12T17:58:24","modified_gmt":"2015-03-12T15:58:24","slug":"16030","status":"publish","type":"post","link":"https:\/\/www.reunion68.se\/?p=16030","title":{"rendered":"K\u0142ys: to nie hitlerowcy zdemoralizowali Polak\u00f3w (wywiad)"},"content":{"rendered":"<h5 style=\"text-align: center;\"><a href=\"http:\/\/ksiazki.wp.pl\/\" target=\"_blank\"><img decoding=\"async\" class=\"center alignleft\" src=\"http:\/\/www.reunion68.com\/Biuletyn\/img\/wp1.png\" alt=\"\" \/><\/a><span style=\"text-decoration: underline; color: #000080;\"><span style=\"text-decoration: underline;\"><strong><a style=\"color: #000080; text-decoration: underline;\" href=\"http:\/\/ksiazki.wp.pl\/tytul,Klys-to-nie-hitlerowcy-zdemoralizowali-Polakow-wywiad,wid,21217,wywiad.html?ticaid=1147e9\" target=\"_blank\">K\u0142ys: to nie hitlerowcy zdemoralizowali Polak\u00f3w (wywiad)<\/a><\/strong><\/span><\/span><\/h5>\n<hr style=\"height: 15px; background: #d0e6fa; width: 710px;\" \/>\n<p><img decoding=\"async\" class=\" alignright\" src=\"http:\/\/www.publio.pl\/files\/product\/big\/d2\/de\/e0\/115781-tajemnica-pana-cukra-anna-k-klys-1.jpg\" alt=\"\" width=\"350\" border=\"1\" \/><\/p>\n<p style=\"text-align: left;\"><span style=\"color: #000080;\"><strong>&#8211; Oboj\u0119tno\u015b\u0107, a nawet wrogo\u015b\u0107 du\u017cej cz\u0119\u015bci polskiego spo\u0142ecze\u0144stwa wobec \u017byd\u00f3w podczas okupacji to kontynuacja antysemickich nastroj\u00f3w z lat 30. &#8211; uwa\u017ca Anna K\u0142ys, autorka ksi\u0105\u017cki &#8220;<span style=\"color: #800000;\">Tajemnica pana Cukra&#8221;<\/span>, kt\u00f3ra trafi do ksi\u0119gar\u0144 w po\u0142owie marca.<\/strong><\/span><\/p>\n<p style=\"text-align: left;\"><span style=\"color: #000080;\"><span style=\"color: #800000;\">&#8220;Tajemnica pana Cukra&#8221;<\/span> to reporta\u017c, kt\u00f3ry poprzez histori\u0119 \u017cycia jednego cz\u0142owieka pr\u00f3buje pokaza\u0107 atmosfer\u0119 lat 30. w Polsce i sytuacj\u0119 \u017byd\u00f3w w spo\u0142ecze\u0144stwie. Histori\u0119 pana Cukra uzupe\u0142niaj\u0105 przytoczone przez autork\u0119 wspomnienia innych Polak\u00f3w narodowo\u015bci \u017cydowskiej z lat 30.<\/span><\/p>\n<p style=\"text-align: left;\"><span style=\"color: #333333;\"><strong>PAP: &#8220;Tajemnica Pana Cukra&#8221; to ksi\u0105\u017cka &#8211; oskar\u017cenie polskiej pami\u0119ci historycznej, bardzo mocne. Z pani opowie\u015bci wynika, \u017ce idealizujemy II RP ignoruj\u0105c fakt, \u017ce w latach 30. \u017bydzi, stanowi\u0105cy ok. 10 proc. spo\u0142ecze\u0144stwa, traktowani byli jako obywatele II kategorii i znacznie cz\u0119\u015bciej ni\u017c zapami\u0119tali\u015bmy przytrafia\u0142y si\u0119 przypadki ich bezpo\u015brednich prze\u015bladowa\u0144 &#8211; rabunku i bicia.<\/strong><\/span><\/p>\n<p style=\"text-align: left;\"><span style=\"color: #000080;\"><span style=\"color: #333333;\"><strong>Anna K\u0142ys:<\/strong><\/span> Nie oskar\u017cam i nie broni\u0119, zw\u0142aszcza na si\u0142\u0119. Opowiadam o niesprawiedliwo\u015bci. Dla mnie obie strony konfliktu s\u0105 godne wsp\u00f3\u0142czucia. I skrajnie biedni ch\u0142opi-chrze\u015bcijanie i sko\u0142owani przez przyw\u00f3dc\u00f3w politycznych studenci i pozbawieni \u015brodk\u00f3w do \u017cycia Polacy narodowo\u015bci \u017cydowskiej i studenci-\u017bydzi, kt\u00f3rym w wolnym, demokratycznym pa\u0144stwie, wbrew Konstytucji zakazuje si\u0119 uczy\u0107. I je\u015bli przyjmiemy t\u0119 wiedz\u0119, je\u015bli przeanalizujemy, do czego prowadzi propaganda, pogarda to nie b\u0119dziemy si\u0119 czuli jak winni czy wiecznie rozliczani z grzech\u00f3w przesz\u0142ych pokole\u0144. Cokolwiek si\u0119 wydarzy\u0142o, niezale\u017cnie od tego, jak bardzo to by\u0142o z\u0142e, nie mo\u017cemy udawa\u0107, \u017ce &#8220;to nie my&#8221;, bo utoniemy w tych wszystkich przemilczeniach i k\u0142amstwach.<\/span><\/p>\n<p style=\"text-align: left;\"><span style=\"color: #333333;\"><strong>Pod fraz\u0105 &#8220;anty\u017cydowskie hece i zaj\u015bcia&#8221;, jak zapisa\u0142o si\u0119 to w polskiej pami\u0119ci historycznej, kryj\u0105 si\u0119 cz\u0119sto regularne pogromy &#8211; jak te opisane przez pani\u0105 w Przytyku, Brze\u015bciu czy Mi\u0144sku Mazowieckim w 1936 r.<\/strong><\/span><\/p>\n<p style=\"text-align: left;\"><img decoding=\"async\" class=\" alignleft\" src=\"http:\/\/get-2.wpapi.wp.pl\/?a=65495693&amp;f=00\/07\/FD\/0007FD9E_original_43EE8FFED87D9A79.jpg\" alt=\"\" border=\"1\" \/><\/p>\n<p style=\"text-align: left;\"><span style=\"color: #000080;\">Nie u\u017cywam s\u0142owa &#8220;pogrom&#8221;, poniewa\u017c pobicia, podpalenia i zab\u00f3jstwa kilku os\u00f3b maj\u0105 si\u0119 nijak do pogrom\u00f3w, kt\u00f3re wydarzy\u0142y si\u0119 w Imperium Rosyjskim, w Galicji czy na Ukrainie, w kt\u00f3rych, w zale\u017cno\u015bci od \u017ar\u00f3de\u0142, zamordowano od 50 do 250 tys. ludzi. Bicie, niszczenie, okradanie, a w ko\u0144cu morderstwo &#8211; to wystarczaj\u0105co mocne s\u0142owa, oddaj\u0105ce rzeczywiste wydarzenia. Pierwszym takim wypadkiem, kt\u00f3ry w latach 30. otworzy\u0142 ca\u0142\u0105 ich seri\u0119, by\u0142o nieopisane przeze mnie &#8220;zaj\u015bcie&#8221; z 7 czerwca 1935 r. w Grodnie. Tak jak za ka\u017cdym razem, zacz\u0119\u0142o si\u0119 od wypadku, od przypadkowego zab\u00f3jstwa marynarza w trakcie b\u00f3jki o dziewczyn\u0119, a sko\u0144czy\u0142o si\u0119 na zniszczeniu dom\u00f3w, sklep\u00f3w, warsztat\u00f3w \u017cydowskich, kilkudziesi\u0119ciu rannych i dw\u00f3ch zabitych \u017bydach. P\u00f3\u017aniej podobne wydarzenia mia\u0142y miejsce m.in. w Przytyku, Mi\u0144sku Mazowieckim, Cz\u0119stochowie, Brze\u015bciu nad Bugiem, Bielsku. To by\u0142y naprawd\u0119 przera\u017caj\u0105ce zaj\u015bcia, podczas kt\u00f3rych na chodnikach le\u017ca\u0142a gruba warstwa rozbitego szk\u0142a, ludzie bali si\u0119 wyj\u015b\u0107 z domu nawet po chleb, byli ranni i ofiary \u015bmiertelne po obu stronach konfliktu.<\/span><\/p>\n<p style=\"text-align: left;\"><strong><span style=\"color: #333333;\">Opisuje pani te\u017c getto \u0142awkowe, kt\u00f3re w drugiej po\u0142owie lat 30. zosta\u0142o wprowadzone przez wi\u0119kszo\u015b\u0107 rektor\u00f3w polskich uczelni. Studenci \u017cydowscy nie tylko byli izolowani, ale te\u017c cz\u0119sto bici przez polskich koleg\u00f3w, co niestety przeczy teorii o ograniczeniu antysemityzmu w Polsce do niewykszta\u0142conego ch\u0142opstwa.<\/span><\/strong><\/p>\n<p style=\"text-align: left;\"><span style=\"color: #000080;\">Wroga postawa wobec Polak\u00f3w narodowo\u015bci \u017cydowskiej nie mia\u0142a ani ogranicze\u0144 klasowych, ani geograficznych. W\u0142a\u015bciwie mo\u017cna powiedzie\u0107, \u017ce tylko lewica &#8211; robotnicy, inteligencja, arty\u015bci &#8211; nie wyra\u017ca\u0142a antysemityzmu, a nawet wr\u0119cz przeciwnie. Wra\u017cliwo\u015b\u0107, poczucie sprawiedliwo\u015bci spo\u0142ecznej nie ma jakiego\u015b koloru politycznego, ale cz\u0119\u015bciej trafia\u0142a si\u0119 na lewicy. Nastroje antysemickie w latach 30. dosz\u0142y do g\u0142osu w ca\u0142ym kraju. Pisz\u0119 o Poznaniu, Warszawie, Cz\u0119stochowie, Lwowie, Wilnie, Krakowie, o ma\u0142ych miastach i miasteczkach od zachodnich kres\u00f3w po wschodnie &#8211; wsz\u0119dzie by\u0142o podobnie. Czytaj\u0105c pami\u0119tniki os\u00f3b narodowo\u015bci \u017cydowskiej urodzonych przed II Wojn\u0105 \u015awiatow\u0105 ci\u0105gle natyka\u0142am si\u0119 na informacje, \u017ce nie mogli uko\u0144czy\u0107 szko\u0142y, studi\u00f3w, \u017ce nie mieli pracy i perspektyw, \u017ce kto\u015b ich pobi\u0142 na ulicy, \u017ce bali si\u0119 chodzi\u0107 chodnikiem, je\u015bli naprzeciw szli ch\u0142opcy z Obozu Wielkiej Polski.<\/span><\/p>\n<p style=\"text-align: right;\"><a style=\"color: #000080; text-decoration: underline;\" href=\"http:\/\/ksiazki.wp.pl\/tytul,Klys-to-nie-hitlerowcy-zdemoralizowali-Polakow-wywiad,wid,21217,wywiad.html?ticaid=1147e9\" target=\"_blank\">K\u0142ys: <span style=\"text-decoration: underline;\"><strong>to nie hitlerowcy zdemoralizowali Polak\u00f3w (wywiad)<\/strong><\/span><\/a><\/p>\n<hr style=\"height: 15px; background: #d0e6fa; width: 710px;\" \/>\n<div id=\"content\" class=\"  content-alignment&lt;br \/&gt;&lt;br \/&gt; \">\n<div id=\"watch-description\" class=\"yt-uix-button-panel\">\n<div id=\"watch-description-text\">\n<p style=\"text-align: center;\"><span style=\"color: #808080;\"> twoje uwagi, linki, wlasne artykuly, lub wiadomosci przeslij do: <strong><span style=\"text-decoration: underline;\"><span style=\"color: #808080; text-decoration: underline;\"><a href=\"mailto:webmaster@reunion68.com\">webmaster@reunion68.com<\/a><\/span><\/span><\/strong><\/span><\/p>\n<\/div>\n<\/div>\n<\/div>\n<p>&nbsp;<\/p>\n<hr style=\"width: 710px;\" \/>\n","protected":false},"excerpt":{"rendered":"<p>K\u0142ys: to nie hitlerowcy zdemoralizowali Polak\u00f3w (wywiad) &#8211; Oboj\u0119tno\u015b\u0107, a nawet wrogo\u015b\u0107 du\u017cej cz\u0119\u015bci polskiego spo\u0142ecze\u0144stwa wobec \u017byd\u00f3w podczas okupacji to kontynuacja antysemickich nastroj\u00f3w z lat 30. &#8211; uwa\u017ca Anna K\u0142ys, autorka ksi\u0105\u017cki &#8220;Tajemnica pana Cukra&#8221;, kt\u00f3ra trafi do ksi\u0119gar\u0144 w po\u0142owie marca. &#8220;Tajemnica pana Cukra&#8221; to reporta\u017c, kt\u00f3ry poprzez histori\u0119 \u017cycia jednego cz\u0142owieka pr\u00f3buje [&hellip;]<\/p>\n","protected":false},"author":1,"featured_media":0,"comment_status":"closed","ping_status":"closed","sticky":false,"template":"","format":"standard","meta":[],"categories":[6],"tags":[24],"_links":{"self":[{"href":"https:\/\/www.reunion68.se\/index.php?rest_route=\/wp\/v2\/posts\/16030"}],"collection":[{"href":"https:\/\/www.reunion68.se\/index.php?rest_route=\/wp\/v2\/posts"}],"about":[{"href":"https:\/\/www.reunion68.se\/index.php?rest_route=\/wp\/v2\/types\/post"}],"author":[{"embeddable":true,"href":"https:\/\/www.reunion68.se\/index.php?rest_route=\/wp\/v2\/users\/1"}],"replies":[{"embeddable":true,"href":"https:\/\/www.reunion68.se\/index.php?rest_route=%2Fwp%2Fv2%2Fcomments&post=16030"}],"version-history":[{"count":30,"href":"https:\/\/www.reunion68.se\/index.php?rest_route=\/wp\/v2\/posts\/16030\/revisions"}],"predecessor-version":[{"id":16039,"href":"https:\/\/www.reunion68.se\/index.php?rest_route=\/wp\/v2\/posts\/16030\/revisions\/16039"}],"wp:attachment":[{"href":"https:\/\/www.reunion68.se\/index.php?rest_route=%2Fwp%2Fv2%2Fmedia&parent=16030"}],"wp:term":[{"taxonomy":"category","embeddable":true,"href":"https:\/\/www.reunion68.se\/index.php?rest_route=%2Fwp%2Fv2%2Fcategories&post=16030"},{"taxonomy":"post_tag","embeddable":true,"href":"https:\/\/www.reunion68.se\/index.php?rest_route=%2Fwp%2Fv2%2Ftags&post=16030"}],"curies":[{"name":"wp","href":"https:\/\/api.w.org\/{rel}","templated":true}]}}