{"id":16062,"date":"2015-03-13T19:10:49","date_gmt":"2015-03-13T17:10:49","guid":{"rendered":"http:\/\/www.reunion68.se\/?p=16062"},"modified":"2015-03-13T18:48:17","modified_gmt":"2015-03-13T16:48:17","slug":"16062","status":"publish","type":"post","link":"https:\/\/www.reunion68.se\/?p=16062","title":{"rendered":"\u017bycie \u017cydowskie marzec (2)"},"content":{"rendered":"<h5 style=\"text-align: center;\"><a href=\"http:\/\/drugiepokolenie.org.pl\/?lang=en\" target=\"_blank\"><img decoding=\"async\" class=\"center alignleft\" src=\"http:\/\/www.reunion68.com\/Biuletyn\/img\/drugie-p.png \" alt=\"\" width=\"710\" \/><\/a><span style=\"text-decoration: underline; color: #000080;\"><span style=\"text-decoration: underline;\"><strong><a style=\"color: #000080; text-decoration: underline;\" href=\"http:\/\/drugiepokolenie.org.pl\/?lang=en\" target=\"_blank\">\u017bycie \u017cydowskie marzec (2)<\/a><\/strong><\/span><\/span><\/h5>\n<hr style=\"height: 15px; background: #d0e6fa; width: 710px;\" \/>\n<p style=\"text-align: center;\"><a href=\"http:\/\/www.reunion68.com\/Biuletyn\/img\/M68_grafika.jpg\"><img decoding=\"async\" class=\"center alignright\" src=\"http:\/\/www.reunion68.com\/Biuletyn\/img\/M68_grafika.jpg\" alt=\"\" width=\"350\" \/><\/a><strong>Drodzy,<\/strong><\/p>\n<p style=\"text-align: center;\"><span style=\"color: #333333;\"> <span style=\"color: #000080;\">Wiosna dopiero zbli\u017ca si\u0119\u2026.. \u017cydowskie \u017cycie kwitnie<\/span><\/span><\/p>\n<p style=\"text-align: left;\"><span style=\"color: #000080;\"> <strong>DRUGOPOKOLENIOWE<br \/>\n<\/strong><\/span><br \/>\n<span style=\"color: #000080;\"> <strong>JUTRO, 14 marca sobota godz. 17.00<\/strong> \u2013 start kina POD DW\u00d3JK\u0104 filmem <em>M\u00f3j najszcz\u0119\u015bliwszy dzie\u0144<\/em>; ogl\u0105damy w towarzystwie re\u017cysera Pana Micha\u0142a Bukojemskiego, natomiast bohatera \u2013 Mariana Turskiego &#8211; b\u0119dziemy go\u015bci\u0107 podczas Zjazdu w \u015ar\u00f3dborowie; poza filmem w programie: rozmowy, kawa, herbata, napoje, drobny pocz\u0119stunek. W\u0142asne wypieki, napoje, orzeszki, owoce mile widziane, ale nieobowi\u0105zkowe!<\/span><\/p>\n<p style=\"text-align: left;\"><span style=\"color: #000080;\"><strong>SEDER<\/strong> <strong>POD DW\u00d3JK\u0104<\/strong> (3 kwietnia) z przykro\u015bci\u0105 informujemy, \u017ce nie ma ju\u017c miejsc, &#8220;rozesz\u0142y&#8221; si\u0119 jak ciep\u0142e bu\u0142eczki; b\u0119dziemy informowa\u0107 o sederach w innych miejscach. Zg\u0142oszeni uczestnicy otrzymaja odrebny list.<\/span><\/p>\n<p style=\"text-align: left;\"><span style=\"color: #000080;\">\u00a0<strong>ZJAZD w \u015aR\u00d3DBOROWIE &#8211; <\/strong>zg\u0142oszeni uczestnicy wkr\u00f3tce otrzymaj\u0105 informacje<\/span><\/p>\n<p style=\"text-align: left;\"><span style=\"color: #000080;\">\u00a0<strong>POMYS\u0141Y<\/strong>: czekamy na Wasze pomys\u0142y warsztat\u00f3w\/wyk\u0142ad\u00f3w\/spotka\u0144, kt\u00f3re mog\u0105 by\u0107 interesuj\u0105ce dla \u015brodowiska drugiego pokolenia (w podanych poni\u017cej terminach pi\u0105tkowych i sobotnich). \u00a0<\/span><\/p>\n<p style=\"text-align: left;\"><span style=\"color: #000080;\"> Proponujcie, co chcieliby\u015bcie, by znalaz\u0142o si\u0119 POD DW\u00d3JK\u0104. Kogo chcecie zaprosi\u0107, jaki film wsp\u00f3lnie obejrze\u0107, jaki warsztat zorganizowa\u0107, o czym pos\u0142ucha\u0107? Jeste\u015bmy ju\u017c u siebie!<\/span><\/p>\n<p style=\"text-align: left;\"><span style=\"color: #000080;\"> <strong>CYKLICZNE SPOTKANIA POD DW\u00d3JK\u0104<\/strong>, poni\u017cej proponowane daty spotka\u0144 do ko\u0144ca czerwca 2015. Terminy s\u0105 orientacyjne, a o wszystkich dzia\u0142aniach b\u0119dziemy, tak jak dotychczas, informowa\u0107 mailami na bie\u017c\u0105co.<\/span><\/p>\n<ul>\n<li style=\"text-align: left;\"><span style=\"color: #000080;\">\u015arody &#8211; posiedzenia zarz\u0105du: zapraszamy cz\u0142onk\u00f3w Stowarzyszenia na cz\u0119\u015b\u0107 otwart\u0105 w godz. 18.00-19.00, po potwierdzeniu mailowym, cz\u0119\u015b\u0107 zamkni\u0119ta 19.00-21.00.<\/span><\/li>\n<li style=\"text-align: left;\"><span style=\"color: #000080;\">marzec: 18, 25; kwiecie\u0144: 1, 8, 15, 22, 29; maj: 6, 13, 20, 27; czerwiec: 3, 10, 17, 24.<\/span><\/li>\n<li style=\"text-align: left;\"><span style=\"color: #000080;\">Pi\u0105tki parzyste w godz. od 15.00 do 21.00 lub d\u0142u\u017cej, spotkania z zaproszonymi go\u015b\u0107mi lub bez, czasem wsp\u00f3lna kolacja: marzec 20; kwiecie\u0144 10, 24, maj 8, 22, czerwiec: 12<\/span><\/li>\n<li style=\"text-align: left;\"><span style=\"color: #000080;\">Soboty drugie w miesi\u0105cu \u2013 od godz. 17.00 podwieczorki z zaproszonymi go\u015b\u0107mi lub bez, czynne do ostatniego go\u015bcia \ud83d\ude42 11 kwietnia, 9 maja, 13 czerwca<\/span><\/li>\n<li style=\"text-align: left;\"><span style=\"color: #000080;\"> <strong>KONTAKT<\/strong> telefoniczny ze Stowarzyszeniem: w parzyste pi\u0105tki i drugie soboty: 620-43-24 wew. 105 oraz kom\u00f3rkowy 507 436 017, domofon nr 4<\/span><\/li>\n<\/ul>\n<p style=\"text-align: left;\"><span style=\"color: #000080;\"> <strong>KSI\u0104\u017bKI<\/strong> i inne publikacje \u2013 przypominamy o mo\u017cliwo\u015bci ich przynoszenia. Mamy DWA rega\u0142y, a nich miejsce na ksi\u0105\u017cki, czasopisma z &#8220;naszej tematyki&#8221;. Mo\u017cna przynosi\u0107 to, co ju\u017c przeczytali\u015bcie, a czego nie musicie lub nie chcecie mie\u0107 na w\u0142asnych p\u00f3\u0142kach. Mo\u017cna je czyta\u0107 na miejscu lub po\u017cycza\u0107. Poza ksi\u0105\u017ckami i czasopismami mile widziane filmy na p\u0142ytach CD, gry planszowe, karty, puzzle etc.<\/span><br \/>\n<span style=\"color: #000080;\"> Poza p\u00f3\u0142kami jest tak\u017ce wielkie pud\u0142o dla \u201eKsi\u0105\u017cek w Pudle\u201d &#8211; mo\u017cna do niego wk\u0142ada\u0107 r\u00f3\u017cnotematyczne ksi\u0105\u017cki, a jak si\u0119 uzbiera &#8220;s\u0142uszna porcja&#8221; oddamy Marysi D\u0105browskiej do dalszej dystrybucji, czyli do zak\u0142ad\u00f3w karnych:<span style=\"text-decoration: underline;\"><strong> <a style=\"color: #000080; text-decoration: underline;\" href=\"http:\/\/www.ksiazkiwpudle.zmiana.net.pl\" target=\"_blank\">http:\/\/www.ksiazkiwpudle.zmiana.net.pl<\/a><\/strong><\/span><\/span><\/p>\n<p style=\"text-align: left;\"><span style=\"color: #000080;\"> <strong>WEJ\u015aCIE POD DW\u00d3JK\u0118<\/strong> wiedzie przez niewielki pawilonik, w kt\u00f3rym pracownik Ochrony mo\u017ce poprosi\u0107 o okazanie dowodu osobistego. Czasem mo\u017ce te\u017c zajrze\u0107 do torby lub plecaka. \u00a0<\/span><span style=\"color: #000080;\">Robi \u00a0to dla bezpiecze\u0144stwa nas wszystkich, wi\u0119c prosimy o wyrozumia\u0142o\u015b\u0107. Wej\u015bcie do nas, PRAW\u0104 klatk\u0105 schodow\u0105. Wjazd wind\u0105 tylko klatk\u0105 lew\u0105. Gdyby kto\u015b nie m\u00f3g\u0142 trafi\u0107, prosz\u0119 o telefon 507 436 017<\/span><\/p>\n<p style=\"text-align: left;\"><span style=\"color: #000080;\"> <strong>U INNYCH<\/strong><\/span><br \/>\n<span style=\"color: #000080;\"> <strong>14 marca sobota godz. 19.00<\/strong> Warszawa, Klub Stodo\u0142a; 15 marca niedziela godz. 20.00 Krak\u00f3w, Klub Studio \u2013 koncerty Asafa Avidana, jednego z najbardziej znanych na \u015bwiecie izraelskich muzyk\u00f3w rockowych; podczas koncert\u00f3w jako support &#8211; izraelska piosenkarka Flora; wi\u0119cej\u00a0 <strong><span style=\"text-decoration: underline;\"><a style=\"color: #000080; text-decoration: underline;\" href=\"http:\/\/embassies.gov.il\/warsaw\/newsAndEvents\/calendar-of-events\/Pages\/2015\/2015-03-Asaf-Avidan-na-koncertach-w-Polsce.aspx\" target=\"_blank\">http:\/\/embassies.gov.il\/warsaw\/newsAndEvents\/calendar-of-events\/Pages\/2015\/2015-03-Asaf-Avidan-na-koncertach-w-Polsce.aspx<\/a><\/span><\/strong><\/span><\/p>\n<p style=\"text-align: left;\"><span style=\"color: #000080;\"><strong>14 marca sobota godz. 19.00<\/strong> Gda\u0144sk, Nowa Synagoga, ul. Partyzant\u00f3w 7, nowa gda\u0144ska scena artystyczna zaprasza na od\u015bwie\u017con\u0105 wersj\u0119 kabaretu &#8220;Tuwim or not Tuwim&#8221;; nowe utwory w \u015bwie\u017cych aran\u017cacjach; rezerwacje bilet\u00f3w 20\/25 z\u0142 <span style=\"text-decoration: underline;\"><strong><a style=\"color: #000080; text-decoration: underline;\" href=\"mailto:festiwalzblizenia@gmail.com\">festiwalzblizenia@gmail.com<\/a><\/strong><\/span><\/span><\/p>\n<p style=\"text-align: left;\"><span style=\"color: #000080;\"> <strong>15 marca niedziela godz. 13.00<\/strong>, JCC Chmielna 9A, Purimszpil w wykonaniu senior\u00f3w z gminnej grupy teatralnej SeniorSzpil czyli nowa interpretacja historii purimowej; wi\u0119cej <span style=\"text-decoration: underline;\"><strong><a style=\"color: #000080; text-decoration: underline;\" href=\"http:\/\/jccwarszawa.pl\/news\/81\/n\/454\" target=\"_blank\">http:\/\/jccwarszawa.pl\/news\/81\/n\/454<\/a><\/strong><\/span><\/span><\/p>\n<p style=\"text-align: left;\"><span style=\"color: #000080;\"><strong>15 marca niedziela godz. 16.00 Purim we Wroc\u0142awiu, szczeg\u00f3\u0142y w za\u0142\u0105czniku<\/strong><\/span><\/p>\n<p><img decoding=\"async\" class=\"center aligncenter\" src=\"http:\/\/www.reunion68.com\/Biuletyn\/img\/Purim_Wroclaw.jpg\" alt=\"\" width=\"708\" \/><\/p>\n<p style=\"text-align: left;\"><span style=\"color: #000080;\"><strong>15 marca niedziela godz. 19.00<\/strong> Krak\u00f3w, Muzeum Galicja; krakowska premiera Beriozkele \u2013 albumu z ko\u0142ysankami i pie\u015bniami wieczornymi jidysz, nastrojem i tematyk\u0105 zwi\u0105zanych z noc\u0105, cisz\u0105, snem.<\/span><\/p>\n<p style=\"text-align: left;\"><span style=\"color: #000080;\"> <strong>16 marca poniedzia\u0142ek godz. 18.00<\/strong> Muzeum POLIN, <em>Czy jedzenie mi\u0119sa jest potrzebne, w\u0142a\u015bciwe, nieuniknione?<\/em> spotkanie z cyklu Uwierzy\u0107 w Muzeum?, wi\u0119cej <strong><span style=\"text-decoration: underline;\"><a style=\"color: #000080; text-decoration: underline;\" href=\"http:\/\/www.polin.pl\/pl\/wydarzenie\/czy-jedzenie-miesa-jest-potrzebne-wlasciwe-nieuniknione\" target=\"_blank\">http:\/\/www.polin.pl\/pl\/wydarzenie\/czy-jedzenie-miesa-jest-potrzebne-wlasciwe-nieuniknione<\/a><\/span><\/strong><\/span><\/p>\n<p style=\"text-align: left;\"><span style=\"color: #000080;\"> <strong>16 marca poniedzia\u0142ek godz. 18.00<\/strong> Pozna\u0144, prezentacja ksi\u0105\u017cki \u201eZ Jass do Jerozolimy\u201d autorstwa Leona Volovici <span style=\"text-decoration: underline;\"><strong>http:\/\/www.icr.ro\/warszawa\/wydarzenia\/prezentacja-ksiazki-z-jass-do-jerozolimy-autorstwa-leona-volovici.html<\/strong><\/span><\/span><\/p>\n<p style=\"text-align: left;\"><span style=\"color: #000080;\"> <strong>16 marca poniedzia\u0142ek godz. 19.00<\/strong> Teatr Studio, &#8220;Obecno\u015b\u0107&#8221; &#8211; promocja ksi\u0105\u017cki Remigiusza Grzeli wi\u0119cej <strong><span style=\"text-decoration: underline;\"><a style=\"color: #000080; text-decoration: underline;\" href=\"http:\/\/teatrstudio.pl\/aktualnosci\/news,310,obecno%C5%9B%C4%87-promocja-ksi%C4%85%C5%BCki-remigiusza-grzeli\">http:\/\/teatrstudio.pl\/aktualnosci\/news,310,obecno%C5%9B%C4%87-promocja-ksi%C4%85%C5%BCki-remigiusza-grzeli<\/a><\/span><\/strong>; zaproszenie otrzymali\u015bmy od jednej z bohaterek ksi\u0105\u017cki &#8211; Inki Sobolewskiej-Pyz \u2013 przewodnicz\u0105cej Stowarzyszenia Dzieci Holokaustu w Polsce, dzi\u0119kujemy.<\/span><\/p>\n<p style=\"text-align: left;\"><span style=\"color: #000080;\"> <strong>17 marca wtorek godz. 11.00<\/strong> \u017bydowski Instytut Historyczny <em>Przed, w i po marcu 1968 r.<\/em>; dr hab. Tadeusz P. Rutkowski; wi\u0119cej <a style=\"color: #000080;\" href=\"http:\/\/www.jhi.pl\/blog\/2015-02-23-zydowski-instytut-historyczny-przed-w-i-po-marcu-1968-r\" target=\"_blank\">http:\/\/www.jhi.pl\/blog\/2015-02-23-zydowski-instytut-historyczny-przed-w-i-po-marcu-1968-r<\/a><\/span><\/p>\n<p style=\"text-align: left;\"><span style=\"color: #000080;\"> <strong>17 marca wtorek godz. 19.00<\/strong> JCC Chmielna 9A, Bima, czytanie performatywne dramatu Tomasza \u015apiewaka pt.: <em>&#8220;Polacas Work in Progress&#8221;<\/em> re\u017c. Doroty Ignatjew, wst\u0119p wolny, zapisy <a style=\"color: #000080;\" href=\"mailto:biuro@jccwarszawa.pl\">biuro@jccwarszawa.pl<\/a> (z dopiskiem BIMA)<\/span><\/p>\n<p style=\"text-align: left;\"><span style=\"color: #000080;\"> <strong>18 marca \u015broda godz. 18.00<\/strong> JCC Warszawa, Franciszek Bojanczyk opowie o \u017cydowskich ruchach m\u0142odzie\u017cowych w II RP, pierwsze spotkanie z cyklu o fenomenie \u017cydowskich ruch\u00f3w m\u0142odzie\u017cowych i harcerskich w Polsce przed II wojn\u0105 \u015bwiatow\u0105, HASZOMER HACAIR, CUKUNFT, DROR, AKIVA czy BEITAR, kt\u00f3re powstawa\u0142y i pr\u0119\u017cnie dzia\u0142a\u0142y w Polsce.<\/span><\/p>\n<p style=\"text-align: left;\"><span style=\"color: #000080;\"> <strong>19 marca czwartek godz. 18.00<\/strong> DSH Karowa &#8220;My, ludzie z marca&#8221;, spotkanie autorskie Piotra Os\u0119ki, wi\u0119cej <a style=\"color: #000080;\" href=\"http:\/\/www.dsh.waw.pl\/pl\/kalendarz\/19-03-2015\">http:\/\/www.dsh.waw.pl\/pl\/kalendarz\/19-03-2015<\/a><\/span><\/p>\n<p style=\"text-align: left;\"><span style=\"color: #000080;\"> <strong>22 marca niedziela godz. 15.00<\/strong> Dom Kultury Dzia\u0142dowska 6, w 47. rocznic\u0119 Marca&#8217;68 wyk\u0142ad Artura Hofmana <em>Przyczyny emigracji \u017byd\u00f3w z Polski w latach 1956-1968<\/em>, koncert piosenek Nataszy Zylskiej; wst\u0119p za bezp\u0142atnymi wej\u015bci\u00f3wkami, do odbioru w DK Dzia\u0142dowska; wi\u0119cej w za\u0142\u0105czniku<\/span><\/p>\n<p style=\"text-align: left;\"><span style=\"color: #000080;\"> <strong>24 marca wtorek godz. 11.00<\/strong> ZIH, <em>Tajemnice C\u017bKH,<\/em> dr Agnieszka Haska, wi\u0119cej <strong><span style=\"text-decoration: underline;\"><a style=\"color: #000080; text-decoration: underline;\" href=\"http:\/\/www.jhi.pl\/blog\/2015-02-23-tajemnice-czkh\">http:\/\/www.jhi.pl\/blog\/2015-02-23-tajemnice-czkh<\/a><\/span><\/strong><\/span><\/p>\n<p style=\"text-align: left;\"><span style=\"color: #000080;\"> <strong>24 marca wtorek godz. 19.00<\/strong> DSH, ul. Karowa 20 spotkanie z Miko\u0142ajem Grynbergiem autorem ksi\u0105\u017cki \u201eOskar\u017cam Auschwitz\u201d, poprowadzi Sylwia Chutnik<\/span><\/p>\n<p style=\"text-align: left;\"><span style=\"color: #000080;\"> <strong>25 marca \u015broda godz.17.30<\/strong> Austriackie Forum Kultury, Pr\u00f3\u017cna 7\/9, &#8220;W poszukiwaniu utraconego krajobrazu&#8221; oraz spotkanie z re\u017cyserem filmu Leo Kantorem; zaproszenie w za\u0142aczniku<\/span><\/p>\n<p style=\"text-align: left;\"><span style=\"color: #000080;\"> <strong>INNE<\/strong><\/span><br \/>\n<span style=\"color: #000080;\"> <strong>Pomnik Sprawiedliwych <\/strong>&#8211; trwa akcja zbierania podpis\u00f3w pod listem przeciwko lokalizacji Pomnika Sprawiedliwych Je\u015bli nie zgadzasz si\u0119 z proponowan\u0105 lokacj\u0105 pomnika to mo\u017cesz &#8220;polubi\u0107&#8221; stron\u0119 <strong><span style=\"text-decoration: underline;\"><a style=\"color: #000080; text-decoration: underline;\" href=\"https:\/\/www.facebook.com\/pages\/Czy-upami%C4%99tni%C4%87-Sprawiedliwych-na-terenie-by%C5%82ego-getta\/1457448724499165?fref=ts\" target=\"_blank\">https:\/\/www.facebook.com\/pages\/Czy-upami%C4%99tni%C4%87-Sprawiedliwych-na-terenie-by%C5%82ego-getta\/1457448724499165?fref=ts<\/a><\/span><\/strong><\/span><br \/>\n<span style=\"color: #000080;\"> &#8220;Niefejsbukowi&#8221; &#8211; napiszcie do nas, przeka\u017cemy podpis organizatorom &#8211; jest nim drugie pokolenie mieszkaj\u0105ce poza polsk\u0105, w wi\u0119kszo\u015bci emigranci Marca &#8217;68. Tu jest list historyk\u00f3w w tej sprawie<strong><span style=\"text-decoration: underline;\"> <a style=\"color: #000080; text-decoration: underline;\" href=\"https:\/\/www.facebook.com\/notes\/1578401732403863\/\" target=\"_blank\">https:\/\/www.facebook.com\/notes\/1578401732403863\/<\/a><\/span><\/strong><\/span><\/p>\n<p style=\"text-align: left;\"><span style=\"color: #000080;\"><strong>Kobieca grupa Rosz Hodesz <\/strong>&#8211; 19 marca 2015 godz.19.15 &#8211; wsp\u00f3lne wyj\u015bcie do teatru Polonia ul. Marsza\u0142kowska 56 na spektakl \u201eKobiety w sytuacji krytycznej\u201d (re\u017c. Krystyna Janda).\u00a0<\/span><\/p>\n<p style=\"text-align: left;\"><span style=\"color: #000080;\"> Koszt: 45z\u0142. Zapisy i informacje: <span style=\"text-decoration: underline;\"><strong><a style=\"color: #000080; text-decoration: underline;\" href=\"mailto:roszchodesz@jccwarszawa.pl\">roszchodesz@jccwarszawa.pl<\/a><\/strong><\/span>; <span style=\"text-decoration: underline;\"><strong><a style=\"color: #000080; text-decoration: underline;\" href=\"https:\/\/www.facebook.com\/events\/805770676174114\/\">https:\/\/www.facebook.com\/events\/805770676174114\/<\/a><\/strong><\/span><\/span><\/p>\n<p style=\"text-align: left;\"><span style=\"color: #000080;\"><strong>Program POLIN<\/strong> w marcu, w za\u0142\u0105czniku<\/span><\/p>\n<p style=\"text-align: left;\"><span style=\"color: #000080;\"> <strong>To\u017csamo\u015b\u0107 <\/strong>&#8211; <strong>Barry Cohen<\/strong> poszukuje os\u00f3b do udzia\u0142u w wywiadach na temat to\u017csamo\u015bci \u017cydowskiej! Wywiady mog\u0105 odby\u0107 si\u0119 w ostatnim tygodniu marca, w Muzeum Historii \u017byd\u00f3w Polskich (lub w JCC), w j\u0119zyku polskim lub angielskim; zg\u0142oszenia &#8211; <span style=\"text-decoration: underline;\"><strong><a style=\"color: #000080; text-decoration: underline;\" href=\"mailto:bcohen8195@aol.com\">bcohen8195@aol.com<\/a><\/strong><\/span><\/span><\/p>\n<p style=\"text-align: left;\"><span style=\"color: #000080;\">\u00a0<\/span><\/p>\n<p><img decoding=\"async\" class=\"center alignright\" src=\"http:\/\/www.reunion68.com\/Biuletyn\/img\/Elzbieta-M.jpg\" alt=\"\" width=\"150\" \/><\/p>\n<p style=\"text-align: right;\"><span style=\"color: #000080;\">pozdrawiam<br \/>\n<strong class=\"_36\"><a id=\"js_2p\" style=\"color: #000080;\" href=\"https:\/\/www.facebook.com\/elzbieta.magenheim\" data-hovercard=\"\/ajax\/hovercard\/hovercard.php?id=1425677214&amp;extragetparams=%7B%7D\">El\u017cbieta Magenheim<\/a><\/strong><\/span><\/p>\n<hr style=\"height: 15px; background: #d0e6fa; width: 710px;\" \/>\n<div id=\"content\" class=\"  content-alignment&lt;br \/&gt;&lt;br \/&gt; \">\n<div id=\"watch-description\" class=\"yt-uix-button-panel\">\n<div id=\"watch-description-text\">\n<p style=\"text-align: center;\"><span style=\"color: #808080;\"> twoje uwagi, linki, wlasne artykuly, lub wiadomosci przeslij do: <strong><span style=\"text-decoration: underline;\"><span style=\"color: #808080; text-decoration: underline;\"><a href=\"mailto:webmaster@reunion68.com\">webmaster@reunion68.com<\/a><\/span><\/span><\/strong><\/span><\/p>\n<\/div>\n<\/div>\n<\/div>\n<p>&nbsp;<\/p>\n<hr style=\"width: 710px;\" \/>\n","protected":false},"excerpt":{"rendered":"<p>\u017bycie \u017cydowskie marzec (2) Drodzy, Wiosna dopiero zbli\u017ca si\u0119\u2026.. \u017cydowskie \u017cycie kwitnie DRUGOPOKOLENIOWE JUTRO, 14 marca sobota godz. 17.00 \u2013 start kina POD DW\u00d3JK\u0104 filmem M\u00f3j najszcz\u0119\u015bliwszy dzie\u0144; ogl\u0105damy w towarzystwie re\u017cysera Pana Micha\u0142a Bukojemskiego, natomiast bohatera \u2013 Mariana Turskiego &#8211; b\u0119dziemy go\u015bci\u0107 podczas Zjazdu w \u015ar\u00f3dborowie; poza filmem w programie: rozmowy, kawa, herbata, napoje, [&hellip;]<\/p>\n","protected":false},"author":1,"featured_media":0,"comment_status":"closed","ping_status":"closed","sticky":false,"template":"","format":"standard","meta":[],"categories":[4],"tags":[24],"_links":{"self":[{"href":"https:\/\/www.reunion68.se\/index.php?rest_route=\/wp\/v2\/posts\/16062"}],"collection":[{"href":"https:\/\/www.reunion68.se\/index.php?rest_route=\/wp\/v2\/posts"}],"about":[{"href":"https:\/\/www.reunion68.se\/index.php?rest_route=\/wp\/v2\/types\/post"}],"author":[{"embeddable":true,"href":"https:\/\/www.reunion68.se\/index.php?rest_route=\/wp\/v2\/users\/1"}],"replies":[{"embeddable":true,"href":"https:\/\/www.reunion68.se\/index.php?rest_route=%2Fwp%2Fv2%2Fcomments&post=16062"}],"version-history":[{"count":40,"href":"https:\/\/www.reunion68.se\/index.php?rest_route=\/wp\/v2\/posts\/16062\/revisions"}],"predecessor-version":[{"id":16103,"href":"https:\/\/www.reunion68.se\/index.php?rest_route=\/wp\/v2\/posts\/16062\/revisions\/16103"}],"wp:attachment":[{"href":"https:\/\/www.reunion68.se\/index.php?rest_route=%2Fwp%2Fv2%2Fmedia&parent=16062"}],"wp:term":[{"taxonomy":"category","embeddable":true,"href":"https:\/\/www.reunion68.se\/index.php?rest_route=%2Fwp%2Fv2%2Fcategories&post=16062"},{"taxonomy":"post_tag","embeddable":true,"href":"https:\/\/www.reunion68.se\/index.php?rest_route=%2Fwp%2Fv2%2Ftags&post=16062"}],"curies":[{"name":"wp","href":"https:\/\/api.w.org\/{rel}","templated":true}]}}