{"id":1607,"date":"2014-05-25T22:00:55","date_gmt":"2014-05-25T20:00:55","guid":{"rendered":"http:\/\/www.reunion68.se\/?p=1607"},"modified":"2014-05-26T07:37:33","modified_gmt":"2014-05-26T05:37:33","slug":"dla-tych-wybierajacych-sie-do-polski","status":"publish","type":"post","link":"https:\/\/www.reunion68.se\/?p=1607","title":{"rendered":"Dla wybierajacych sie do Polski (I)"},"content":{"rendered":"<h3 style=\"text-align: center;\"><span style=\"color: #000080;\"><strong>Uzupe\u0142nienie wydarze\u0144 nadchodz\u0105cego majowego tygodnia \u2026\u2026\u2026<\/strong> (I)<\/span><br \/>\n<a href=\"http:\/\/drugiepokolenie.org.pl\/\"><img decoding=\"async\" class=\"alignright\" src=\"http:\/\/drugiepokolenie.org.pl\/wp-content\/themes\/stowarzyszeniedrugiepokolenie\/img\/top.png\" alt=\"\" width=\"450\" \/><\/a><\/h3>\n<p style=\"text-align: left;\"><span style=\"color: #000080;\">Przyslala <strong>El\u017cbieta Magenheim<\/strong> &#8211; przewodnicz\u0105ca stowarzyszenia <span style=\"text-decoration: underline;\"><strong><a href=\"http:\/\/drugiepokolenie.org.pl\/\">Drugie Pokolenie<\/a><\/strong><\/span><\/span><\/p>\n<p><img decoding=\"async\" class=\"alignleft\" src=\"https:\/\/scontent-a-ams.xx.fbcdn.net\/hphotos-ash3\/t1.0-9\/1623575_10203194644933375_229786487_n.jpg\" alt=\"\" width=\"200\" \/><br \/>\n<span style=\"color: #000080;\"><strong>25 maja, niedziela godz. 11.00<\/strong>, Centrum Kultury Jidysz, Andersa 5 warsztaty teatralne pt . &#8220;Alfabet &#8211; alef bejs&#8221; dla dzieci w wieku lat 3-12; prowadzenie: Ada Janota, Igor Ob\u0142oza, Anna Rozenfeld; wst\u0119p wolny, liczba miejsc ograniczona, zapisy <a href=\"mailto:jidysz@shalom.org.pl\"><span style=\"color: #000080;\">jidysz@shalom.org.pl<br \/>\n<\/span><\/a><\/span><\/p>\n<p><span style=\"color: #000080;\"><strong>25 maja niedziela godz. 15.00<\/strong>, Klub TSK\u017b pl. Grzybowski 12\/16; promocja ksi\u0105\u017cki \u201eWszystkie moje mamy\u201d z udzia\u0142em Renaty Pi\u0105tkowskiej; wi\u0119cej w za\u0142\u0105czniku<\/span><\/p>\n<p><span style=\"color: #000080;\"><strong>25 maja, niedziela godz. 17.00<\/strong> Centrum Moj\u017cesza Schorra, Twarda 6, spotkanie z Iren\u0105 Wiszniewsk\u0105 &#8211; o ksi\u0105\u017cce \u201eMy, \u017bydzi z Polski\u201d rozmawia\u0107 b\u0119dzie Bella Szwarcman-Czarnota<\/span><\/p>\n<p><span style=\"color: #000080;\"><strong>25 maja, niedziela godz. 17.00<\/strong> Austriackie Forum Kultury, ul. Pr\u00f3\u017cna 7\/9 \u201eMy, \u017bydzi polscy\u201d otwarcie wystawy fotograficznej Andrzeja Polca<\/span><\/p>\n<p><span style=\"color: #000080;\"><strong>25 maja, niedziela godz. 19.00<\/strong> Centrum im. Moj\u017cesza Schorra, Twarda 6, <em>Kohelet Anny Kamie\u0144skiej<\/em> &#8211; spotkanie z udzia\u0142em Krystyny D\u0105browskiej, Piotra Matywieckiego, Piotra Pazi\u0144skiego i Paw\u0142a \u015apiewaka<\/span><\/p>\n<p><span style=\"color: #000080;\"><strong>25 maja, niedziela godz. 19.00<\/strong> Austriackie Forum Kultury, ul. Pr\u00f3\u017cna 7\/9; koncert zespo\u0142u TRIS \u00a0\u2013 w programie utwory Joachima Stuchewsky\u2019ego, Elli Milch-Sheriff, Israela Brandmanna i Vally Weigl<\/span><\/p>\n<p><span style=\"color: #000080;\"><strong>27 maja, wtorek, godz. 14.00<\/strong>, \u017bIH, sala nr 1, seminarium naukowe dr Bartosza Kwieci\u0144skiego; pokaz filmu z 1964r. \u201eDiamenty nocy\u201d w re\u017c. Jana N\u011bmeca; wi\u0119cej <a href=\"http:\/\/www.jhi.pl\/wydarzenia\/projekcje\/250\"><span style=\"color: #000080;\">http:\/\/www.jhi.pl\/wydarzenia\/projekcje\/250<\/span><\/a><\/span><\/p>\n<p><span style=\"color: #000080;\"><strong>27 maja, we wtorek, godz. 18.30<\/strong>, synagoga im. No\u017cyk\u00f3w, \u00a0<em>Bliskie Spotkanie Chrze\u015bcija\u0144sko-\u017bydowskie<\/em> z udzia\u0142em m. in. Wies\u0142awa My\u015bliwskiego, \u00a0W\u0142odzimierza Kinior Kiniorskiego, Anny Chipczy\u0144skaiej, Anny Connolly, Stanis\u0142awa Krajewskiego, Zbigniewa Nosowskiego.<\/span><\/p>\n<p><span style=\"color: #000080;\"><strong>28 maja \u015broda godz. 17.00<\/strong> Klub Mamele, Pl. Grzybowski; <em>\u017bydowskie bajki z Czerniowc\u00f3w &#8211;<\/em> O Eliezerze Sztejnbargu i jego jidyszowych bajkach (jak najbardziej nie dla dzieci) i o literackich Czerniowcach z t\u0142umaczk\u0105, Bell\u0105 Szwarcman-Czarnot\u0105 rozmawia\u0107 b\u0119dzie Piotr Pazi\u0144ski<\/span><\/p>\n<p><span style=\"color: #000080;\"><strong>29 maja, czwartek, godz. 10.00<\/strong> Nowy \u015awiat 72, Centrum Bada\u0144 nad Zag\u0142ad\u0105 \u017byd\u00f3w IFiS PAN, sala 154, otwarte seminarium naukowe <em>Oskar\u017cam Auschwitz. Opowie\u015bci rodzinne<\/em>, spotkanie z Miko\u0142ajem Grynbergiem &#8211; prowadzenie Barbara Engelking wi\u0119cej <a href=\"http:\/\/www.holocaustresearch.pl\/index.php?show=16\"><span style=\"color: #000080;\">http:\/\/www.holocaustresearch.pl\/index.php?show=16<\/span><\/a> \u2013 udost\u0119pnione dwie rozmowy, kt\u00f3re znajd\u0105 si\u0119 w ksi\u0105\u017cce; zaproszenie w za\u0142\u0105czniku<\/span><\/p>\n<p><span style=\"color: #000080;\"><strong>29 maja, czwartek, godz. (Za pi\u0119\u0107) 12.00<\/strong>, JCC Warszawa, Chmielna 9A, o Metodzie Moshe Feldenkraisa opowie Jacek Paszkowski, UWAGA! z powodu ograniczonego miejsca do \u0107wicze\u0144 obowi\u0105zuje rezerwacja! szczeg\u00f3\u0142y w za\u0142\u0105czniku<\/span><\/p>\n<p><span style=\"color: #000080;\"><strong>29 maja czwartek godz. 17.30<\/strong> &#8211; ul. Marsza\u0142kowska 21\/25, &#8220;Wok\u00f3\u0142 Hilberga&#8221; &#8211; dyskusja z udzia\u0142em Paw\u0142a \u015apiewaka i Piotra Stefaniuka, wi\u0119cej w\u00a0za\u0142\u0105czniku\u00a0<\/span><\/p>\n<p><span style=\"color: #000080;\"><strong>29 maja czwartek godz. 18.00<\/strong> Muzeum Historii \u017byd\u00f3w Polskich, Lo\u017ca B\u2019nai B\u2019rit zaprasza na debat\u0119 <em>Restytucja mienia \u017byd\u00f3w<\/em>; wi\u0119cej w za\u0142\u0105czniku<\/span><\/p>\n<p><span style=\"color: #000080;\"><strong>29 maja czwartek godz. 18.00 <\/strong>\u017bIH, T\u0142omackie 3\/5, <em>Ile \u017byda w \u017bydzie, czyli pochodzenie \u017byd\u00f3w polskich w \u015bwietle genetyki,<\/em> dr \u0141ukasz Maurycy Stanaszek<\/span><\/p>\n<p><span style=\"color: #000080;\">I<strong>nne<\/strong> <em><strong>M\u0142odzie\u0144cze lata<\/strong><\/em>Artura Schneidera wydawnictwo Norbertinum &#8211; przedwojenny krakowski Kazimierz we wspomnieniach<\/span><\/p>\n<p><span style=\"color: #000080;\"><strong>Akcja &#8220;Lato w Mie\u015bcie&#8221;<\/strong> zg\u0142oszenia do 15 czerwca: <a href=\"mailto:latowmiescie2014@gmail.com\"><span style=\"color: #000080;\">latowmiescie2014@gmail.com<\/span><\/a>; szczeg\u00f3\u0142y w za\u0142\u0105czniku .<\/span><\/p>\n<p><span style=\"color: #000080;\"><strong>Kontekst nauczania o Holokau\u015bcie &#8211;\u00a0<\/strong>zaawansowane seminarium dla nauczycieli,\u00a0zg\u0142oszenia do 15 czerwca; wi\u0119cej: Kamila Dobrzy\u0144ska <a href=\"mailto:kamila@galiciajewishmuseum.org\"><span style=\"color: #000080;\">kamila@galiciajewishmuseum.org<\/span><\/a> \u017bydowskie Muzeum Galicja Krak\u00f3w, tel. 12 421 68 42; <a href=\"http:\/\/www.galiciajewishmuseum.org\/\"><span style=\"color: #000080;\">www.galiciajewishmuseum.org<\/span><\/a><\/span><\/p>\n<p><span style=\"color: #000080;\"><strong>Praca<\/strong> &#8211; Gmina \u017bydowska w Warszawie szuka osoby na stanowisko koordynatora w biurze rabina Stasa Wojciechowicza; \u00bd etatu dla kogo\u015b, kto zna tradycj\u0119, kultur\u0119 i religi\u0119 \u017cydowsk\u0105, m\u00f3wi dobrze po angielsku, mile widziane b\u0119dzie do\u015bwiadczenie w pracy w organizacjach \u017cydowskich; zg\u0142oszenia \u2013 \u017cyciorys i list motywacyjny do \u015brody, 28 maja pod adresem: <a href=\"mailto:chawura@jewish.org.pl\"><span style=\"color: #000080;\">chawura@jewish.org.pl<\/span><\/a><\/span><\/p>\n<p><span style=\"color: #000080;\"><strong>Spotkanie drugiego pokolenia<\/strong> &#8211; wyj\u0105tkowo spotkamy si\u0119 w pierwsz\u0105 sobot\u0119 miesi\u0105ca (a nie w niedziel\u0119), czyli 7 czerwca, prawdopodobnie w osiedlu domk\u00f3w fi\u0144skich przy ul. Jazd\u00f3w, podczas \u201epo\u017cegnalnego\u201d pikniku ust\u0119puj\u0105cego zarz\u0105du i komisji rewizyjnej naszego Stowarzyszenia; b\u0119dzie to okazja do rozm\u00f3w przy grillu nie tylko o przysz\u0142o\u015bci Stowarzyszenia. Rezerwujcie czas, wkr\u00f3tce podamy dok\u0142adn\u0105 godzin\u0119 i miejsce spotkania.<\/span><\/p>\n<p><span style=\"color: #000080;\"><strong>15 czerwca, niedziela, godz. 12.00 Walne Zebranie sprawozdawczo-wyborcze Stowarzyszenia Drugie Pokolenie!<\/strong><\/span><\/p>\n<div align=\"center\"><object class=\"vanilla-pdf-embed\" data=\"http:\/\/www.reunion68.com\/Biuletyn\/img\/Miescie_2014.pdf?attachment_id=1#page=1&view=FitH\" type=\"application\/pdf\" width=\"700px\" height=\"800em\">\n    <p><a href=\"http:\/\/www.reunion68.com\/Biuletyn\/img\/Miescie_2014.pdf?attachment_id=1\">Download the PDF file .<\/a><\/p>\n<\/object><\/div>\n<hr>\n","protected":false},"excerpt":{"rendered":"<p>Uzupe\u0142nienie wydarze\u0144 nadchodz\u0105cego majowego tygodnia \u2026\u2026\u2026 (I) Przyslala El\u017cbieta Magenheim &#8211; przewodnicz\u0105ca stowarzyszenia Drugie Pokolenie 25 maja, niedziela godz. 11.00, Centrum Kultury Jidysz, Andersa 5 warsztaty teatralne pt . &#8220;Alfabet &#8211; alef bejs&#8221; dla dzieci w wieku lat 3-12; prowadzenie: Ada Janota, Igor Ob\u0142oza, Anna Rozenfeld; wst\u0119p wolny, liczba miejsc ograniczona, zapisy jidysz@shalom.org.pl 25 maja [&hellip;]<\/p>\n","protected":false},"author":1,"featured_media":0,"comment_status":"closed","ping_status":"closed","sticky":false,"template":"","format":"standard","meta":[],"categories":[4],"tags":[24],"_links":{"self":[{"href":"https:\/\/www.reunion68.se\/index.php?rest_route=\/wp\/v2\/posts\/1607"}],"collection":[{"href":"https:\/\/www.reunion68.se\/index.php?rest_route=\/wp\/v2\/posts"}],"about":[{"href":"https:\/\/www.reunion68.se\/index.php?rest_route=\/wp\/v2\/types\/post"}],"author":[{"embeddable":true,"href":"https:\/\/www.reunion68.se\/index.php?rest_route=\/wp\/v2\/users\/1"}],"replies":[{"embeddable":true,"href":"https:\/\/www.reunion68.se\/index.php?rest_route=%2Fwp%2Fv2%2Fcomments&post=1607"}],"version-history":[{"count":28,"href":"https:\/\/www.reunion68.se\/index.php?rest_route=\/wp\/v2\/posts\/1607\/revisions"}],"predecessor-version":[{"id":1700,"href":"https:\/\/www.reunion68.se\/index.php?rest_route=\/wp\/v2\/posts\/1607\/revisions\/1700"}],"wp:attachment":[{"href":"https:\/\/www.reunion68.se\/index.php?rest_route=%2Fwp%2Fv2%2Fmedia&parent=1607"}],"wp:term":[{"taxonomy":"category","embeddable":true,"href":"https:\/\/www.reunion68.se\/index.php?rest_route=%2Fwp%2Fv2%2Fcategories&post=1607"},{"taxonomy":"post_tag","embeddable":true,"href":"https:\/\/www.reunion68.se\/index.php?rest_route=%2Fwp%2Fv2%2Ftags&post=1607"}],"curies":[{"name":"wp","href":"https:\/\/api.w.org\/{rel}","templated":true}]}}