{"id":16353,"date":"2015-03-17T19:08:03","date_gmt":"2015-03-17T17:08:03","guid":{"rendered":"http:\/\/www.reunion68.se\/?p=16353"},"modified":"2015-03-17T14:55:39","modified_gmt":"2015-03-17T12:55:39","slug":"16353","status":"publish","type":"post","link":"https:\/\/www.reunion68.se\/?p=16353","title":{"rendered":"MOJA HISTORIA: Go\u0142da Tencer"},"content":{"rendered":"<h5 style=\"text-align: center;\"><a href=\"http:\/\/www.instytut-teatralny.pl\/\" target=\"_blank\"><img decoding=\"async\" class=\"center alignleft\" src=\"http:\/\/www.reunion68.com\/Biuletyn\/img\/inst-tut-1.png\" alt=\"\" width=\"250\" \/><\/a><span style=\"text-decoration: underline; color: #000080;\"><span style=\"text-decoration: underline;\"><strong><a style=\"color: #000080; text-decoration: underline;\" href=\"http:\/\/www.instytut-teatralny.pl\/kalendarium\/moja-historia-golda-tencer_2015-03-17\" target=\"_blank\">MOJA HISTORIA: Go\u0142da Tencer<\/a><\/strong><\/span><\/span><\/h5>\n<hr style=\"height: 15px; background: #d0e6fa; width: 710px;\" \/>\n<p><img decoding=\"async\" class=\" aligncenter\" style=\"width: 440px; height: 80px;\" src=\"http:\/\/www.instytut-teatralny.pl\/upload\/images\/Moja_historia_net-440X80.png\" alt=\"\" \/><\/p>\n<p><span style=\"color: #333333;\"><em><strong>Opowiem Wam swoj\u0105 histori\u0119. O moim \u017cyciu na scenie i w kulisach. O ludziach, kt\u00f3rzy mnie otaczali \u2013 moich mistrzach i przyjacio\u0142ach. O tym, co mnie ukszta\u0142towa\u0142o i o tym, co zawsze by\u0142o mi bliskie. Podziel\u0119 si\u0119 z Wami moim \u017cyciowym do\u015bwiadczeniem, nie skrywaj\u0105c si\u0119 za \u017cadn\u0105 mask\u0105. To jest dzisiaj moja rola.<\/strong><\/em><\/span><\/p>\n<p style=\"text-align: left;\"><span style=\"color: #000080;\">Go\u0142da Tencer urodzi\u0142a si\u0119 kilka lat po II wojnie \u015bwiatowej, w roku 1949, kiedy tli\u0142y si\u0119 jeszcze zgliszcza zamordowanego \u017cydowskiego \u015bwiata. Jej rodzice \u2013 Szmul i Sonia \u2013 cudem prze\u017cyli piek\u0142o Holocaustu, reszcie rodziny ju\u017c si\u0119 tak nie poszcz\u0119\u015bci\u0142o. Wychowywa\u0142a si\u0119 w \u0141odzi, w domu na wskro\u015b \u017cydowskim, ze wszechobecnym jidysz \u2013 j\u0119zykiem \u017byd\u00f3w aszkenazyjskich, kt\u00f3ry z Polski niemal znikn\u0105\u0142. By\u0142a te\u017c jedn\u0105 z ostatnich, kt\u00f3ra chodzi\u0142a do \u017cydowskiej szko\u0142y, nosz\u0105cej imi\u0119 Icchoka Lejba Pereca. Maj\u0105c lat dwadzie\u015bcia, zjawiskowo pi\u0119kna Go\u0142da wyjecha\u0142a do Warszawy, marzy\u0142a bowiem, by zosta\u0107 aktork\u0105. Zapuka\u0142a do drzwi Teatru \u017bydowskiego, w kt\u00f3rym kierownictwo przej\u0105\u0142 w\u0142a\u015bnie \u2013 po legendarnej i zmuszonej do wyjazdu z kraju Idzie Kami\u0144skiej \u2013 Szymon Szurmiej. Sko\u0144czy\u0142a prowadzone przez niego Studium Aktorskie i zacz\u0119\u0142a prac\u0119 na scenie. Wtedy rozpocz\u0105\u0142 si\u0119 tak\u017ce romans Go\u0142dy ze starszym o grubo ponad dwadzie\u015bcia lat Szymonem. Wielu nie dawa\u0142o im szans, ich zwi\u0105zek przetrwa\u0142 jednak wiele lat. Byli ma\u0142\u017ce\u0144stwem do \u015bmierci Szurmieja w zesz\u0142ym roku.<\/span><\/p>\n<p><img decoding=\"async\" class=\" alignleft\" src=\"http:\/\/www.instytut-teatralny.pl\/assets\/images\/pages\/large\/golda-tencer-szkic2-prev.jpg\" alt=\"\" \/><\/p>\n<p style=\"text-align: left;\"><span style=\"color: #000080;\">Publiczno\u015b\u0107 filmowa pami\u0119ta j\u0105 g\u0142\u00f3wnie z r\u00f3l \u017byd\u00f3wek, per\u0142\u0105 w koronie jest z pewno\u015bci\u0105 Blanka w \u201eAusterii\u201d Jerzego Kawalerowicza. W teatrze aktorka zagra\u0142a kilkadziesi\u0105t r\u00f3l, z kt\u00f3rych najwa\u017cniejsz\u0105 jest najpewniej Lea w \u201eDybuku\u201d Szymona An-skiego z 1973 roku w re\u017cyserii Szymona Szurmieja. Ale nie by\u0142 to jej pierwszy i jak si\u0119 okazuje ostatni \u201eDybuk\u201d. Wcze\u015bniej w inscenizacji Buzgana Chewela zagra\u0142a Gitl\u0119 (1970), a p\u00f3\u017aniej ponownie u Szurmieja w kolejnym \u201eDybuku\u201d \u2013 Sure Bas Tojwim. Dzisiaj Go\u0142da Tencer wraca do wielkiego dzie\u0142a An-skiego, tym razem w inscenizacji Mai Kleczewskiej, kt\u00f3r\u0105 artystka zaprosi\u0142a do Teatru \u017bydowskiego ju\u017c jako jego szefowa. Premiera zaplanowana jest na 17 kwietnia.<\/span><\/p>\n<p style=\"text-align: left;\"><span style=\"color: #000080;\">Jej dzia\u0142alno\u015b\u0107 artystyczna, a tak\u017ce spo\u0142eczna wychodzi daleko poza teatr. Go\u0142da Tencer kieruje za\u0142o\u017con\u0105 przez siebie Fundacj\u0105 Shalom, Centrum Kultury Jidysz i Festiwalem Kultury \u017bydowskiej \u201eWarszawa Singera\u201d. Jest wr\u0119cz op\u0119tana ide\u0105 ocalenia tego, co tylko si\u0119 da z zamordowanej kultury polskich \u017byd\u00f3w. To jej \u017cyciowa misja, kt\u00f3rej jest wierna przez ca\u0142e swoje \u017cycie. \/Mike Urbaniak\/<\/span><\/p>\n<p style=\"text-align: left;\"><span style=\"color: #000080;\">MOJA HISTORIA to cykl rozm\u00f3w z najwybitniejszymi artystami teatru, lud\u017ami r\u00f3\u017cnych specjalno\u015bci i zawod\u00f3w, kt\u00f3rych kuratorem i prowadz\u0105cym od stycznia 2015 roku jest Mike Urbaniak. Spotkania z aktywnym udzia\u0142em publiczno\u015bci odbywaj\u0105 si\u0119 raz w miesi\u0105cu. Biograficzna opowie\u015b\u0107 bohatera opatrzona zostanie materia\u0142ami ikonograficznymi, a tak\u017ce specjalnie nagranymi materia\u0142ami filmowymi. Do rozmowy zaproszeni zostan\u0105 r\u00f3wnie\u017c go\u015bcie specjalni, kt\u00f3rych pytania i refleksje pozwol\u0105 skierowa\u0107 uwag\u0119 na szczeg\u00f3lnie interesuj\u0105ce nas zagadnienia. Rozmowy b\u0119d\u0105 nagrywane i prezentowane tak\u017ce na antenie \u201eRDC\u201d i na stronie internetowej Instytutu.<\/span><\/p>\n<p style=\"text-align: left;\"><span style=\"color: #000080;\">Mike Urbaniak jest dziennikarzem kulturalnym, krytykiem teatralnym, autorem rozm\u00f3w z wybitnymi postaciami polskiej kultury, g\u0142\u00f3wnie teatru. Wsp\u00f3\u0142pracuje w wieloma tytu\u0142ami prasowymi, na sta\u0142e pisze do &#8220;Wysokich Obcas\u00f3w&#8221; i weekendowego magazynu Gazeta.pl, a w Polskim Radiu RDC prowadzi m.in. autorski program &#8220;Pan od kultury&#8221;. Jest cz\u0142onkiem Komisji Artystycznej Konkursu na Wystawienie Polskiej Sztuki Wsp\u00f3\u0142czesnej.<\/span><\/p>\n<p style=\"text-align: left;\"><span style=\"color: #808080;\">WST\u0118P WOLNY\u00a0<\/span><\/p>\n<p><span style=\"color: #808080;\">rezerwacja miejsc:<\/span><br \/>\n<span style=\"color: #808080;\"><a style=\"line-height: 1.5; color: #808080;\" href=\"mailto:bilety@instytut-teatralny.pl\">bilety@instytut-teatralny.pl<br \/>\n<\/a><span style=\"line-height: 1.5;\">tel. (22) 501 70 02<\/span><\/span><\/p>\n<p style=\"text-align: left;\"><span style=\"color: #808080;\">PARTNERZY:<\/span> <a href=\"http:\/\/rdc.pl\/\"><img decoding=\"async\" src=\"http:\/\/www.instytut-teatralny.pl\/upload\/images\/logo_RDC_PR_wersja_achromatyczna.jpg\" alt=\"\" width=\"200\" \/><\/a><\/p>\n<hr style=\"height: 15px; background: #d0e6fa; width: 710px;\" \/>\n<div id=\"content\" class=\"  content-alignment&lt;br \/&gt;&lt;br \/&gt; \">\n<div id=\"watch-description\" class=\"yt-uix-button-panel\">\n<div id=\"watch-description-text\">\n<p style=\"text-align: center;\"><span style=\"color: #808080;\"> twoje uwagi, linki, wlasne artykuly, lub wiadomosci przeslij do: <strong><span style=\"text-decoration: underline;\"><span style=\"color: #808080; text-decoration: underline;\"><a href=\"mailto:webmaster@reunion68.com\">webmaster@reunion68.com<\/a><\/span><\/span><\/strong><\/span><\/p>\n<\/div>\n<\/div>\n<\/div>\n<p>&nbsp;<\/p>\n<hr style=\"width: 710px;\" \/>\n","protected":false},"excerpt":{"rendered":"<p>MOJA HISTORIA: Go\u0142da Tencer Opowiem Wam swoj\u0105 histori\u0119. O moim \u017cyciu na scenie i w kulisach. O ludziach, kt\u00f3rzy mnie otaczali \u2013 moich mistrzach i przyjacio\u0142ach. O tym, co mnie ukszta\u0142towa\u0142o i o tym, co zawsze by\u0142o mi bliskie. Podziel\u0119 si\u0119 z Wami moim \u017cyciowym do\u015bwiadczeniem, nie skrywaj\u0105c si\u0119 za \u017cadn\u0105 mask\u0105. To jest dzisiaj [&hellip;]<\/p>\n","protected":false},"author":1,"featured_media":0,"comment_status":"closed","ping_status":"closed","sticky":false,"template":"","format":"standard","meta":[],"categories":[4],"tags":[24],"_links":{"self":[{"href":"https:\/\/www.reunion68.se\/index.php?rest_route=\/wp\/v2\/posts\/16353"}],"collection":[{"href":"https:\/\/www.reunion68.se\/index.php?rest_route=\/wp\/v2\/posts"}],"about":[{"href":"https:\/\/www.reunion68.se\/index.php?rest_route=\/wp\/v2\/types\/post"}],"author":[{"embeddable":true,"href":"https:\/\/www.reunion68.se\/index.php?rest_route=\/wp\/v2\/users\/1"}],"replies":[{"embeddable":true,"href":"https:\/\/www.reunion68.se\/index.php?rest_route=%2Fwp%2Fv2%2Fcomments&post=16353"}],"version-history":[{"count":21,"href":"https:\/\/www.reunion68.se\/index.php?rest_route=\/wp\/v2\/posts\/16353\/revisions"}],"predecessor-version":[{"id":16355,"href":"https:\/\/www.reunion68.se\/index.php?rest_route=\/wp\/v2\/posts\/16353\/revisions\/16355"}],"wp:attachment":[{"href":"https:\/\/www.reunion68.se\/index.php?rest_route=%2Fwp%2Fv2%2Fmedia&parent=16353"}],"wp:term":[{"taxonomy":"category","embeddable":true,"href":"https:\/\/www.reunion68.se\/index.php?rest_route=%2Fwp%2Fv2%2Fcategories&post=16353"},{"taxonomy":"post_tag","embeddable":true,"href":"https:\/\/www.reunion68.se\/index.php?rest_route=%2Fwp%2Fv2%2Ftags&post=16353"}],"curies":[{"name":"wp","href":"https:\/\/api.w.org\/{rel}","templated":true}]}}