{"id":16526,"date":"2015-03-24T19:08:59","date_gmt":"2015-03-24T17:08:59","guid":{"rendered":"http:\/\/www.reunion68.se\/?p=16526"},"modified":"2015-03-23T12:16:14","modified_gmt":"2015-03-23T10:16:14","slug":"16526","status":"publish","type":"post","link":"https:\/\/www.reunion68.se\/?p=16526","title":{"rendered":"Wystawa po\u015bwi\u0119cona \u017cydowskim samorz\u0105dowcom w Starej Synagodze w Krakowie"},"content":{"rendered":"<h5 style=\"text-align: center;\"><a href=\"http:\/\/www.sztetl.org.pl\/\" target=\"_blank\"><img decoding=\"async\" class=\"center alignleft\" src=\"http:\/\/www.reunion68.com\/Biuletyn\/img\/w-sz.jpg\" alt=\"\" \/><\/a><span style=\"text-decoration: underline; color: #000080;\"><span style=\"text-decoration: underline;\"><strong><a style=\"color: #000080; text-decoration: underline;\" href=\"http:\/\/www.sztetl.org.pl\/pl\/cms\/aktualnosci\/4569,wystawa-poswiecona-zydowskim-samorzadowcom-w-starej-synagodze-w-krakowie\/\" target=\"_blank\">Wystawa po\u015bwi\u0119cona \u017cydowskim samorz\u0105dowcom w Starej Synagodze w Krakowie<\/a><\/strong><\/span><\/span><\/h5>\n<p style=\"text-align: center;\"><span style=\"color: #333333;\">Oprac.<strong> Jan Burek<br \/>\n<\/strong>\u0179r\u00f3d\u0142o:<strong> materia\u0142y informacyjne Muzeum Historycznego Miasta Krakowa<\/strong><\/span><\/p>\n<hr style=\"height: 15px; background: #d0e6fa; width: 710px;\" \/>\n<p style=\"text-align: left;\"><img decoding=\"async\" class=\"ilustracja alignright\" src=\"http:\/\/www.sztetl.org.pl\/getimage.php?c=OBRAZY&amp;x=440&amp;y=440&amp;file=obraz_5955.jpg\" alt=\"Ilustracja\" width=\"350\" \/><span style=\"color: #333333;\"><strong>Od dzi\u015b w Starej Synagodze w Krakowie ogl\u0105da\u0107 mo\u017cna wystaw\u0119 \u201eBudowali nowoczesny Krak\u00f3w. \u017bydzi w samorz\u0105dzie miejskim, gospodarczym i finansowym miasta (1866\u20131939)\u201d. Ekspozycja przedstawia wk\u0142ad \u017byd\u00f3w w rozw\u00f3j Krakowa pod koniec XIX w. i w 20-leciu mi\u0119dzywojennym.<\/strong><\/span><\/p>\n<p style=\"text-align: left;\"><span style=\"color: #000080;\">W 1866 r. reforma samorz\u0105dowa umo\u017cliwi\u0142a krakowskim \u017bydom uczestnictwo w pracach r\u00f3\u017cnorodnych instytucji lokalnych. Wielu z nich skorzysta\u0142o z tej okazji, do\u0142\u0105czaj\u0105c do grupy samorz\u0105dowc\u00f3w dzia\u0142aj\u0105cych na rzecz dobrobytu miasta i jego mieszka\u0144c\u00f3w.<\/span><\/p>\n<p style=\"text-align: left;\"><span style=\"color: #000080;\">Tw\u00f3rcy wystawy w Starej Synagodze pragn\u0105 przybli\u017cy\u0107 zwiedzaj\u0105cym sylwetki zas\u0142u\u017conych dla Krakowa \u017cydowskich rajc\u00f3w miejskich, przemys\u0142owc\u00f3w zrzeszonych w Izbie Przemys\u0142owo-Handlowej i dzia\u0142aczy Kasy Oszcz\u0119dno\u015bci Miasta Krakowa. To mi\u0119dzy innymi dzi\u0119ki nim Krak\u00f3w w okresie autonomii galicyjskiej i w latach II Rzeczpospolitej przekszta\u0142ci\u0142 si\u0119 z zaniedbanego, peryferyjnego o\u015brodka w nowoczesne miasto z rozwini\u0119t\u0105 infrastruktur\u0105, reprezentacyjnymi budynkami u\u017cyteczno\u015bci publicznej i willowymi osiedlami.<\/span><\/p>\n<p style=\"text-align: left;\"><span style=\"color: #000080;\">Wystawie towarzyszy\u0107 b\u0119d\u0105 r\u00f3wnie\u017c m. in.: panel dyskusyjny z udzia\u0142em krakowskich historyk\u00f3w, kuratorskie oprowadzania po ekspozycji i wyk\u0142ady po\u0142\u0105czone ze spacerem na cmentarz \u017cydowski przy ulicy Miodowej. Uczestnicy tych wydarze\u0144 postaraj\u0105 si\u0119 odpowiedzie\u0107 na pytania: W jaki spos\u00f3b \u017bydzi zaistnieli jako pe\u0142noprawni obywatele miasta? <span style=\"text-decoration: underline;\"><strong><a style=\"color: #000080; text-decoration: underline;\" href=\"http:\/\/www.sztetl.org.pl\/pl\/city\/krakow\/\" target=\"_blank\">Czy we wsp\u00f3\u0142czesnym Krakowie mo\u017cemy odnale\u017a\u0107 \u015blady ich dzia\u0142alno\u015bci?<\/a><\/strong><\/span> Czy \u017cydowscy samorz\u0105dowcy reprezentowali partykularne interesy swojej spo\u0142eczno\u015bci czy kierowali si\u0119 dobrem og\u00f3\u0142u mieszka\u0144c\u00f3w?<\/span><\/p>\n<p style=\"text-align: left;\"><span style=\"color: #000080;\">Wystaw\u0119 mo\u017cna zwiedza\u0107 do 25 pa\u017adziernika 2015 r. w Starej Synagodze w Krakowie przy ul. Szerokiej 24.<\/span><\/p>\n<hr style=\"height: 15px; background: #d0e6fa; width: 710px;\" \/>\n<div id=\"content\" class=\"  content-alignment&lt;br \/&gt;&lt;br \/&gt; \">\n<div id=\"watch-description\" class=\"yt-uix-button-panel\">\n<div id=\"watch-description-text\">\n<p style=\"text-align: center;\"><span style=\"color: #808080;\"> twoje uwagi, linki, wlasne artykuly, lub wiadomosci przeslij do: <strong><span style=\"text-decoration: underline;\"><span style=\"color: #808080; text-decoration: underline;\"><a href=\"mailto:webmaster@reunion68.com\">webmaster@reunion68.com<\/a><\/span><\/span><\/strong><\/span><\/p>\n<\/div>\n<\/div>\n<\/div>\n<p>&nbsp;<\/p>\n<hr style=\"width: 710px;\" \/>\n","protected":false},"excerpt":{"rendered":"<p>Wystawa po\u015bwi\u0119cona \u017cydowskim samorz\u0105dowcom w Starej Synagodze w Krakowie Oprac. Jan Burek \u0179r\u00f3d\u0142o: materia\u0142y informacyjne Muzeum Historycznego Miasta Krakowa Od dzi\u015b w Starej Synagodze w Krakowie ogl\u0105da\u0107 mo\u017cna wystaw\u0119 \u201eBudowali nowoczesny Krak\u00f3w. \u017bydzi w samorz\u0105dzie miejskim, gospodarczym i finansowym miasta (1866\u20131939)\u201d. Ekspozycja przedstawia wk\u0142ad \u017byd\u00f3w w rozw\u00f3j Krakowa pod koniec XIX w. i w 20-leciu [&hellip;]<\/p>\n","protected":false},"author":1,"featured_media":0,"comment_status":"closed","ping_status":"closed","sticky":false,"template":"","format":"standard","meta":[],"categories":[4],"tags":[24],"_links":{"self":[{"href":"https:\/\/www.reunion68.se\/index.php?rest_route=\/wp\/v2\/posts\/16526"}],"collection":[{"href":"https:\/\/www.reunion68.se\/index.php?rest_route=\/wp\/v2\/posts"}],"about":[{"href":"https:\/\/www.reunion68.se\/index.php?rest_route=\/wp\/v2\/types\/post"}],"author":[{"embeddable":true,"href":"https:\/\/www.reunion68.se\/index.php?rest_route=\/wp\/v2\/users\/1"}],"replies":[{"embeddable":true,"href":"https:\/\/www.reunion68.se\/index.php?rest_route=%2Fwp%2Fv2%2Fcomments&post=16526"}],"version-history":[{"count":12,"href":"https:\/\/www.reunion68.se\/index.php?rest_route=\/wp\/v2\/posts\/16526\/revisions"}],"predecessor-version":[{"id":16539,"href":"https:\/\/www.reunion68.se\/index.php?rest_route=\/wp\/v2\/posts\/16526\/revisions\/16539"}],"wp:attachment":[{"href":"https:\/\/www.reunion68.se\/index.php?rest_route=%2Fwp%2Fv2%2Fmedia&parent=16526"}],"wp:term":[{"taxonomy":"category","embeddable":true,"href":"https:\/\/www.reunion68.se\/index.php?rest_route=%2Fwp%2Fv2%2Fcategories&post=16526"},{"taxonomy":"post_tag","embeddable":true,"href":"https:\/\/www.reunion68.se\/index.php?rest_route=%2Fwp%2Fv2%2Ftags&post=16526"}],"curies":[{"name":"wp","href":"https:\/\/api.w.org\/{rel}","templated":true}]}}