{"id":16581,"date":"2015-03-22T19:10:03","date_gmt":"2015-03-22T17:10:03","guid":{"rendered":"http:\/\/www.reunion68.se\/?p=16581"},"modified":"2015-03-22T21:30:55","modified_gmt":"2015-03-22T19:30:55","slug":"16581","status":"publish","type":"post","link":"https:\/\/www.reunion68.se\/?p=16581","title":{"rendered":"&#8220;I ci\u0105gle \u015bni mi si\u0119 Auschwitz&#8221;"},"content":{"rendered":"<h5 style=\"text-align: center;\"><a href=\"http:\/\/www.radio.bialystok.pl\/\" target=\"_blank\"><img decoding=\"async\" class=\"center alignleft\" src=\"http:\/\/www.reunion68.com\/Biuletyn\/img\/radio-bialystok.png\" alt=\"\" \/><\/a><span style=\"text-decoration: underline; color: #000080;\"><span style=\"text-decoration: underline;\"><strong><a style=\"color: #000080; text-decoration: underline;\" href=\"http:\/\/www.radio.bialystok.pl\/reportaz\/judaica\/id\/122172\" target=\"_blank\">&#8220;I ci\u0105gle \u015bni mi si\u0119 Auschwitz&#8221;<\/a><\/strong><\/span><\/span><\/h5>\n<p style=\"text-align: center;\"><span style=\"color: #333333;\"><strong>Sylwia \u0141awrynowicz<\/strong><\/span><\/p>\n<hr style=\"height: 15px; background: #d0e6fa; width: 710px;\" \/>\n<p><img decoding=\"async\" class=\" alignright\" src=\"http:\/\/www.radio.bialystok.pl\/files\/index\/image\/s\/3\/f\/16\/z\/7d55de566d0953d1d8f6e656b5b41e21\" alt=\"fot. http:\/\/www.zchor.org\/birenbaum\/museum.htm\" \/><\/p>\n<p style=\"text-align: left;\"><span style=\"color: #000080;\">Historia Haliny Birenbaum, pisarki i poetki, ocalonej z Holocaustu. W czasie II wojny \u015bwiatowej jako dziecko przebywa\u0142a w niemieckich obozach koncentracyjnych na Majdanku, Auschwitz-Birkenau, Ravensbr\u00fcck oraz Neustadt-Glewe, gdzie doczeka\u0142a wyzwolenia w 1945. W 1947 roku wyjecha\u0142a do Izraela. Za\u0142o\u017cy\u0142a rodzin\u0119 i mieszka tam do dzi\u015b.<\/span><\/p>\n<p><span style=\"color: #000080;\"><strong>&#8220;I ci\u0105gle \u015bni mi si\u0119 Auschwitz&#8221; &#8211; rozmowa z Halin\u0105 Birenbaum, jedn\u0105 z 300 \u017cyj\u0105cych obecnie os\u00f3b, kt\u00f3ra prze\u017cy\u0142a ob\u00f3z. Autorka: Sylwia \u0141awrynowicz<\/strong><\/span><\/p>\n<div id=\"content\" class=\"  content-alignment&lt;br \/&gt;&lt;br \/&gt; \">\n<div id=\"watch-description\" class=\"yt-uix-button-panel\">\n<div id=\"watch-description-text\">\n<!--[if lt IE 9]><script>document.createElement('audio');<\/script><![endif]-->\n<audio class=\"wp-audio-shortcode\" id=\"audio-16581-1\" preload=\"none\" style=\"width: 100%;\" controls=\"controls\"><source type=\"audio\/mpeg\" src=\"http:\/\/fwpn.org.pl\/assets\/Mediateka\/Audio\/2015\/2015_02_I_ciagle_sni_mi_sie\/I_ciagle_sni_mi_sie_Auschwitz.mp3?_=1\" \/><a href=\"http:\/\/fwpn.org.pl\/assets\/Mediateka\/Audio\/2015\/2015_02_I_ciagle_sni_mi_sie\/I_ciagle_sni_mi_sie_Auschwitz.mp3\">http:\/\/fwpn.org.pl\/assets\/Mediateka\/Audio\/2015\/2015_02_I_ciagle_sni_mi_sie\/I_ciagle_sni_mi_sie_Auschwitz.mp3<\/a><\/audio>\n<\/div>\n<\/div>\n<\/div>\n<hr style=\"height: 15px; background: #d0e6fa; width: 710px;\" \/>\n<div id=\"content\" class=\"  content-alignment&lt;br \/&gt;&lt;br \/&gt; \">\n<div id=\"watch-description\" class=\"yt-uix-button-panel\">\n<div id=\"watch-description-text\">\n<p style=\"text-align: center;\"><span style=\"color: #808080;\"> twoje uwagi, linki, wlasne artykuly, lub wiadomosci przeslij do: <strong><span style=\"text-decoration: underline;\"><span style=\"color: #808080; text-decoration: underline;\"><a href=\"mailto:webmaster@reunion68.com\">webmaster@reunion68.com<\/a><\/span><\/span><\/strong><\/span><\/p>\n<\/div>\n<\/div>\n<\/div>\n<p>&nbsp;<\/p>\n<hr style=\"width: 710px;\" \/>\n","protected":false},"excerpt":{"rendered":"<p>&#8220;I ci\u0105gle \u015bni mi si\u0119 Auschwitz&#8221; Sylwia \u0141awrynowicz Historia Haliny Birenbaum, pisarki i poetki, ocalonej z Holocaustu. W czasie II wojny \u015bwiatowej jako dziecko przebywa\u0142a w niemieckich obozach koncentracyjnych na Majdanku, Auschwitz-Birkenau, Ravensbr\u00fcck oraz Neustadt-Glewe, gdzie doczeka\u0142a wyzwolenia w 1945. W 1947 roku wyjecha\u0142a do Izraela. Za\u0142o\u017cy\u0142a rodzin\u0119 i mieszka tam do dzi\u015b. &#8220;I ci\u0105gle [&hellip;]<\/p>\n","protected":false},"author":1,"featured_media":0,"comment_status":"closed","ping_status":"closed","sticky":false,"template":"","format":"standard","meta":[],"categories":[4],"tags":[24],"_links":{"self":[{"href":"https:\/\/www.reunion68.se\/index.php?rest_route=\/wp\/v2\/posts\/16581"}],"collection":[{"href":"https:\/\/www.reunion68.se\/index.php?rest_route=\/wp\/v2\/posts"}],"about":[{"href":"https:\/\/www.reunion68.se\/index.php?rest_route=\/wp\/v2\/types\/post"}],"author":[{"embeddable":true,"href":"https:\/\/www.reunion68.se\/index.php?rest_route=\/wp\/v2\/users\/1"}],"replies":[{"embeddable":true,"href":"https:\/\/www.reunion68.se\/index.php?rest_route=%2Fwp%2Fv2%2Fcomments&post=16581"}],"version-history":[{"count":24,"href":"https:\/\/www.reunion68.se\/index.php?rest_route=\/wp\/v2\/posts\/16581\/revisions"}],"predecessor-version":[{"id":16592,"href":"https:\/\/www.reunion68.se\/index.php?rest_route=\/wp\/v2\/posts\/16581\/revisions\/16592"}],"wp:attachment":[{"href":"https:\/\/www.reunion68.se\/index.php?rest_route=%2Fwp%2Fv2%2Fmedia&parent=16581"}],"wp:term":[{"taxonomy":"category","embeddable":true,"href":"https:\/\/www.reunion68.se\/index.php?rest_route=%2Fwp%2Fv2%2Fcategories&post=16581"},{"taxonomy":"post_tag","embeddable":true,"href":"https:\/\/www.reunion68.se\/index.php?rest_route=%2Fwp%2Fv2%2Ftags&post=16581"}],"curies":[{"name":"wp","href":"https:\/\/api.w.org\/{rel}","templated":true}]}}