{"id":16730,"date":"2015-03-28T19:09:56","date_gmt":"2015-03-28T17:09:56","guid":{"rendered":"http:\/\/www.reunion68.se\/?p=16730"},"modified":"2015-03-27T14:59:55","modified_gmt":"2015-03-27T12:59:55","slug":"16730","status":"publish","type":"post","link":"https:\/\/www.reunion68.se\/?p=16730","title":{"rendered":"Drugiego arabskiego przebudzenia nie b\u0119dzie"},"content":{"rendered":"<h5 style=\"text-align: center;\"><a href=\"http:\/\/kulturaliberalna.pl\/\" target=\"_blank\"><img decoding=\"async\" class=\"center alignleft\" src=\"http:\/\/www.reunion68.com\/Biuletyn\/img\/k-liberalna.png \" alt=\"\" \/><\/a><span style=\"text-decoration: underline; color: #000080;\"><span style=\"text-decoration: underline;\"><strong><a style=\"color: #000080; text-decoration: underline;\" href=\"http:\/\/kulturaliberalna.pl\/2015\/03\/24\/wywiad-katarzyna-gorak-sosnowska-arabska-wiosna\/\" target=\"_blank\">Drugiego arabskiego przebudzenia nie b\u0119dzie <\/a><\/strong><\/span><\/span><\/h5>\n<p style=\"text-align: center;\"><span style=\"color: #333333;\"><strong>Z Katarzyn\u0105 G\u00f3rak-Sosnowsk\u0105 rozmawia B\u0142a\u017cej Pop\u0142awski <\/strong><\/span><\/p>\n<hr style=\"height: 15px; background: #d0e6fa; width: 710px;\" \/>\n<p><span style=\"color: #333333;\"><strong>\u201eDemokracje nieliberalne, fasadowe, ustroje hybrydowe \u2013 to moim zdaniem polityczna przysz\u0142o\u015b\u0107 \u015bwiata muzu\u0142ma\u0144skiego\u201d, m\u00f3wi ekonomistka i islamolog ze Szko\u0142y G\u0142\u00f3wnej Handlowej.<\/strong><\/span><\/p>\n<p><span style=\"color: #333333;\"><strong>B\u0142a\u017cej Pop\u0142awski: Dlaczego w rankingu Freedom in the World \u015bwiat arabski wypada tak fatalnie? Wed\u0142ug ameryka\u0144skich analityk\u00f3w, kt\u00f3rzy co roku przygotowuj\u0105 to zestawienie, sprawniej dzia\u0142aj\u0105cymi demokracjami s\u0105 nawet Rosja, Bia\u0142oru\u015b czy W\u0119gry.<\/strong><\/span><\/p>\n<p style=\"text-align: left;\"><span style=\"color: #333333;\"><strong>Katarzyna G\u00f3rak-Sosnowska:<\/strong><\/span> <span style=\"color: #000080;\">Na nasze postrzeganie \u015bwiata arabskiego sk\u0142ada si\u0119 wiele czynnik\u00f3w natury politycznej i gospodarczej, kt\u00f3re tak naprawd\u0119 s\u0105 pok\u0142osiem arabskiej wiosny. W grudniu minie pi\u0119\u0107 lat od wybuchu fali demokratycznych rewolucji. Ich bilans jest jednoznaczny \u2013 nadzieje na zmian\u0119 polityczn\u0105 zosta\u0142y ca\u0142kowicie zniweczone. Dzi\u015b we wszystkich krajach, z wyj\u0105tkiem Tunezji, do g\u0142osu dochodz\u0105 osoby, delikatnie m\u00f3wi\u0105c, sceptyczne wobec demokracji. Cho\u0107 ostatnie wydarzenia z Tunisu \u2013 atak terrorystyczny na Muzeum Bardo, w wyniku kt\u00f3rego zgin\u0119\u0142o te\u017c kilku Polak\u00f3w \u2013 dowodz\u0105 braku stabilno\u015bci tak\u017ce i w tym kraju.<\/span><\/p>\n<p style=\"text-align: left;\"><span style=\"color: #333333;\"><strong>Wcze\u015bniej by\u0142o lepiej?<\/strong><\/span><\/p>\n<p style=\"text-align: left;\"><span style=\"color: #000080;\">Inaczej. Poprzednie ustroje bli\u017csze by\u0142y autorytarnym. Dzi\u015b nowe demokracje s\u0105 tylko fasadami, za kt\u00f3rymi cz\u0119sto kryje si\u0119 \u0142amanie praw obywatelskich. Pa\u0144stwa te s\u0105 niestabilne, dopiero szuka si\u0119 tam nowych standard\u00f3w. Kosmetyczna liberalizacja ograniczy\u0142a si\u0119 do zmian w gospodarce, ale i w tym obszarze ci\u0119\u017cko m\u00f3wi\u0107 o jakiejkolwiek stabilizacji.<\/span><\/p>\n<p><img decoding=\"async\" class=\" aligncenter\" src=\"http:\/\/kulturaliberalna.pl\/wp-content\/uploads\/2015\/03\/3_G\u00f3rak_Sosnowska_Fot.-Ramy-Raoof_\u0179r\u00f3\u0142o-Flickr.jpg\" alt=\"\" width=\"710\" \/><\/p>\n<pre style=\"text-align: center;\"> Fot. Ramy Raoof_\u0179r\u00f3d\u0142o: Flickr<\/pre>\n<p style=\"text-align: left;\"><span style=\"color: #333333;\"><strong>Podczas zesz\u0142orocznej Debaty Tischnerowskiej Shalini Randeria, charakteryzuj\u0105c przemiany ustrojowe w Azji, zwr\u00f3ci\u0142a uwag\u0119 na znaczenie sekwencji transformacyjnej: najpierw demokratyzacja, nast\u0119pnie sekularyzacja, a dopiero potem indywidualizacja. Zdaniem indyjskiej antropolo\u017cki, taki model ewolucji ustrojowej zmniejsza prawdopodobie\u0144stwo kryzysu.<\/strong><\/span><\/p>\n<p style=\"text-align: left;\"><span style=\"color: #000080;\">Do\u015bwiadczenia \u015bwiata arabskiego cz\u0119\u015bciowo potwierdzaj\u0105 ten model transformacyjny, co nie oznacza, \u017ce ko\u0144czy go zwyci\u0119stwo demokracji liberalnej. Dzi\u015b wi\u0119kszo\u015b\u0107 pa\u0144stw Bliskiego Wschodu i Afryki P\u00f3\u0142nocnej zaliczy\u0142abym raczej do demokracji fasadowych. Sytuacja najbardziej stabilna jest w Turcji, ale tam transformacja zacz\u0119\u0142a si\u0119 przed stu laty. Najwi\u0119kszy chaos panuje w Libii \u2013 kt\u00f3r\u0105 nazwa\u0142abym po prostu pa\u0144stwem upad\u0142ym. Ciekawym przyk\u0142adem do naszej rozmowy s\u0105 kraje po\u0142o\u017cone na zachodnim brzegu Zatoki Perskiej \u2013 monarchie konstytucyjne, czyli Kuwejt i Bahrajn oraz monarchie absolutne, czyli Katar i Arabia Saudyjska. Ich ustroje nie s\u0105 oczywi\u015bcie demokratyczne.<\/span><\/p>\n<p style=\"text-align: left;\"><span style=\"color: #333333;\"><strong>Mieszka\u0144cy tych pa\u0144stw nie d\u0105\u017c\u0105 do zmiany ustrojowej?<\/strong><\/span><\/p>\n<p style=\"text-align: left;\"><span style=\"color: #000080;\">W sytuacji, gdy \u017cyje im si\u0119 relatywnie dobrze \u2013 oczywi\u015bcie m\u00f3wi\u0119 tu o obywatelach pa\u0144stw Zatoki, a nie o imigrantach przybywaj\u0105cych do tego regionu \u2013 ich aspiracje wolno\u015bciowe nie s\u0105 wyra\u017anie artyku\u0142owane. Jaki\u015b czas temu uczestniczy\u0142am w konferencji w Katarze, w kt\u00f3rej g\u0142os zabra\u0142y kolejno Egipcjanka, Tunezyjka i Katarka. Dwie pierwsze prelegentki uporczywie, wr\u0119cz martyrologicznie, podkre\u015bla\u0142y znaczenie walki o demokracj\u0119. Katarka odnios\u0142a si\u0119 ich wyst\u0105pie\u0144 lakonicznym stwierdzeniem: \u201eW\u0142adze mojego pa\u0144stwa doskonale wiedz\u0105, jakie mamy potrzeby i s\u0105 w stanie za nas je zrealizowa\u0107\u201d.<\/span><\/p>\n<p style=\"text-align: right;\"><span style=\"color: #000080;\">Czytaj dalej tu: <span style=\"text-decoration: underline;\"><strong><a style=\"color: #000080; text-decoration: underline;\" href=\"http:\/\/kulturaliberalna.pl\/2015\/03\/24\/wywiad-katarzyna-gorak-sosnowska-arabska-wiosna\/\" target=\"_blank\">Drugiego arabskiego&#8230;<\/a><\/strong><\/span><\/span><\/p>\n<hr style=\"height: 15px; background: #d0e6fa; width: 710px;\" \/>\n<div id=\"content\" class=\"  content-alignment&lt;br \/&gt;&lt;br \/&gt; \">\n<div id=\"watch-description\" class=\"yt-uix-button-panel\">\n<div id=\"watch-description-text\">\n<p style=\"text-align: center;\"><span style=\"color: #808080;\"> twoje uwagi, linki, wlasne artykuly, lub wiadomosci przeslij do: <strong><span style=\"text-decoration: underline;\"><span style=\"color: #808080; text-decoration: underline;\"><a href=\"mailto:webmaster@reunion68.com\">webmaster@reunion68.com<\/a><\/span><\/span><\/strong><\/span><\/p>\n<\/div>\n<\/div>\n<\/div>\n<p>&nbsp;<\/p>\n<hr style=\"width: 710px;\" \/>\n","protected":false},"excerpt":{"rendered":"<p>Drugiego arabskiego przebudzenia nie b\u0119dzie Z Katarzyn\u0105 G\u00f3rak-Sosnowsk\u0105 rozmawia B\u0142a\u017cej Pop\u0142awski \u201eDemokracje nieliberalne, fasadowe, ustroje hybrydowe \u2013 to moim zdaniem polityczna przysz\u0142o\u015b\u0107 \u015bwiata muzu\u0142ma\u0144skiego\u201d, m\u00f3wi ekonomistka i islamolog ze Szko\u0142y G\u0142\u00f3wnej Handlowej. B\u0142a\u017cej Pop\u0142awski: Dlaczego w rankingu Freedom in the World \u015bwiat arabski wypada tak fatalnie? Wed\u0142ug ameryka\u0144skich analityk\u00f3w, kt\u00f3rzy co roku przygotowuj\u0105 to zestawienie, [&hellip;]<\/p>\n","protected":false},"author":1,"featured_media":0,"comment_status":"closed","ping_status":"closed","sticky":false,"template":"","format":"standard","meta":[],"categories":[6],"tags":[24],"_links":{"self":[{"href":"https:\/\/www.reunion68.se\/index.php?rest_route=\/wp\/v2\/posts\/16730"}],"collection":[{"href":"https:\/\/www.reunion68.se\/index.php?rest_route=\/wp\/v2\/posts"}],"about":[{"href":"https:\/\/www.reunion68.se\/index.php?rest_route=\/wp\/v2\/types\/post"}],"author":[{"embeddable":true,"href":"https:\/\/www.reunion68.se\/index.php?rest_route=\/wp\/v2\/users\/1"}],"replies":[{"embeddable":true,"href":"https:\/\/www.reunion68.se\/index.php?rest_route=%2Fwp%2Fv2%2Fcomments&post=16730"}],"version-history":[{"count":23,"href":"https:\/\/www.reunion68.se\/index.php?rest_route=\/wp\/v2\/posts\/16730\/revisions"}],"predecessor-version":[{"id":16754,"href":"https:\/\/www.reunion68.se\/index.php?rest_route=\/wp\/v2\/posts\/16730\/revisions\/16754"}],"wp:attachment":[{"href":"https:\/\/www.reunion68.se\/index.php?rest_route=%2Fwp%2Fv2%2Fmedia&parent=16730"}],"wp:term":[{"taxonomy":"category","embeddable":true,"href":"https:\/\/www.reunion68.se\/index.php?rest_route=%2Fwp%2Fv2%2Fcategories&post=16730"},{"taxonomy":"post_tag","embeddable":true,"href":"https:\/\/www.reunion68.se\/index.php?rest_route=%2Fwp%2Fv2%2Ftags&post=16730"}],"curies":[{"name":"wp","href":"https:\/\/api.w.org\/{rel}","templated":true}]}}