{"id":16781,"date":"2015-03-25T19:10:48","date_gmt":"2015-03-25T17:10:48","guid":{"rendered":"http:\/\/www.reunion68.se\/?p=16781"},"modified":"2015-03-25T18:53:38","modified_gmt":"2015-03-25T16:53:38","slug":"16781","status":"publish","type":"post","link":"https:\/\/www.reunion68.se\/?p=16781","title":{"rendered":"Polinizacja historii. O wystawie sta\u0142ej Muzeum Historii \u017byd\u00f3w Polskich"},"content":{"rendered":"<h5 style=\"text-align: center;\"><a href=\"http:\/\/kulturaliberalna.pl\" target=\"_blank\"><img decoding=\"async\" class=\"center alignleft\" src=\"http:\/\/www.reunion68.com\/Biuletyn\/img\/k-liberalna.png\" alt=\"\" \/><\/a><span style=\"text-decoration: underline; color: #000080;\"><span style=\"text-decoration: underline;\"><strong><a style=\"color: #000080; text-decoration: underline;\" href=\"http:\/\/kulturaliberalna.pl\/2015\/03\/24\/konrad-matyjaszek-mhzp-wystawa-stala-recenzja\/\" target=\"_blank\">Polinizacja historii. O wystawie sta\u0142ej Muzeum Historii \u017byd\u00f3w Polskich <\/a><\/strong><\/span><\/span><\/h5>\n<p style=\"text-align: center;\"><span style=\"color: #333333;\"><strong>Konrad Matyjaszek<\/strong><\/span><\/p>\n<hr style=\"height: 15px; background: #d0e6fa; width: 710px;\" \/>\n<p style=\"text-align: left;\"><span style=\"color: #333333;\"><strong>Przedstawienie historii \u017byd\u00f3w i Polak\u00f3w to du\u017ce wyzwanie \u2013 wymaga pogodzenia odmiennych wniosk\u00f3w i interpretacji oraz znalezienia odpowiedniego j\u0119zyka dla wyra\u017cenia zar\u00f3wno jasnych stron wsp\u00f3lnej przesz\u0142o\u015bci, jak i bolesnej traumy. Czy unikanie trudnych temat\u00f3w jest rozwi\u0105zaniem tego problemu?<\/strong><\/span><\/p>\n<p style=\"text-align: left;\"><span style=\"color: #000080;\">\u201eJe\u015bli konieczna jest nieustaj\u0105ca \u017ca\u0142oba na ziemi ludob\u00f3jstwa \u017byd\u00f3w, wymaga ona zupe\u0142nie innego imaginarium\u201d ni\u017c to dostarczane przez patriotyczno-narodowe mitologie, pisze Maria Janion w eseju o polskich wyobra\u017ceniach w\u0142asnych [1]. Wydawa\u0107 si\u0119 mo\u017ce, \u017ce dla tw\u00f3rc\u00f3w warszawskiego Muzeum Historii \u017byd\u00f3w Polskich POLIN, kolejnej du\u017cej sto\u0142ecznej ekspozycji historycznej po Muzeum Powstania Warszawskiego, s\u0142owa te stanowi\u0142y istotny punkt odniesienia. Wystaw\u0119 g\u0142\u00f3wn\u0105 otwarto w pa\u017adzierniku 2014 r., za\u015b mieszcz\u0105cy j\u0105 budynek, szklano-betonow\u0105 bry\u0142\u0119 autorstwa fi\u0144skiego architekta Rainera Mahlamakiego, udost\u0119pniono odwiedzaj\u0105cym ju\u017c p\u00f3\u0142tora roku wcze\u015bniej, przy okazji 70. rocznicy powstania w warszawskim getcie. Budowla znajduje si\u0119 naprzeciw pomnika upami\u0119tniaj\u0105cego powstanie z 1943 roku i Zag\u0142ad\u0119 \u017cydowskiej Warszawy, na dzia\u0142ce przecinanej na skos przez niewidoczn\u0105 o\u015b przedwojennej ulicy Zamenhofa, g\u0142\u00f3wnej drogi na Umschlagplatz, po\u015brodku zbudowanego na gruzach Muranowa. Na ziemi ludob\u00f3jstwa \u017byd\u00f3w. Przez rozcinaj\u0105cy budowl\u0119 na dwie cz\u0119\u015bci hall wej\u015bciowy, uformowany krzywoliniowymi \u015bcianami na kszta\u0142t geologicznej rozpadliny, odwiedzaj\u0105cy dochodz\u0105 do tylnej cz\u0119\u015bci budynku, sk\u0105d schody prowadz\u0105 w d\u00f3\u0142. Tam, sze\u015b\u0107 metr\u00f3w poni\u017cej poziomu muranowskiego gruntu, znajduje si\u0119 wystawa g\u0142\u00f3wna. Je\u015bli chodzi o \u201eziemi\u0119\u201d wspomnian\u0105 przez Janion \u2013 nie da si\u0119 by\u0107 bli\u017cej.<\/span><\/p>\n<div style=\"width: 710px\" class=\"wp-caption aligncenter\"><img decoding=\"async\" loading=\"lazy\" src=\"http:\/\/kulturaliberalna.pl\/wp-content\/uploads\/2015\/03\/mhzp2-550x345.jpg\" alt=\"mhzp2\" width=\"700\" height=\"345\" \/><p class=\"wp-caption-text\"><span style=\"color: #000080;\"><em>Fotografie: M. Starowieyska, D.Golik \/ Muzeum Historii \u017byd\u00f3w Polskich POLIN<\/em><\/span><\/p><\/div>\n<p style=\"text-align: left;\"><span style=\"color: #000080;\">Blisko\u015b\u0107 Muzeum Historii \u017byd\u00f3w Polskich wzgl\u0119dem Zag\u0142ady jest tak samo wyra\u017ana w przestrzeni narracyjnej, jak w przestrzeni architektonicznej. W przestrzeni narracji \u2013 zar\u00f3wno tej komunikowanej przez wystaw\u0119 g\u0142\u00f3wn\u0105, jak i w narracji na temat muzeum \u2013 dochodzi jednak do nag\u0142ej zmiany kierunku patrzenia. Usytuowawszy Muzeum w blisko\u015bci wobec przestrzeni Zag\u0142ady, jego tw\u00f3rcy zdecydowali si\u0119 na skonstruowanie symetrycznej opozycji pomi\u0119dzy t\u0105 przestrzeni\u0105 a powsta\u0142\u0105 w niej instytucj\u0105. \u201eOpowiadamy o \u017cyciu\u201d \u2013 deklarowa\u0142a Barbara Kirshenblatt-Gimblett, dyrektor programowa wystawy g\u0142\u00f3wnej, po czym doda\u0142a, \u017ce \u201eostatni\u0105 rzecz\u0105, kt\u00f3rej potrzebowa\u0142a Polska, by\u0142o muzeum Holokaustu\u201d. Podobne deklaracje zabrzmia\u0142y jeszcze wyra\u017aniej w ustach Dariusza Stoli, dyrektora Muzeum, kt\u00f3ry zapowiedzia\u0142: \u201etworzymy muzeum \u017cycia, a nie \u015bmierci\u201d, kt\u00f3re nie jest przy tym muzeum antysemityzmu, kt\u00f3rego utworzenie \u2013 zdaniem Stoli \u2013 pozostawa\u0142oby raczej w gestii samych antysemit\u00f3w.<\/span><\/p>\n<div style=\"width: 140px\" class=\"wp-caption alignleft\"><img decoding=\"async\" loading=\"lazy\" class=\"center\" src=\"http:\/\/www.reunion68.com\/Biuletyn\/img\/wlodek-roz.jpg\" alt=\"\" width=\"130\" height=\"201\" \/><p class=\"wp-caption-text\"><span style=\"color: #000080;\"><em>polecil: Vlady Rozenbaum<\/em><\/span><\/p><\/div>\n<p style=\"text-align: left;\"><span style=\"color: #000080;\">Umieszczenie realizuj\u0105cej te wytyczne muzealnej narracji w miejskiej przestrzeni, kt\u00f3ra z opowie\u015bci\u0105 t\u0105 gwa\u0142townie kontrastuje, buduje dynamik\u0119 omawianej ekspozycji. Podczas przygl\u0105dania si\u0119 bli\u017cej tej dynamice, warto zapyta\u0107 o wp\u0142yw pow\u015bci\u0105gliwo\u015bci tw\u00f3rc\u00f3w Muzeum wobec muranowskiej ziemi na szanse zaistnienia postulowanej przez Janion \u017ca\u0142oby. Przede wszystkim za\u015b nale\u017cy przyjrze\u0107 si\u0119 strukturze komunikowanego przez wystaw\u0119 g\u0142\u00f3wn\u0105 imaginarium.<\/span><\/p>\n<p style=\"text-align: right;\"><span style=\"color: #000080;\">Czytaj dalej tu: <a style=\"color: #000080; text-decoration: underline;\" href=\"http:\/\/kulturaliberalna.pl\/2015\/03\/24\/konrad-matyjaszek-mhzp-wystawa-stala-recenzja\/\" target=\"_blank\"><span style=\"text-decoration: underline;\"><strong>Polinizacja historii..<\/strong><\/span>.<\/a><\/span><\/p>\n<hr style=\"height: 15px; background: #d0e6fa; width: 710px;\" \/>\n<div id=\"content\" class=\"  content-alignment&lt;br \/&gt;&lt;br \/&gt; \">\n<div id=\"watch-description\" class=\"yt-uix-button-panel\">\n<div id=\"watch-description-text\">\n<p style=\"text-align: center;\"><span style=\"color: #808080;\"> twoje uwagi, linki, wlasne artykuly, lub wiadomosci przeslij do: <strong><span style=\"text-decoration: underline;\"><span style=\"color: #808080; text-decoration: underline;\"><a href=\"mailto:webmaster@reunion68.com\">webmaster@reunion68.com<\/a><\/span><\/span><\/strong><\/span><\/p>\n<\/div>\n<\/div>\n<\/div>\n<p>&nbsp;<\/p>\n<hr style=\"width: 710px;\" \/>\n","protected":false},"excerpt":{"rendered":"<p>Polinizacja historii. O wystawie sta\u0142ej Muzeum Historii \u017byd\u00f3w Polskich Konrad Matyjaszek Przedstawienie historii \u017byd\u00f3w i Polak\u00f3w to du\u017ce wyzwanie \u2013 wymaga pogodzenia odmiennych wniosk\u00f3w i interpretacji oraz znalezienia odpowiedniego j\u0119zyka dla wyra\u017cenia zar\u00f3wno jasnych stron wsp\u00f3lnej przesz\u0142o\u015bci, jak i bolesnej traumy. Czy unikanie trudnych temat\u00f3w jest rozwi\u0105zaniem tego problemu? \u201eJe\u015bli konieczna jest nieustaj\u0105ca \u017ca\u0142oba na [&hellip;]<\/p>\n","protected":false},"author":1,"featured_media":0,"comment_status":"closed","ping_status":"closed","sticky":false,"template":"","format":"standard","meta":[],"categories":[6],"tags":[24],"_links":{"self":[{"href":"https:\/\/www.reunion68.se\/index.php?rest_route=\/wp\/v2\/posts\/16781"}],"collection":[{"href":"https:\/\/www.reunion68.se\/index.php?rest_route=\/wp\/v2\/posts"}],"about":[{"href":"https:\/\/www.reunion68.se\/index.php?rest_route=\/wp\/v2\/types\/post"}],"author":[{"embeddable":true,"href":"https:\/\/www.reunion68.se\/index.php?rest_route=\/wp\/v2\/users\/1"}],"replies":[{"embeddable":true,"href":"https:\/\/www.reunion68.se\/index.php?rest_route=%2Fwp%2Fv2%2Fcomments&post=16781"}],"version-history":[{"count":12,"href":"https:\/\/www.reunion68.se\/index.php?rest_route=\/wp\/v2\/posts\/16781\/revisions"}],"predecessor-version":[{"id":16783,"href":"https:\/\/www.reunion68.se\/index.php?rest_route=\/wp\/v2\/posts\/16781\/revisions\/16783"}],"wp:attachment":[{"href":"https:\/\/www.reunion68.se\/index.php?rest_route=%2Fwp%2Fv2%2Fmedia&parent=16781"}],"wp:term":[{"taxonomy":"category","embeddable":true,"href":"https:\/\/www.reunion68.se\/index.php?rest_route=%2Fwp%2Fv2%2Fcategories&post=16781"},{"taxonomy":"post_tag","embeddable":true,"href":"https:\/\/www.reunion68.se\/index.php?rest_route=%2Fwp%2Fv2%2Ftags&post=16781"}],"curies":[{"name":"wp","href":"https:\/\/api.w.org\/{rel}","templated":true}]}}