{"id":16966,"date":"2015-03-27T19:09:53","date_gmt":"2015-03-27T17:09:53","guid":{"rendered":"http:\/\/www.reunion68.se\/?p=16966"},"modified":"2015-03-27T14:39:16","modified_gmt":"2015-03-27T12:39:16","slug":"16966","status":"publish","type":"post","link":"https:\/\/www.reunion68.se\/?p=16966","title":{"rendered":"Agresje przeciwko chrze\u015bcijanom nie s\u0105 brane pod uwag\u0119 jako takie"},"content":{"rendered":"<h5 style=\"text-align: center;\"><a href=\"http:\/\/www.causeur.fr\/\" target=\"_blank\"><img decoding=\"async\" class=\"center alignleft\" src=\"http:\/\/www.reunion68.com\/Biuletyn\/img\/francja.png\" alt=\"\" width=\"250\" \/><\/a><span style=\"text-decoration: underline; color: #000080;\"><span style=\"text-decoration: underline;\"><strong><a style=\"color: #000080; text-decoration: underline;\" href=\"http:\/\/www.causeur.fr\/chretiens-occident-eglise-cimetiere-profanation-31807.html\" target=\"_blank\">Agresje przeciwko chrze\u015bcijanom nie s\u0105 brane pod uwag\u0119 jako takie<\/a><\/strong><\/span><\/span><\/h5>\n<p style=\"text-align: center;\"><span style=\"color: #333333;\"><strong>Pascal Bories<\/strong><br \/>\n<\/span><\/p>\n<hr style=\"height: 15px; background: #d0e6fa; width: 710px;\" \/>\n<div id=\"attachment_31808\" style=\"width: 470px\" class=\"wp-caption alignright\"><img aria-describedby=\"caption-attachment-31808\" decoding=\"async\" loading=\"lazy\" class=\"wp-image-31808 size-full\" title=\"chretiens-occident-profanation-cimetiere-eglise\" src=\"http:\/\/www.causeur.fr\/wp-content\/uploads\/2015\/03\/chretiens-occident-profanation-cimetiere-eglise.jpg\" alt=\"Chr\u00e9tiens Occident profanation cimeti\u00e8re \u00e9glise\" width=\"460\" height=\"280\" \/><p id=\"caption-attachment-31808\" class=\"wp-caption-text\"><em><span style=\"color: #000080;\">Profanacja chrze\u015bcija\u0144skich cmentarzy.<\/span><\/em><\/p><\/div>\n<p><span style=\"color: #333333;\"><strong>A tymczasem, chrze\u015bcijanie na Zachodzie\u2026<\/strong><\/span><\/p>\n<p style=\"text-align: left;\"><span style=\"color: #000080;\">Podczas kiedy setki tysi\u0119cy chrze\u015bcijan na Wschodzie, kt\u00f3rych islami\u015bci nazywaj\u0105 \u00ab wielbicielami Krzy\u017ca \u00bb, jest prze\u015bladowanych w imi\u0119 wiary przez Arab\u00f3w, Francja uchodzi za schronienie. Tutaj nie zabija si\u0119 chrze\u015bcijanina za to, \u017ce nim jest. Lecz r\u00f3\u017cne ko\u015bcio\u0142y i cmentarze nie znaj\u0105 spokoju. Podczas kiedy we Francji bez przerwy m\u00f3wi si\u0119 o \u00ab islamofobii \u00bb, wygl\u0105da na to, \u017ce agresje antykatolickie nie s\u0105 szczeg\u00f3lnie dostrzegane.<\/span><\/p>\n<p style=\"text-align: left;\"><span style=\"color: #000080;\">Na przyk\u0142ad w zesz\u0142ym tygodniu, w departamencie Essonne, w mie\u015bcie Maisse, mia\u0142o miejsce wydarzenie ledwo zacytowane w paru liniach na stronie internetowej gazety Le Parisien oraz w gazetce lokalnej. W \u015brod\u0119 4-go marca, Ksi\u0105dz parafii, Lucjan Zomahun, udaje si\u0119 do ko\u015bcio\u0142a gdzie odkrywa nies\u0142ychane \u00ab pobojowisko\u00bb : na \u015brodku kaplicy, \u0142awki i dekoracje poprzewracane, spalone\u2026 \u00ab Przestraszy\u0142em si\u0119, m\u00f3wi Ksi\u0105dz. Nigdy nie mieli\u015bmy problemu, cho\u0107 w okolicy, w autobusach, cz\u0119sto s\u0142yszy si\u0119 m\u0142odych, gro\u017c\u0105cych podpaleniem ko\u015bcio\u0142\u00f3w. \u00bb Ksi\u0105dz zawiadamia wi\u0119c policje, kt\u00f3ra tego\u017c dnia popoludniu wzywa dwudziestopi\u0119cioletniego me\u017cczyzn\u0119. Po przes\u0142uchaniu w komisariacie, zosta\u0142 zamkni\u0119ty jako niezr\u00f3wnowa\u017cony.<\/span><br \/>\n<span style=\"color: #000080;\"> Natomiast nazajutrz, okolo 21:30, dwaj m\u0119\u017cczyzni w kominiarkach, wchodz\u0105 do ewangelickiego ko\u015bcio\u0142a w mie\u015bcie La Courneuve. Uzbrojoni w karabiny z kr\u00f3tk\u0105 lufa, gro\u017c\u0105 pi\u0119ciu wiernym, kradn\u0105 ich telefony kom\u00f3rkowe i torebki, po czym uciekaj\u0105&#8230; Po doniesieniach zosta\u0142o wszcz\u0119te \u015bledztwo. Lecz tym razem znowu, wiadomo\u015b\u0107 ta ukaza\u0142a si\u0119 tylko w jednej lub dw\u00f3ch kr\u00f3tkich informacjach w Internecie. Jak wida\u0107, tego rodzaju przest\u0119pstwa, r\u00f3\u017cni\u0105ce si\u0119 od aspo\u0142ecznych graffiti lub obelg, niezbyt interesuj\u0105 pa\u0144stwowe media.<\/span><\/p>\n<div style=\"width: 248px\" class=\"wp-caption alignleft\"><img decoding=\"async\" loading=\"lazy\" class=\"center\" src=\"http:\/\/www.reunion68.com\/Biuletyn\/img\/Elster.jpg\" alt=\"\" width=\"238\" height=\"397\" \/><p class=\"wp-caption-text\"><span style=\"color: #000080;\"><em>Foto: Irena Elster<\/em><\/span><\/p><\/div>\n<p style=\"text-align: left;\"><span style=\"color: #000080;\">Wed\u0142ug statystyk Ministerstwa Spraw Wewn\u0119trznych, budynki religijne oraz cmentarze chrze\u015bcijanskie ponosz\u0105 co roku 80% uszkodze\u0144 wymierzanych przeciwko wszelkim miejscom kultu religijnego we Francji. Lecz nikt nie m\u00f3wi o \u00ab kristianofobii \u00bb, albowiem : \u00ab Je\u015bli chodzi o akty antychrze\u015bcijanskie w por\u00f3wnaniu do akt\u00f3w antysemickich i akt\u00f3w antymuzu\u0142manskich, przedstawiciele poszczeg\u00f3lnych ko\u015bcio\u0142\u00f3w (sic) i miejsc kultu chrze\u015bcijanskiego nigdy nie zwracaj\u0105 si\u0119 do w\u0142adz publicznych ze szczeg\u00f3\u0142owo sformu\u0142owan\u0105 skarg\u0105 \u00bb, precyzuje w kwietniu 2013 ministerstwo w odpowiedzi na pytanie zadane pisemnie par\u0119 miesi\u0119cy wcze\u015bniej przez Marc\u2019a Le Fur, deputowanego UMP z regionu Cotes d\u2019Armor.<\/span><\/p>\n<p style=\"text-align: left;\"><span style=\"color: #000080;\">W sumie, francuscy chrze\u015bcijanie nigdy nie prezentowali si\u0119 jako grupa docelowa jakiej\u015b specyficznej \u00ab fobii \u00bb. Postawa ta, unikaj\u0105ca ofiarnej konkurencji, prawdopodobnie polega z ich strony na wyborze nie wyr\u00f3\u017cniania si\u0119 jako wsp\u00f3lnota religijna w kwestii degradacji miejsc kultu, r\u00f3wnie karalnej przez prawo jakie by nie by\u0142y jej motywacje. Ko\u015bci\u00f3\u0142 francuski ma pozosta\u0107 najlepszym sojusznikiem Republiki \u00ab jednej i niepodzielnej \u00bb, doprawdy ? To jednak si\u0119 mu chwali w czasach nawrotu wsp\u00f3lnotowego, podczas kiedy PS [Partia Socjalistyczna] &#8211; tak, tak PS ! \u2013 lansuje rozw\u00f3j prywatnych szk\u00f3\u0142 wyznaniowych.<\/span><\/p>\n<p style=\"text-align: left;\"><span style=\"color: #000080;\">Jak by nie by\u0142o, na sum\u0119 incydent\u00f3w odnotowanych w 2012 roku \u2013 667 dotycz\u0105cych miejsc kultu &#8211; nale\u017cy wliczy\u0107 nie mniej ni\u017c 543 agresji w stosunku do miejsc chrze\u015bcijanskich. Cmentarz \u017cydowski w Sarre-Union \u2013 po kt\u00f3rego kolejnej profanacji s\u0142usznie Francja si\u0119 oburzy\u0142a \u2013 w par\u0119 tygodni po zabiciu czterech \u017byd\u00f3w w Pary\u017cu, oko\u0142o dwadzie\u015bcia cmentarzy katolickich zosta\u0142o zdewastowanych. Dla jednego podjudzonego, kt\u00f3ry dobiera si\u0119 do meczetu, co roku zostaje zdegradowanych sze\u015b\u0107 lub siedem ko\u015bcio\u0142\u00f3w. Kto chce us\u0142ysze\u0107, ten us\u0142yszy\u2026<\/span><\/p>\n<p style=\"text-align: right;\"><span style=\"color: #333333;\">T\u0142umaczy\u0142a z francuskiego:<strong> Irena Elster<\/strong><\/span><\/p>\n<hr style=\"height: 15px; background: #d0e6fa; width: 710px;\" \/>\n<div id=\"content\" class=\"  content-alignment&lt;br \/&gt;&lt;br \/&gt; \">\n<div id=\"watch-description\" class=\"yt-uix-button-panel\">\n<div id=\"watch-description-text\">\n<p style=\"text-align: center;\"><span style=\"color: #808080;\"> twoje uwagi, linki, wlasne artykuly, lub wiadomosci przeslij do: <strong><span style=\"text-decoration: underline;\"><span style=\"color: #808080; text-decoration: underline;\"><a href=\"mailto:webmaster@reunion68.com\">webmaster@reunion68.com<\/a><\/span><\/span><\/strong><\/span><\/p>\n<\/div>\n<\/div>\n<\/div>\n<p>&nbsp;<\/p>\n<hr style=\"width: 710px;\" \/>\n","protected":false},"excerpt":{"rendered":"<p>Agresje przeciwko chrze\u015bcijanom nie s\u0105 brane pod uwag\u0119 jako takie Pascal Bories A tymczasem, chrze\u015bcijanie na Zachodzie\u2026 Podczas kiedy setki tysi\u0119cy chrze\u015bcijan na Wschodzie, kt\u00f3rych islami\u015bci nazywaj\u0105 \u00ab wielbicielami Krzy\u017ca \u00bb, jest prze\u015bladowanych w imi\u0119 wiary przez Arab\u00f3w, Francja uchodzi za schronienie. Tutaj nie zabija si\u0119 chrze\u015bcijanina za to, \u017ce nim jest. Lecz r\u00f3\u017cne ko\u015bcio\u0142y [&hellip;]<\/p>\n","protected":false},"author":1,"featured_media":0,"comment_status":"closed","ping_status":"closed","sticky":false,"template":"","format":"standard","meta":[],"categories":[6],"tags":[24],"_links":{"self":[{"href":"https:\/\/www.reunion68.se\/index.php?rest_route=\/wp\/v2\/posts\/16966"}],"collection":[{"href":"https:\/\/www.reunion68.se\/index.php?rest_route=\/wp\/v2\/posts"}],"about":[{"href":"https:\/\/www.reunion68.se\/index.php?rest_route=\/wp\/v2\/types\/post"}],"author":[{"embeddable":true,"href":"https:\/\/www.reunion68.se\/index.php?rest_route=\/wp\/v2\/users\/1"}],"replies":[{"embeddable":true,"href":"https:\/\/www.reunion68.se\/index.php?rest_route=%2Fwp%2Fv2%2Fcomments&post=16966"}],"version-history":[{"count":21,"href":"https:\/\/www.reunion68.se\/index.php?rest_route=\/wp\/v2\/posts\/16966\/revisions"}],"predecessor-version":[{"id":16969,"href":"https:\/\/www.reunion68.se\/index.php?rest_route=\/wp\/v2\/posts\/16966\/revisions\/16969"}],"wp:attachment":[{"href":"https:\/\/www.reunion68.se\/index.php?rest_route=%2Fwp%2Fv2%2Fmedia&parent=16966"}],"wp:term":[{"taxonomy":"category","embeddable":true,"href":"https:\/\/www.reunion68.se\/index.php?rest_route=%2Fwp%2Fv2%2Fcategories&post=16966"},{"taxonomy":"post_tag","embeddable":true,"href":"https:\/\/www.reunion68.se\/index.php?rest_route=%2Fwp%2Fv2%2Ftags&post=16966"}],"curies":[{"name":"wp","href":"https:\/\/api.w.org\/{rel}","templated":true}]}}