{"id":16988,"date":"2015-03-28T14:09:28","date_gmt":"2015-03-28T12:09:28","guid":{"rendered":"http:\/\/www.reunion68.se\/?p=16988"},"modified":"2015-03-27T14:59:08","modified_gmt":"2015-03-27T12:59:08","slug":"16988","status":"publish","type":"post","link":"https:\/\/www.reunion68.se\/?p=16988","title":{"rendered":"Wizerunek Polaka w polskoj\u0119zycznej prasie \u017cydowskiej"},"content":{"rendered":"<h5 style=\"text-align: center;\"><a href=\"http:\/\/www.jhi.pl\/\" target=\"_blank\"><img decoding=\"async\" class=\"center alignleft\" src=\"http:\/\/www.reunion68.com\/Biuletyn\/img\/zih-1.png\" alt=\"\" \/><\/a><span style=\"text-decoration: underline; color: #000080;\"><span style=\"text-decoration: underline;\"><strong><a style=\"color: #000080; text-decoration: underline;\" href=\"http:\/\/www.jhi.pl\/blog\/2015-03-25-wizerunek-polaka-w-polskojezycznej-prasie-zydowskiej\" target=\"_blank\">Wizerunek Polaka w polskoj\u0119zycznej prasie \u017cydowskiej<\/a><\/strong><\/span><\/span><\/h5>\n<p style=\"text-align: center;\"><span style=\"color: #333333;\"><strong>prof. dr hab. Anna Landau-Czajka<\/strong><\/span><\/p>\n<hr style=\"height: 15px; background: #d0e6fa; width: 710px;\" \/>\n<p><img decoding=\"async\" class=\" alignright\" src=\"http:\/\/www.jhi.pl\/uploads\/image\/file\/6750\/small__MGL6698@2x.jpg\" alt=\"Small  mgl6698\" width=\"350\" data-2x=\"\" \/><\/p>\n<p style=\"text-align: left;\"><span style=\"color: #000080;\">Wiele ju\u017c napisano prac dotycz\u0105cych historii \u017byd\u00f3w w Polsce i stosunk\u00f3w polsko-\u017cydowskich. Jednak niemal wszystkie przedstawiaj\u0105 sytuacj\u0119 z punktu widzenia strony polskiej, jak Polacy odnosili si\u0119 do wsp\u00f3\u0142obywateli \u2013 \u017byd\u00f3w, co o nich my\u015bleli, jakie stereotypy \u017byda funkcjonowa\u0142y w spo\u0142eczno\u015bci polskiej. Niezbadany pozosta\u0142 jednak ten problem widziany ze strony \u017cydowskiej. Praktycznie nie wiemy do dzi\u015b, jak w oczach \u017byd\u00f3w przedstawia\u0142a si\u0119 Polska i Polacy, czy istnia\u0142 jaki\u015b ugruntowany stereotyp narodowy. W dodatku funkcjonuje w niekt\u00f3rych \u015brodowiskach prze\u015bwiadczenie o \u201eantypolonizmie\u201d polskich \u017byd\u00f3w, zazwyczaj przyjmowane za prawd\u0119 absolutn\u0105, niewymagaj\u0105c\u0105 dowod\u00f3w. Okaza\u0142o si\u0119 jednak, \u017ce o ile stereotyp \u017byda (czy mo\u017ce raczej r\u00f3\u017cnorodne stereotypy \u017byd\u00f3w) jest niezwykle \u0142atwo odtworzy\u0107 na podstawie polskiej prasy mi\u0119dzywojennej, o tyle nie da si\u0119 zrobi\u0107 rzeczy odwrotnej \u2013 odtworzy\u0107 stereotypu Polaka w polskoj\u0119zycznej prasie \u017cydowskiej. Nale\u017ca\u0142o wi\u0119c szuka\u0107 dalej, aby przynajmniej zbli\u017cy\u0107 si\u0119 do problemu, jak widzia\u0142, czy mo\u017ce raczej przedstawia\u0142 spo\u0142ecze\u0144stwo polskie akulturowany od\u0142am \u017cydowskich dziennikarzy. Ksi\u0105\u017cka zosta\u0142a zatem poszerzona o stosunek prasy do Polski jako ojczyzny i o przedstawianie \u017cydowskiego patriotyzmu. Innymi s\u0142owy: jak \u017cydowska prasa akulturowana odnosi\u0142a si\u0119 do Polski i Polak\u00f3w? Czy pokazywa\u0142a swoim czytelnikom jaki\u015b sp\u00f3jny obraz, czy te\u017c mo\u017ce zale\u017ca\u0142o to od charakteru pisma, tematyki, dora\u017anych potrzeb.<\/span><\/p>\n<p style=\"text-align: center;\"><span style=\"text-decoration: underline; color: #000080;\"><strong><a style=\"color: #000080; text-decoration: underline;\" href=\"http:\/\/www.sforim.pl\/Polska-to-nie-oni-Polska-i-Polacy-w-polskojezyczn%283,1314,2012%29.aspx\" target=\"_blank\">Ksi\u0105\u017cka jest dost\u0119pna w ksi\u0119garni.<\/a><\/strong><\/span><\/p>\n<p><em><strong>Anna Landau-Czajka,<\/strong> socjolog i historyk, profesor Instytutu Historii PAN i Wydzia\u0142u Nauk Spo\u0142ecznych SGGW, przewodnicz\u0105ca Rady Programowej \u017bIH. Zajmuje si\u0119 histori\u0105 stosunk\u00f3w polsko-\u017cydowskich, histori\u0105 kobiet i histori\u0105 spo\u0142eczn\u0105 XX wieku. Jest autork\u0105 ksi\u0105\u017cek: W jednym stali domu. Koncepcje rozwi\u0105zania kwestii \u017cydowskiej w publicystyce polskiej lat 1933\u20131939 (1998), Co Alicja odkrywa po w\u0142asnej stronie lustra. \u017bycie codzienne, spo\u0142ecze\u0144stwo, w\u0142adza w podr\u0119cznikach dla dzieci najm\u0142odszych 1785\u20132000 (2002), Syn b\u0119dzie Lech&#8230; Asymilacja \u017byd\u00f3w w Polsce mi\u0119dzywojennej (2006). Opublikowa\u0142a te\u017c cykl artyku\u0142\u00f3w, dotycz\u0105cych historii kobiet, w pracach zbiorowych z serii \u201eKobieta i&#8230;\u201d pod redakcj\u0105 Anny \u017barnowskiej i Andrzeja Szwarca.<\/em><\/p>\n<hr style=\"height: 15px; background: #d0e6fa; width: 710px;\" \/>\n<div id=\"content\" class=\"  content-alignment&lt;br \/&gt;&lt;br \/&gt; \">\n<div id=\"watch-description\" class=\"yt-uix-button-panel\">\n<div id=\"watch-description-text\">\n<p style=\"text-align: center;\"><span style=\"color: #808080;\"> twoje uwagi, linki, wlasne artykuly, lub wiadomosci przeslij do: <strong><span style=\"text-decoration: underline;\"><span style=\"color: #808080; text-decoration: underline;\"><a href=\"mailto:webmaster@reunion68.com\">webmaster@reunion68.com<\/a><\/span><\/span><\/strong><\/span><\/p>\n<\/div>\n<\/div>\n<\/div>\n<p>&nbsp;<\/p>\n<hr style=\"width: 710px;\" \/>\n","protected":false},"excerpt":{"rendered":"<p>Wizerunek Polaka w polskoj\u0119zycznej prasie \u017cydowskiej prof. dr hab. Anna Landau-Czajka Wiele ju\u017c napisano prac dotycz\u0105cych historii \u017byd\u00f3w w Polsce i stosunk\u00f3w polsko-\u017cydowskich. Jednak niemal wszystkie przedstawiaj\u0105 sytuacj\u0119 z punktu widzenia strony polskiej, jak Polacy odnosili si\u0119 do wsp\u00f3\u0142obywateli \u2013 \u017byd\u00f3w, co o nich my\u015bleli, jakie stereotypy \u017byda funkcjonowa\u0142y w spo\u0142eczno\u015bci polskiej. Niezbadany pozosta\u0142 jednak [&hellip;]<\/p>\n","protected":false},"author":1,"featured_media":0,"comment_status":"closed","ping_status":"closed","sticky":false,"template":"","format":"standard","meta":[],"categories":[4],"tags":[24],"_links":{"self":[{"href":"https:\/\/www.reunion68.se\/index.php?rest_route=\/wp\/v2\/posts\/16988"}],"collection":[{"href":"https:\/\/www.reunion68.se\/index.php?rest_route=\/wp\/v2\/posts"}],"about":[{"href":"https:\/\/www.reunion68.se\/index.php?rest_route=\/wp\/v2\/types\/post"}],"author":[{"embeddable":true,"href":"https:\/\/www.reunion68.se\/index.php?rest_route=\/wp\/v2\/users\/1"}],"replies":[{"embeddable":true,"href":"https:\/\/www.reunion68.se\/index.php?rest_route=%2Fwp%2Fv2%2Fcomments&post=16988"}],"version-history":[{"count":19,"href":"https:\/\/www.reunion68.se\/index.php?rest_route=\/wp\/v2\/posts\/16988\/revisions"}],"predecessor-version":[{"id":17002,"href":"https:\/\/www.reunion68.se\/index.php?rest_route=\/wp\/v2\/posts\/16988\/revisions\/17002"}],"wp:attachment":[{"href":"https:\/\/www.reunion68.se\/index.php?rest_route=%2Fwp%2Fv2%2Fmedia&parent=16988"}],"wp:term":[{"taxonomy":"category","embeddable":true,"href":"https:\/\/www.reunion68.se\/index.php?rest_route=%2Fwp%2Fv2%2Fcategories&post=16988"},{"taxonomy":"post_tag","embeddable":true,"href":"https:\/\/www.reunion68.se\/index.php?rest_route=%2Fwp%2Fv2%2Ftags&post=16988"}],"curies":[{"name":"wp","href":"https:\/\/api.w.org\/{rel}","templated":true}]}}