{"id":1701,"date":"2014-05-27T00:00:16","date_gmt":"2014-05-26T22:00:16","guid":{"rendered":"http:\/\/www.reunion68.se\/?p=1701"},"modified":"2014-05-26T19:54:54","modified_gmt":"2014-05-26T17:54:54","slug":"krakowski-festiwal-filmowy-25-maj-1-czerwca","status":"publish","type":"post","link":"https:\/\/www.reunion68.se\/?p=1701","title":{"rendered":"Krakowski Festiwal Filmowy 25 maj &#8211; 1 czerwca"},"content":{"rendered":"<p><img decoding=\"async\" class=\"alignright\" src=\"http:\/\/www.reunion68.com\/Biuletyn\/img\/jop-big.gif\" alt=\"\" width=\"200\" \/><\/p>\n<p><span style=\"color: #000080;\">Od 25 maja do 1 czerwca odbywa si\u0119 54.<\/span><strong><span style=\"color: #000080;\"> Krakowski Festiwal Filmowy <\/span><\/strong><span style=\"color: #000080;\">\u2013 impreza, kt\u00f3ra od 1961 roku popularyzuje artystyczne kino kr\u00f3tkometra\u017cowe i dokumentalne w Polsce. Tematyka \u017cydowska zawsze by\u0142a bliska Krakowskiemu Festiwalowi Filmowemu. W tym roku w\u015br\u00f3d wybranych film\u00f3w znalaz\u0142o si\u0119 tak\u017ce siedem dokument\u00f3w po\u015bwi\u0119conych zar\u00f3wno historii narodu \u017cydowskiego, jak i rzeczywisto\u015bci wsp\u00f3\u0142czesnego Izraela.<\/span><\/p>\n<hr \/>\n<p><span style=\"color: #000080;\"><strong>BORIS DORFMAN | BORIS DORFMAN \u2013 A MENTSH<br \/>\n<\/strong><\/span><span style=\"color: #000080;\">re\u017c. <strong>Uwe von Seltmann, Gabriela von Seltmann<\/strong> | dokument | Niemcy | 2014 | 52&#8242;<br \/>\n<\/span><span style=\"color: #000080;\">Kino Pod Baranami &#8211; Sala Niebieska | 27 maja | 14:45<\/span><\/p>\n<p><span style=\"color: #000080;\">Misj\u0105 Borisa Dorfmana \u2013 90-letniego pisarza i znawcy kultury \u017cydowskiej \u2013 jest ocalanie pami\u0119ci o lwowskich \u017bydach. Przed II wojn\u0105 \u015bwiatow\u0105 Lw\u00f3w by\u0142 miastem wieloetnicznym. Dzi\u015b spogl\u0105damy na samego Dorfmana jak na relikt z tamtego okresu. Bohater oprowadza nas po miejscach, w kt\u00f3rych mo\u017cemy jeszcze napotka\u0107 \u015blady przesz\u0142o\u015bci. Pr\u00f3ba ocalenia historii przodk\u00f3w jest r\u00f3wnie\u017c walk\u0105 o w\u0142asn\u0105 pami\u0119\u0107.<\/span><\/p>\n<p><strong><span style=\"color: #000080;\">BY\u0141A WOJNA | THERE ONCE WAS A WAR<br \/>\n<\/span><\/strong><span style=\"color: #000080;\">re\u017c. <strong>Maria Zmarz-Koczanowicz<\/strong> | dokument | Polska | 2013 | 55&#8242;<br \/>\n<\/span><span style=\"color: #000080;\">Kino Pod Baranami &#8211; Sala Niebieska | 27 maja | 14:45<\/span><\/p>\n<p><span style=\"color: #000080;\">Ryman\u00f3w, ma\u0142e podkarpackie miasteczko, przed wojn\u0105 zamieszkiwa\u0142a wielokulturowa spo\u0142eczno\u015b\u0107. Wojna i okupacja bezpowrotnie zniszczy\u0142y tamten \u015bwiat. Kilkoro m\u0142odych ludzi, kt\u00f3rzy przyje\u017cd\u017caj\u0105 tu na wakacje, pr\u00f3buje dociec prawdy o tym tragicznym okresie, r\u00f3wnie\u017c o tych najgorszych chwilach, obci\u0105\u017caj\u0105cych sumienie Polak\u00f3w. Uzupe\u0142nieniem rozm\u00f3w z mieszka\u0144cami s\u0105 materia\u0142y archiwalne i fragmenty prywatnego dziennika z czas\u00f3w wojny.<br \/>\n<\/span><\/p>\n<hr \/>\n<p><strong><span style=\"color: #000080;\">H-I-JEW POSITIVE<br \/>\n<\/span><\/strong><span style=\"color: #000080;\">re\u017c. <strong>Ronit Kertsner<\/strong> | dokument | Izrael, Polska | 2013 | 70&#8242;<br \/>\n<\/span><span style=\"color: #000080;\">Kino Pod Baranami &#8211; Sala Niebieska | 26 maja | 20:15<\/span><\/p>\n<p><span style=\"color: #000080;\">Opowie\u015b\u0107 o Polakach wychowywanych w wierze katolickiej, kt\u00f3rzy na r\u00f3\u017cnych etapach \u017cycia dowiaduj\u0105 si\u0119 o swoim \u017cydowskim pochodzeniu. S\u0105 potomkami drugiej i trzeciej generacji \u017byd\u00f3w ocala\u0142ych podczas Holocaustu: rodzice zataili przed nimi ich prawdziw\u0105 to\u017csamo\u015b\u0107, a teraz staj\u0105 przed dylematem \u2013 czy kontynuowa\u0107 tradycje, w kt\u00f3rych zostali wychowani, czy pod\u0105\u017cy\u0107 nieznan\u0105 drog\u0105 swoich przodk\u00f3w.<\/span><\/p>\n<hr \/>\n<p><strong><span style=\"color: #000080;\">KABARET \u015aMIERCI | THE CABARET OF DEATH<br \/>\n<\/span><\/strong><span style=\"color: #000080;\">re\u017c. <strong>Andrzej Celi\u0144ski<\/strong> | dokument | Polska | 2014 | 94&#8242;<br \/>\n<\/span><span style=\"color: #000080;\">Kino Pod Baranami &#8211; Sala Niebieska | 28 maja | 17:30<\/span><\/p>\n<p><span style=\"color: #000080;\">Opowie\u015b\u0107 o artystach \u017cydowskiego pochodzenia, kt\u00f3rzy organizowali w gettach i obozach koncentracyjnych przedstawienia, wyst\u0119py kabaretowe i koncerty. Film skupia si\u0119 na wydarzeniach z okresu okupacji, komentowanych przez ludzi kultury, m.in. Jana Szurmieja, Volkera K\u00fchna czy Leopolda Koz\u0142owskiego. Ca\u0142o\u015b\u0107 uzupe\u0142niaj\u0105 archiwalne materia\u0142y i efektowne sceny inscenizowane, w kt\u00f3rych stale powraca posta\u0107 Rubinsteina, szale\u0144ca i ulicznego b\u0142azna z getta warszawskiego.<\/span><\/p>\n<hr \/>\n<p><strong><span style=\"color: #000080;\">SAMUEL<br \/>\n<\/span><\/strong><span style=\"color: #000080;\">re\u017c. <strong>Jan Kidawa-B\u0142o\u0144ski<\/strong> | dokument | Polska | 2013 | 75&#8242;<br \/>\n<\/span><span style=\"color: #000080;\">Kino Mikro | 27 maja | 21:15<br \/>\n<\/span><span style=\"color: #000080;\">ARS Reduta | 30 maja | 15:15<\/span><\/p>\n<p><span style=\"color: #000080;\">Film o niezwyk\u0142ych losach Samuela Willenberga, rze\u017abiarza i malarza, wi\u0119\u017ania Treblinki, uczestnika powstania warszawskiego, kawalera Orderu Virtuti Militari, odznaczonego tak\u017ce Krzy\u017cem Komandorskim Orderu Zas\u0142ugi Rzeczypospolitej Polskiej. Bohater opowiada o swoim \u017cyciu, pocz\u0105wszy od dzieci\u0144stwa w rodzinnej Cz\u0119stochowie, przez burzliwe lata wojenne \u2013 w trakcie kt\u00f3rych bra\u0142 udzia\u0142 w buncie wi\u0119\u017ani\u00f3w obozu w Treblince, z kt\u00f3rego ostatecznie uciek\u0142 \u2013 a\u017c po obecne lata w Tel Awiwie.<br \/>\n<\/span><\/p>\n<hr \/>\n<p><strong><span style=\"color: #000080;\">STWORZONY DO WALKI | CHOOSE TO FIGHT<br \/>\n<\/span><\/strong><span style=\"color: #000080;\">re\u017c. <strong>Itay Livne<\/strong> | dokument | Izrael | 2013 | 51&#8242;<br \/>\n<\/span><span style=\"color: #000080;\">Ma\u0142opolski Ogr\u00f3d Sztuki (MOS 2) | 27 maja | 14:00<br \/>\n<\/span><span style=\"color: #000080;\">Ma\u0142opolski Ogr\u00f3d Sztuki (MOS 1) | 29 maja | 17:45<\/span><\/p>\n<p><span style=\"color: #000080;\">Nazwisko Skornik przesz\u0142o do historii izraelskiego sportu. Ocala\u0142y z Holocaustu nestor rodziny opracowa\u0142 pionierski styl w dziedzinie sztuk walki, w kt\u00f3rym specjalizowa\u0142 si\u0119 potem r\u00f3wnie\u017c jego syn. Dzi\u015b u progu sportowej kariery staje najm\u0142odsze pokolenie Skornik\u00f3w. Ma\u0142y Idan z trudem pr\u00f3buje sprosta\u0107 wyg\u00f3rowanym oczekiwaniom ojca i dziadka, kt\u00f3rzy ci\u0105gle \u017cyj\u0105 w cieniu przesz\u0142o\u015bci i na wszelkie sposoby chcieliby rozbudzi\u0107 w ch\u0142opcu bojowego ducha.<\/span><\/p>\n<hr \/>\n<p><strong><span style=\"color: #000080;\">SWATKA | DO YOU BELIEVE IN LOVE?<br \/>\n<\/span><\/strong><span style=\"color: #000080;\">re\u017c. <strong>Dan Wasserman<\/strong> | dokument | Izrael | 2013 | 50&#8242;<br \/>\n<\/span><span style=\"color: #000080;\">Ma\u0142opolski Ogr\u00f3d Sztuki (MOS 2) | 27 maja | 14:00<br \/>\n<\/span><span style=\"color: #000080;\">Ma\u0142opolski Ogr\u00f3d Sztuki (MOS 1) | 29 maja | 17:45<\/span><\/p>\n<p><span style=\"color: #000080;\">Od wielu lat Tova pomaga swoim klientom odnale\u017a\u0107 w \u017cyciu ich \u201edrug\u0105 po\u0142\u00f3wk\u0119\u201d. Ca\u0142kowicie sparali\u017cowana, biuro matrymonialne prowadzi we w\u0142asnym mieszkaniu, z pomoc\u0105 m\u0119\u017ca i c\u00f3rki. Przychodz\u0105 do niej kobiety i m\u0119\u017cczy\u017ani, m\u0142odzi i starzy, zdrowi i niepe\u0142nosprawni, pochodz\u0105cy z najr\u00f3\u017cniejszych \u015brodowisk. Swatka zadaje im szczeg\u00f3\u0142owe pytania, kojarzy fakty, aran\u017cuje randki. Poznajemy przy tym jej \u017cycie osobiste, kt\u00f3re dalekie jest od idea\u0142u.<br \/>\n<\/span><\/p>\n<hr \/>\n<p><span style=\"color: #000080;\"><img decoding=\"async\" class=\"aligncenter\" src=\"http:\/\/www.jewish.org.pl\/images\/stories\/KFF2014.jpg\" alt=\"\" \/><\/span><\/p>\n<hr \/>\n","protected":false},"excerpt":{"rendered":"<p>Od 25 maja do 1 czerwca odbywa si\u0119 54. Krakowski Festiwal Filmowy \u2013 impreza, kt\u00f3ra od 1961 roku popularyzuje artystyczne kino kr\u00f3tkometra\u017cowe i dokumentalne w Polsce. Tematyka \u017cydowska zawsze by\u0142a bliska Krakowskiemu Festiwalowi Filmowemu. W tym roku w\u015br\u00f3d wybranych film\u00f3w znalaz\u0142o si\u0119 tak\u017ce siedem dokument\u00f3w po\u015bwi\u0119conych zar\u00f3wno historii narodu \u017cydowskiego, jak i rzeczywisto\u015bci wsp\u00f3\u0142czesnego Izraela. [&hellip;]<\/p>\n","protected":false},"author":1,"featured_media":0,"comment_status":"closed","ping_status":"closed","sticky":false,"template":"","format":"standard","meta":[],"categories":[4],"tags":[24],"_links":{"self":[{"href":"https:\/\/www.reunion68.se\/index.php?rest_route=\/wp\/v2\/posts\/1701"}],"collection":[{"href":"https:\/\/www.reunion68.se\/index.php?rest_route=\/wp\/v2\/posts"}],"about":[{"href":"https:\/\/www.reunion68.se\/index.php?rest_route=\/wp\/v2\/types\/post"}],"author":[{"embeddable":true,"href":"https:\/\/www.reunion68.se\/index.php?rest_route=\/wp\/v2\/users\/1"}],"replies":[{"embeddable":true,"href":"https:\/\/www.reunion68.se\/index.php?rest_route=%2Fwp%2Fv2%2Fcomments&post=1701"}],"version-history":[{"count":14,"href":"https:\/\/www.reunion68.se\/index.php?rest_route=\/wp\/v2\/posts\/1701\/revisions"}],"predecessor-version":[{"id":1730,"href":"https:\/\/www.reunion68.se\/index.php?rest_route=\/wp\/v2\/posts\/1701\/revisions\/1730"}],"wp:attachment":[{"href":"https:\/\/www.reunion68.se\/index.php?rest_route=%2Fwp%2Fv2%2Fmedia&parent=1701"}],"wp:term":[{"taxonomy":"category","embeddable":true,"href":"https:\/\/www.reunion68.se\/index.php?rest_route=%2Fwp%2Fv2%2Fcategories&post=1701"},{"taxonomy":"post_tag","embeddable":true,"href":"https:\/\/www.reunion68.se\/index.php?rest_route=%2Fwp%2Fv2%2Ftags&post=1701"}],"curies":[{"name":"wp","href":"https:\/\/api.w.org\/{rel}","templated":true}]}}