{"id":17141,"date":"2015-03-31T18:05:04","date_gmt":"2015-03-31T16:05:04","guid":{"rendered":"http:\/\/www.reunion68.se\/?p=17141"},"modified":"2015-03-30T07:27:07","modified_gmt":"2015-03-30T05:27:07","slug":"17141","status":"publish","type":"post","link":"https:\/\/www.reunion68.se\/?p=17141","title":{"rendered":"\u017bydzi w powstaniu warszawskim"},"content":{"rendered":"<h5 style=\"text-align: center;\"><a href=\"http:\/\/studioopinii.pl\/\" target=\"_blank\"><img decoding=\"async\" class=\"center alignleft\" src=\"http:\/\/www.reunion68.com\/Biuletyn\/img\/studio.png\" alt=\"\" width=\"300\" \/><\/a><span style=\"text-decoration: underline; color: #000080;\"><span style=\"text-decoration: underline;\"><strong><a style=\"color: #000080; text-decoration: underline;\" href=\"http:\/\/studioopinii.pl\/jerzy-klechta-zydzi-w-powstaniu-warszawskim\/\" target=\"_blank\">\u017bydzi w powstaniu warszawskim<\/a><\/strong><\/span><\/span><\/h5>\n<p style=\"text-align: center;\"><span style=\"color: #333333;\"><strong>Jerzy Klechta 2014-07-30<\/strong><\/span><\/p>\n<hr style=\"height: 15px; background: #d0e6fa; width: 710px;\" \/>\n<p><img decoding=\"async\" class=\" alignright\" src=\"http:\/\/studioopinii.pl\/wp-content\/uploads\/2014\/07\/Nalewski.jpg\" alt=\"\" width=\"350\" \/><\/p>\n<p style=\"text-align: left;\"><strong><span style=\"color: #333333;\">W walkach powsta\u0144czych w 1944 roku brali udzia\u0142 nie tylko rdzenni Polacy. Pi\u0119kn\u0105 kart\u0119 zapisali S\u0142owacy. Pracowali w gazowni na Czerniakowie. W porozumieniu z kierownictwem Armii Krajowej utworzyli 535. pluton S\u0142owak\u00f3w. W powstaniu walczy\u0142o te\u017c kilku przedstawicieli innych narodowo\u015bci, nie zabrak\u0142o nawet Nigeryjczyka, Augusta Agbola O\u2019Browna, kt\u00f3ry w Warszawie mieszka\u0142 jeszcze przed wojn\u0105. Jednak oddzielny rozdzia\u0142 Powstaniu Warszawskim zapisali polscy \u017bydzi.<\/span><\/strong><\/p>\n<p style=\"text-align: left;\"><span style=\"color: #000080;\">Najg\u0142o\u015bniejszym wydarzeniem Powstania Warszawskiego zwi\u0105zanym z \u017bydami by\u0142o odbicie wi\u0119\u017ani\u00f3w obozu koncentracyjnego \u201eG\u0119si\u00f3wka\u201d, przy obecnej ul. Anielewicza. Wi\u0119\u017aniowie byli wykorzystywani do prac na terenie zburzonego przez hitlerowc\u00f3w getta (wyszukiwanie w ruinach kosztowno\u015bci, rozbi\u00f3rka dom\u00f3w). W obozie rozstrzeliwano skaza\u0144c\u00f3w przywiezionych z Pawiaka. Zw\u0142oki palono na miejscu. Ob\u00f3z powsta\u0142 wiosn\u0105 1943 r. na terenach wzd\u0142u\u017c ul. G\u0119siej, od ul. Zamenhofa do ul. Okopowej \u2013 jako filia obozu koncentracyjnego w Majdanku.<\/span><\/p>\n<p style=\"text-align: left;\"><span style=\"color: #000080;\">1 sierpnia 1944 r. oddzia\u0142 Kedywu dowodzony przez por. Stanis\u0142awa J. Sosabowskiego (ps. \u201eStasinek\u201d) wyzwoli\u0142 oko\u0142o 50 \u017byd\u00f3w zatrudnionych pracach przy Umschlagplatzu. Wi\u0119kszo\u015b\u0107 z nich r\u00f3wnie\u017c wyrazi\u0142a ch\u0119\u0107 walki w powsta\u0144czych szeregach. By\u0142 w\u015br\u00f3d nich m. in. Chaim Goldstein, cz\u0142onek francuskiego ruchu oporu i wi\u0119zie\u0144 KL Auschwitz.<\/span><\/p>\n<p style=\"text-align: left;\"><span style=\"color: #000080;\">5 sierpnia \u017co\u0142nierze Armii Krajowej z harcerskiego batalionu \u201eZo\u015bka\u201d, po trwaj\u0105cym p\u00f3\u0142torej godziny natarciu opanowali ob\u00f3z, po czym uwolnili 348 przetrzymywanych tam wi\u0119\u017ani\u00f3w.<\/span><\/p>\n<p style=\"text-align: left;\"><span style=\"color: #000080;\">Udzia\u0142 w Powstaniu Warszawskim bra\u0142y kobiety \u2013 \u017byd\u00f3wki. \u201eO godzinie siedemnastej us\u0142ysza\u0142am strza\u0142y \u2013 pisa\u0142a Adina Blady-Szwajger, lekarka i \u0142\u0105czniczka \u017bOB \u2013 Wybieg\u0142am na schody. Tego wra\u017cenia nie zapomn\u0119. Po schodach zbiega\u0142 \u2013 oficer polski! W mundurze Brygady Karpackiej! Wszyscy p\u0142akali i ja z nimi. W suterenie urz\u0105dzano szpital polowy. Podesz\u0142am do komendanta. By\u0142 to major \u00bbPob\u00f3g\u00ab, przedstawi\u0142am si\u0119, powiedzia\u0142am kim jestem i natychmiast zosta\u0142am zaliczona w poczet personelu szpitala\u201d.<\/span><\/p>\n<p style=\"text-align: left;\"><span style=\"color: #000080;\">W szeregi powsta\u0144cze wst\u0119powa\u0142y nawet dzieci. Walczy\u0142a m\u0142odzie\u017c \u017cydowska. Stawali w szeregach obok polskich r\u00f3wie\u015bnik\u00f3w. Bohaterskimi czynami zapisali si\u0119 bracia: Zalman \u201eMiki\u201d i Perec \u201eCwaniak\u201d Hochmanowie. Uratowani z piek\u0142a, jakim by\u0142a likwidacja getta, handlowali papierosami na pl. Trzech Krzy\u017cy. W Powstaniu Warszawskim s\u0142u\u017cyli jako \u0142\u0105cznicy, w dzia\u0142aj\u0105cym na terenie \u015ar\u00f3dmie\u015bcia batalionie \u201eSok\u00f3\u0142\u201d. Stanowili \u201egwardi\u0119 przyboczn\u0105\u201d legendarnego szefa oddzia\u0142u, Antoniego Godlewskiego (\u201eAntek Rozpylacz\u201d).<\/span><\/p>\n<p style=\"text-align: left;\"><span style=\"color: #000080;\">W walkach powsta\u0144czych brali r\u00f3wnie\u017c udzia\u0142 cz\u0142onkowie \u017bydowskiej Organizacji Bojowej, kt\u00f3rym uda\u0142o si\u0119 prze\u017cy\u0107 powstanie w getcie warszawskim (m.in. Marek Edelman i Icchak Cukierman).<\/span><\/p>\n<p style=\"text-align: left;\"><span style=\"color: #000080;\">W Powstaniu Warszawskim 1944 wzi\u0119\u0142o udzia\u0142 oko\u0142o 1000 \u017byd\u00f3w.<\/span><\/p>\n<hr style=\"height: 15px; background: #d0e6fa; width: 710px;\" \/>\n<div id=\"content\" class=\"  content-alignment&lt;br \/&gt;&lt;br \/&gt; \">\n<div id=\"watch-description\" class=\"yt-uix-button-panel\">\n<div id=\"watch-description-text\">\n<p style=\"text-align: center;\"><span style=\"color: #808080;\"> twoje uwagi, linki, wlasne artykuly, lub wiadomosci przeslij do: <strong><span style=\"text-decoration: underline;\"><span style=\"color: #808080; text-decoration: underline;\"><a href=\"mailto:webmaster@reunion68.com\">webmaster@reunion68.com<\/a><\/span><\/span><\/strong><\/span><\/p>\n<\/div>\n<\/div>\n<\/div>\n<p>&nbsp;<\/p>\n<hr style=\"width: 710px;\" \/>\n","protected":false},"excerpt":{"rendered":"<p>\u017bydzi w powstaniu warszawskim Jerzy Klechta 2014-07-30 W walkach powsta\u0144czych w 1944 roku brali udzia\u0142 nie tylko rdzenni Polacy. Pi\u0119kn\u0105 kart\u0119 zapisali S\u0142owacy. Pracowali w gazowni na Czerniakowie. W porozumieniu z kierownictwem Armii Krajowej utworzyli 535. pluton S\u0142owak\u00f3w. W powstaniu walczy\u0142o te\u017c kilku przedstawicieli innych narodowo\u015bci, nie zabrak\u0142o nawet Nigeryjczyka, Augusta Agbola O\u2019Browna, kt\u00f3ry w [&hellip;]<\/p>\n","protected":false},"author":1,"featured_media":0,"comment_status":"closed","ping_status":"closed","sticky":false,"template":"","format":"standard","meta":[],"categories":[4],"tags":[24],"_links":{"self":[{"href":"https:\/\/www.reunion68.se\/index.php?rest_route=\/wp\/v2\/posts\/17141"}],"collection":[{"href":"https:\/\/www.reunion68.se\/index.php?rest_route=\/wp\/v2\/posts"}],"about":[{"href":"https:\/\/www.reunion68.se\/index.php?rest_route=\/wp\/v2\/types\/post"}],"author":[{"embeddable":true,"href":"https:\/\/www.reunion68.se\/index.php?rest_route=\/wp\/v2\/users\/1"}],"replies":[{"embeddable":true,"href":"https:\/\/www.reunion68.se\/index.php?rest_route=%2Fwp%2Fv2%2Fcomments&post=17141"}],"version-history":[{"count":14,"href":"https:\/\/www.reunion68.se\/index.php?rest_route=\/wp\/v2\/posts\/17141\/revisions"}],"predecessor-version":[{"id":17155,"href":"https:\/\/www.reunion68.se\/index.php?rest_route=\/wp\/v2\/posts\/17141\/revisions\/17155"}],"wp:attachment":[{"href":"https:\/\/www.reunion68.se\/index.php?rest_route=%2Fwp%2Fv2%2Fmedia&parent=17141"}],"wp:term":[{"taxonomy":"category","embeddable":true,"href":"https:\/\/www.reunion68.se\/index.php?rest_route=%2Fwp%2Fv2%2Fcategories&post=17141"},{"taxonomy":"post_tag","embeddable":true,"href":"https:\/\/www.reunion68.se\/index.php?rest_route=%2Fwp%2Fv2%2Ftags&post=17141"}],"curies":[{"name":"wp","href":"https:\/\/api.w.org\/{rel}","templated":true}]}}