{"id":17172,"date":"2015-03-30T18:04:54","date_gmt":"2015-03-30T16:04:54","guid":{"rendered":"http:\/\/www.reunion68.se\/?p=17172"},"modified":"2015-03-30T07:51:47","modified_gmt":"2015-03-30T05:51:47","slug":"17172","status":"publish","type":"post","link":"https:\/\/www.reunion68.se\/?p=17172","title":{"rendered":"W pogoni za sensacj\u0105. Niemcy dyskutuj\u0105 na temat etyki dziennikarskiej"},"content":{"rendered":"<h5 style=\"text-align: center;\"><a href=\"http:\/\/www.dw.de\/\" target=\"_blank\"><img decoding=\"async\" class=\"center alignleft\" src=\"http:\/\/www.reunion68.com\/Biuletyn\/img\/dw.png\" alt=\"\" \/><\/a><span style=\"text-decoration: underline; color: #000080;\"><span style=\"text-decoration: underline;\"><strong><a style=\"color: #000080; text-decoration: underline;\" href=\"http:\/\/www.dw.de\/w-pogoni-za-sensacj\u0105-niemcy-dyskutuj\u0105-na-temat-etyki-dziennikarskiej\/a-18347555\" target=\"_blank\">W pogoni za sensacj\u0105. Niemcy dyskutuj\u0105 na temat etyki dziennikarskiej<\/a><\/strong><\/span><\/span><\/h5>\n<p style=\"text-align: center;\"><span style=\"color: #333333;\"><strong>DW, epd, kna \/ Katarzyna Domaga\u0142a<\/strong><\/span><\/p>\n<hr style=\"height: 15px; background: #d0e6fa; width: 710px;\" \/>\n<div style=\"width: 710px\" class=\"wp-caption aligncenter\"><img decoding=\"async\" loading=\"lazy\" title=\"W Seyne les Alpes s\u0142u\u017cby bezpiecze\u0144stwa staraj\u0105 si\u0119 oddzieli\u0107 media od rodzin ofiar, kt\u00f3re przyby\u0142y na miejsce tragedii\" src=\"http:\/\/www.dw.de\/image\/0,,18340750_401,00.jpg\" alt=\"Frankreich Seyne les Alpes Absturz Germanwings A320\" width=\"700\" height=\"394\" border=\"0\" \/><p class=\"wp-caption-text\"><span style=\"color: #000080;\"><em>W Seyne les Alpes s\u0142u\u017cby bezpiecze\u0144stwa staraj\u0105 si\u0119 oddzieli\u0107 media od rodzin ofiar, kt\u00f3re przyby\u0142y na miejsce tragedii<\/em><\/span><\/p><\/div>\n<p style=\"text-align: left;\"><span style=\"color: #333333;\"><strong>Spos\u00f3b informowania o katastrofie samolotu Germanwings rzuca cie\u0144 na media i sk\u0142ania do pyta\u0144 nt. etyki dziennikarskiej.<\/strong><\/span><\/p>\n<p style=\"text-align: left;\"><span style=\"color: #000080;\">Reporterzy osaczaj\u0105 rodziny ofiar katastrofy, fotografowie pr\u00f3buj\u0105 uchwyci\u0107 bolesny wyraz ich twarzy. Przed gimnazjum w Haltern am See, tu\u017c po katastrofie rozlokowa\u0142y si\u0119 ekipy telewizyjne. Nadawa\u0142y \u201ena \u017cywo\u201d. \u201eKto chce zapali\u0107 \u015bwieczk\u0119 albo przystan\u0105\u0107 na chwil\u0119 na schodach prowadz\u0105cych do szko\u0142y, czuje si\u0119 jakby by\u0142 w ZOO lub na wybiegu\u201d, skar\u017cy\u0142 si\u0119 jeden z u\u017cytkownik\u00f3w Facebooka.<\/span><\/p>\n<p style=\"text-align: left;\"><span style=\"color: #000080;\">\u015awiadkowie donosz\u0105, \u017ce sfora fotograf\u00f3w rzuci\u0142a si\u0119 na miejskim deptaku na m\u0119\u017cczyzn\u0119, kt\u00f3ry za\u0142ama\u0142 si\u0119 pod wp\u0142ywem emocji. Zdarza si\u0119 te\u017c, \u017ce za udzielenie informacji lub wypowiedzenie przed kamer\u0105 ustalonych zda\u0144 oferowane s\u0105 dzieciom pieni\u0105dze. Premier P\u00f3\u0142nocnej Nadrenii-Westfalii, Hannelore Kraft, skar\u017cy\u0142a si\u0119 po rozmowach z rodzinami ofiar, na bezpardonowe podej\u015bcie dziennikarzy. Od tego typu praktyk wyra\u017anie dystansuje si\u0119 Niemiecki Zwi\u0105zek Dziennikarzy (DJV), przypominaj\u0105c o zakazie \u201edr\u0119czenia os\u00f3b w \u017ca\u0142obie\u201d. Osoby dotkni\u0119te katastrof\u0105 nie mog\u0105 sta\u0107 si\u0119 po raz drugi jej ofiarami.<\/span><\/p>\n<p style=\"text-align: left;\"><span style=\"color: #000080;\">Ochrona ofiar \u2013 priorytetem<\/span><\/p>\n<p style=\"text-align: left;\"><span style=\"color: #000080;\">Do Niemieckiej Rady Prasowej wp\u0142yn\u0119\u0142y liczne skargi, g\u0142\u00f3wnie na media bulwarowe, kt\u00f3re informuj\u0105c o ofiarach katastrofy, podawa\u0142y ich nazwiska. Niemiecka Rada Prasowa przyznaje, \u017ce cho\u0107 w tym wypadku interes publiczny jest du\u017cy, \u201eochrona ofiar jest priorytetem\u201d. To\u017csamo\u015b\u0107 ofiar nie wnosi bowiem niczego do wyja\u015bnienia przyczyn katastrofy.<\/span><\/p>\n<p style=\"text-align: left;\"><span style=\"color: #000080;\">Medioznawca Horst Poettker z Uniwersytetu Technicznego w Dortmundzie krytykuje naruszanie granic obowi\u0105zuj\u0105cych w dziennikarstwie. Jego zdaniem reporterzy posuwaj\u0105 si\u0119 za daleko, publikuj\u0105c prywatne zdj\u0119cia ofiar zamieszone na Facebooku. Kodeks prasowy m\u00f3wi bowiem wyra\u017anie o nieujawnianiu to\u017csamo\u015bci ofiar.<\/span><\/p>\n<p style=\"text-align: left;\"><span style=\"color: #000080;\">Krytyka dotyczy przede wszystkim medi\u00f3w bulwarowych. Krytyczny portal &#8220;BILDblog&#8221;, \u015bledz\u0105cy spos\u00f3b informowania w niemieckich mediach, zebra\u0142 przyk\u0142ady niestosownych artyku\u0142\u00f3w, godz\u0105cych w zasady etyki dziennikarskiej. W portalu Change.org u\u017cytkownicy domagaj\u0105 si\u0119 zlikwidowania felietonu \u201ePoczta od Wagnera\u201d, zamieszczanego regularnie na \u0142amach \u201eBild\u201d-Zeitung. W jednym z felieton\u00f3w Wagner w niefrasobliwym tonie spekulowa\u0142 o ostatnich minutach \u017cycia pasa\u017cer\u00f3w lec\u0105cych samolotem Germanwings.<\/span><\/p>\n<p style=\"text-align: right;\"><span style=\"color: #000080;\">Czytaj dalej tu: <strong><span style=\"text-decoration: underline;\"><a style=\"color: #000080; text-decoration: underline;\" href=\"http:\/\/www.dw.de\/w-pogoni-za-sensacj\u0105-niemcy-dyskutuj\u0105-na-temat-etyki-dziennikarskiej\/a-18347555\" target=\"_blank\">W pogoni za sensacj\u0105. Niemcy dyskutuj\u0105&#8230;<\/a><\/span><\/strong><\/span><\/p>\n<hr style=\"height: 15px; background: #d0e6fa; width: 710px;\" \/>\n<div id=\"content\" class=\"  content-alignment&lt;br \/&gt;&lt;br \/&gt; \">\n<div id=\"watch-description\" class=\"yt-uix-button-panel\">\n<div id=\"watch-description-text\">\n<p style=\"text-align: center;\"><span style=\"color: #808080;\"> twoje uwagi, linki, wlasne artykuly, lub wiadomosci przeslij do: <strong><span style=\"text-decoration: underline;\"><span style=\"color: #808080; text-decoration: underline;\"><a href=\"mailto:webmaster@reunion68.com\">webmaster@reunion68.com<\/a><\/span><\/span><\/strong><\/span><\/p>\n<\/div>\n<\/div>\n<\/div>\n<p>&nbsp;<\/p>\n<hr style=\"width: 710px;\" \/>\n","protected":false},"excerpt":{"rendered":"<p>W pogoni za sensacj\u0105. Niemcy dyskutuj\u0105 na temat etyki dziennikarskiej DW, epd, kna \/ Katarzyna Domaga\u0142a Spos\u00f3b informowania o katastrofie samolotu Germanwings rzuca cie\u0144 na media i sk\u0142ania do pyta\u0144 nt. etyki dziennikarskiej. Reporterzy osaczaj\u0105 rodziny ofiar katastrofy, fotografowie pr\u00f3buj\u0105 uchwyci\u0107 bolesny wyraz ich twarzy. Przed gimnazjum w Haltern am See, tu\u017c po katastrofie rozlokowa\u0142y [&hellip;]<\/p>\n","protected":false},"author":1,"featured_media":0,"comment_status":"closed","ping_status":"closed","sticky":false,"template":"","format":"standard","meta":[],"categories":[6],"tags":[24],"_links":{"self":[{"href":"https:\/\/www.reunion68.se\/index.php?rest_route=\/wp\/v2\/posts\/17172"}],"collection":[{"href":"https:\/\/www.reunion68.se\/index.php?rest_route=\/wp\/v2\/posts"}],"about":[{"href":"https:\/\/www.reunion68.se\/index.php?rest_route=\/wp\/v2\/types\/post"}],"author":[{"embeddable":true,"href":"https:\/\/www.reunion68.se\/index.php?rest_route=\/wp\/v2\/users\/1"}],"replies":[{"embeddable":true,"href":"https:\/\/www.reunion68.se\/index.php?rest_route=%2Fwp%2Fv2%2Fcomments&post=17172"}],"version-history":[{"count":13,"href":"https:\/\/www.reunion68.se\/index.php?rest_route=\/wp\/v2\/posts\/17172\/revisions"}],"predecessor-version":[{"id":17180,"href":"https:\/\/www.reunion68.se\/index.php?rest_route=\/wp\/v2\/posts\/17172\/revisions\/17180"}],"wp:attachment":[{"href":"https:\/\/www.reunion68.se\/index.php?rest_route=%2Fwp%2Fv2%2Fmedia&parent=17172"}],"wp:term":[{"taxonomy":"category","embeddable":true,"href":"https:\/\/www.reunion68.se\/index.php?rest_route=%2Fwp%2Fv2%2Fcategories&post=17172"},{"taxonomy":"post_tag","embeddable":true,"href":"https:\/\/www.reunion68.se\/index.php?rest_route=%2Fwp%2Fv2%2Ftags&post=17172"}],"curies":[{"name":"wp","href":"https:\/\/api.w.org\/{rel}","templated":true}]}}