{"id":1759,"date":"2014-05-28T00:00:25","date_gmt":"2014-05-27T22:00:25","guid":{"rendered":"http:\/\/www.reunion68.se\/?p=1759"},"modified":"2014-05-28T14:03:33","modified_gmt":"2014-05-28T12:03:33","slug":"z-ela-sidi-o-paradoksach-malego-ale-silnego-kraju-otoczonego-wrogami-o-antysemityzmie-zewnetrznym-i-wewnetrznym-rozmawia-wieslaw-luka","status":"publish","type":"post","link":"https:\/\/www.reunion68.se\/?p=1759","title":{"rendered":"Z El\u0105 Sidi o paradoksach ma\u0142ego, ale silnego kraju otoczonego wrogami, o antysemityzmie zewn\u0119trznym i wewn\u0119trznym rozmawia Wies\u0142aw \u0141uka."},"content":{"rendered":"<p><img decoding=\"async\" class=\"alignleft\" src=\"http:\/\/www.sdp.pl\/uploads\/guests_avatars\/1393407271_elasidi.jpg\" alt=\"\" width=\"150\" \/><img decoding=\"async\" class=\"alignright\" src=\"http:\/\/www.sdp.pl\/wieslaw_luka.jpg\" alt=\"\" width=\"150\" \/><\/p>\n<h3 style=\"text-align: center;\">\u00a0<strong><span style=\"text-decoration: underline;\"><a href=\"http:\/\/www.sdp.pl\/wywiady\/9811,z-ela-sidi-o-paradoksach-malego-ale-silnego-kraju-otoczonego-wrogami-o-antysemityzmie-zewnetrznym-i-wewnetrznym-rozmawia-wieslaw-luka,1401092499\">Z El\u0105 Sidi o paradoksach ma\u0142ego, ale silnego kraju otoczonego wrogami, o antysemityzmie zewn\u0119trznym i wewn\u0119trznym rozmawia Wies\u0142aw \u0141uka.<\/a><\/span><\/strong><\/h3>\n<p><span style=\"color: #000080;\"><strong>Wies\u0142aw \u0141uka:<\/strong> Napisa\u0142a Pani ksi\u0105\u017ck\u0119 reportersk\u0105 Izrael oswojony, w kt\u00f3rej czytam, \u017ce \u201eIzraela nie da si\u0119 oswoi\u0107\u201d. Zatem: Izrael oswojony, czy ci\u0105gle oswajany?<\/span><\/p>\n<p style=\"text-align: left;\"><span style=\"color: #000080;\">Ela Sidi: Moim pierwszym odczuciem po przyje\u017adzie do Izraela by\u0142o wra\u017cenie swojsko\u015bci tego kraju. Pomimo swej egzotyki, przypomina\u0142 mi on Polsk\u0119. Poczucie obco\u015bci pojawi\u0142o si\u0119 dopiero w miar\u0119 g\u0142\u0119bszego poznania i codziennego do\u015bwiadczenia. Dzi\u015b, po 23 latach mieszkania w nim mam chwilami wra\u017cenie, \u017ce coraz mniej go rozumiem. Podobnie jak wielu Izraelczyk\u00f3w, obracam si\u0119 w moim w\u0142asnym \u015brodowisku, g\u0142\u00f3wnie \u015bwieckich \u017byd\u00f3w z centrum kraju. Nie mam prawie kontaktu z arabskimi mieszka\u0144cami Izraela w wi\u0119kszo\u015bci mieszkaj\u0105cymi we w\u0142asnych miastach i osiedlach, czy z odseparowan\u0105 od laickiego \u015bwiata enklaw\u0105 ultra ortodoksyjnych \u017byd\u00f3w. Nie mam bliskich znajomych w\u015br\u00f3d osadnik\u00f3w na Terytoriach Okupowanych, ani w\u015br\u00f3d izraelskich Beduin\u00f3w, Druz\u00f3w czy Etiopczyk\u00f3w. Z drugiej jednak strony Izrael przesta\u0142 by\u0107 jednym z wielu kraj\u00f3w w \u015bwiecie i sta\u0142 si\u0119 dla mnie wyj\u0105tkowy, bliski.<\/span><\/p>\n<p style=\"text-align: left;\"><span style=\"color: #000080;\"><strong><span style=\"line-height: 1.62em; font-family: 'Open Sans'; font-size: 1rem;\">Tytu\u0142 ksi\u0105\u017cki nie jest jednak jednoznaczny\u2026<\/span><\/strong><\/span><\/p>\n<p style=\"text-align: left;\"><span style=\"color: #000080;\">Sprzeczno\u015b\u0107 tytu\u0142u i cytatu podanego przez Pana, zgodna jest z moim wewn\u0119trznym przekonaniem i koncepcj\u0105 ksi\u0105\u017cki, kt\u00f3rej celem jest pokazanie raczej mozaiki najwa\u017cniejszych, w moim poj\u0119ciu, element\u00f3w charakteryzuj\u0105cych to pa\u0144stwo. Nie ma jednego poj\u0119cia Izraela, tak jak nie ma jednego typu Izraelczyka. To pa\u0144stwo, kt\u00f3re ci\u0105gle si\u0119 zmienia pod wgl\u0105dem terytorium, j\u0119zyka, polityki, wp\u0142yw\u00f3w Wschodu i Zachodu, etnicznej struktury spo\u0142ecznej. To niespotykany w \u015bwiecie eksperyment socjologiczno-polityczny powstania nowego narodu, wskrzeszenia z martwych staro\u017cytnego j\u0119zyka i zbudowania organu pa\u0144stwowego, kt\u00f3ry na Bliskim Wschodzie jest oaz\u0105 demokracji, liberalizmu i kultury Zachodu. Typowy Izrael jest pogmatwany, ba\u0142aganiarski, niejednolity, zdezintegrowany, no i w\u0142a\u015bnie, sprzeczny.<\/span><\/p>\n<p><span style=\"color: #000080;\">czytaj wiecej tu <span style=\"text-decoration: underline;\"><strong><a href=\"http:\/\/www.sdp.pl\/wywiady\/9811,z-ela-sidi-o-paradoksach-malego-ale-silnego-kraju-otoczonego-wrogami-o-antysemityzmie-zewnetrznym-i-wewnetrznym-rozmawia-wieslaw-luka,1401092499\"><span style=\"color: #000080; text-decoration: underline;\">..ale silnego kraju otoczonego wrogami..<\/span><\/a><\/strong><\/span><\/span><\/p>\n<hr>\n","protected":false},"excerpt":{"rendered":"<p>\u00a0Z El\u0105 Sidi o paradoksach ma\u0142ego, ale silnego kraju otoczonego wrogami, o antysemityzmie zewn\u0119trznym i wewn\u0119trznym rozmawia Wies\u0142aw \u0141uka. Wies\u0142aw \u0141uka: Napisa\u0142a Pani ksi\u0105\u017ck\u0119 reportersk\u0105 Izrael oswojony, w kt\u00f3rej czytam, \u017ce \u201eIzraela nie da si\u0119 oswoi\u0107\u201d. Zatem: Izrael oswojony, czy ci\u0105gle oswajany? Ela Sidi: Moim pierwszym odczuciem po przyje\u017adzie do Izraela by\u0142o wra\u017cenie swojsko\u015bci tego [&hellip;]<\/p>\n","protected":false},"author":1,"featured_media":0,"comment_status":"closed","ping_status":"closed","sticky":false,"template":"","format":"standard","meta":[],"categories":[3],"tags":[24],"_links":{"self":[{"href":"https:\/\/www.reunion68.se\/index.php?rest_route=\/wp\/v2\/posts\/1759"}],"collection":[{"href":"https:\/\/www.reunion68.se\/index.php?rest_route=\/wp\/v2\/posts"}],"about":[{"href":"https:\/\/www.reunion68.se\/index.php?rest_route=\/wp\/v2\/types\/post"}],"author":[{"embeddable":true,"href":"https:\/\/www.reunion68.se\/index.php?rest_route=\/wp\/v2\/users\/1"}],"replies":[{"embeddable":true,"href":"https:\/\/www.reunion68.se\/index.php?rest_route=%2Fwp%2Fv2%2Fcomments&post=1759"}],"version-history":[{"count":12,"href":"https:\/\/www.reunion68.se\/index.php?rest_route=\/wp\/v2\/posts\/1759\/revisions"}],"predecessor-version":[{"id":1809,"href":"https:\/\/www.reunion68.se\/index.php?rest_route=\/wp\/v2\/posts\/1759\/revisions\/1809"}],"wp:attachment":[{"href":"https:\/\/www.reunion68.se\/index.php?rest_route=%2Fwp%2Fv2%2Fmedia&parent=1759"}],"wp:term":[{"taxonomy":"category","embeddable":true,"href":"https:\/\/www.reunion68.se\/index.php?rest_route=%2Fwp%2Fv2%2Fcategories&post=1759"},{"taxonomy":"post_tag","embeddable":true,"href":"https:\/\/www.reunion68.se\/index.php?rest_route=%2Fwp%2Fv2%2Ftags&post=1759"}],"curies":[{"name":"wp","href":"https:\/\/api.w.org\/{rel}","templated":true}]}}