{"id":17590,"date":"2015-04-14T16:03:37","date_gmt":"2015-04-14T14:03:37","guid":{"rendered":"http:\/\/www.reunion68.se\/?p=17590"},"modified":"2015-04-14T16:09:45","modified_gmt":"2015-04-14T14:09:45","slug":"17590","status":"publish","type":"post","link":"https:\/\/www.reunion68.se\/?p=17590","title":{"rendered":"Anne Frank: Symbol ofiar nazizmu, moja przyjaci\u00f3\u0142ka"},"content":{"rendered":"<h5 style=\"text-align: center;\"><a href=\"http:\/\/historia.newsweek.pl\/\" target=\"_blank\"><img decoding=\"async\" class=\"center alignleft\" src=\"http:\/\/www.reunion68.com\/Biuletyn\/img\/newsweek.jpg\" alt=\"\" \/><\/a><span style=\"text-decoration: underline; color: #000080;\"><span style=\"text-decoration: underline;\"><strong><a style=\"color: #000080; text-decoration: underline;\" href=\"http:\/\/historia.newsweek.pl\/film-tragiczna-historia-anny-frank-newsweek-pl,artykuly,359596,1.html\" target=\"_blank\">Anne Frank: Symbol ofiar nazizmu, moja przyjaci\u00f3\u0142ka<\/a><\/strong><\/span><\/span><\/h5>\n<p style=\"text-align: center;\"><span style=\"color: #333333;\"><strong>Marcin Marczak<\/strong><\/span><\/p>\n<hr style=\"height: 15px; background: #d0e6fa; width: 710px;\" \/>\n<div style=\"width: 690px\" class=\"wp-caption aligncenter\"><img decoding=\"async\" loading=\"lazy\" class=\"articleImg\" title=\"Anne Frank, zdj\u0119cie wykonane oko\u0142o 1942 r.\" src=\"http:\/\/www.newsweek.pl\/g\/i.aspx\/680\/0\/newsweek\/635626424780602944.jpg\" alt=\"Anne Frank\" width=\"680\" height=\"743\" border=\"0\" \/><p class=\"wp-caption-text\"><em><span style=\"color: #000080;\">Anne Frank, zdj\u0119cie wykonane oko\u0142o 1942 r.<\/span><\/em><\/p><\/div>\n<p style=\"text-align: left;\"><span style=\"color: #333333;\"><strong>Anne by\u0142aby bardzo szcz\u0119\u015bliwa, \u017ce jej pami\u0119tnik jest czytany na ca\u0142ym \u015bwiecie. Szkoda, \u017ce jej \u017cycie zgas\u0142o tak szybko. By\u0142aby wielka pisark\u0105 &#8211; m\u00f3wi w rozmowie z Newsweek.pl jej przyjaci\u00f3\u0142ka, 84-letnia dzi\u015b, Nanette Konig, kt\u00f3rej uda\u0142o si\u0119 prze\u017cy\u0107 ob\u00f3z w Bergen-Belsen,<\/strong><\/span><\/p>\n<p style=\"text-align: left;\"><span style=\"color: #000080;\">Anne Frank by\u0142a jedn\u0105 z sze\u015bciu milion\u00f3w \u017cydowskich ofiar Holokaustu, a spisane przez ni\u0105 w \u201eDziennikach Anny Frank\u201d (\u201eHet Achterhuis: Dagboekbrieven van 12 Juni 1942\u20131 Augustus 1944\u201d) to przes\u0142anie dla \u015bwiata, przypominaj\u0105ce o okrucie\u0144stwie nazizmu. M\u0142oda, ambitna dziewczynka pisa\u0142a o swoich do\u015bwiadczeniach w ciasnym i dusznym pokoiku. O tym kim by\u0142a opowiada nam jej szkolna przyjaci\u00f3\u0142ka.<\/span><\/p>\n<p style=\"text-align: left;\"><span style=\"color: #333333;\"><strong>Newsweek: O czym pani my\u015bli widz\u0105c dzisiejsz\u0105 popularno\u015b\u0107 \u201eDziennik\u00f3w Anne Frank\u201d?<\/strong><\/span><\/p>\n<p style=\"text-align: left;\"><span style=\"color: #333333;\"><strong>Nanette Konig:<\/strong><\/span> <span style=\"color: #000080;\">By\u0142aby bardzo szcz\u0119\u015bliwa, \u017ce tak wiele os\u00f3b czyta jej pami\u0119tnik. Chcia\u0142a by\u0107 popularna. Liczy\u0142, \u017ce po wojnie na podstawie swojego pami\u0119tnika napisze ksi\u0105\u017ck\u0119. Niestety nie by\u0142o jej to dane, bo zmar\u0142a w Bergen-Belsen pod koniec wojny. Jednak gdy m\u00f3wi\u0119 o dzienniku Anne przed oczyma staje mi te\u017c jej ojciec. Biedny schorowany cz\u0142owiek, kt\u00f3remu uda\u0142o si\u0119 prze\u017cy\u0107 wojn\u0119, ale przez nazist\u00f3w straci\u0142 dwie c\u00f3rki i \u017con\u0119. Pami\u0119tam jak spotka\u0142am go w pa\u017adzierniku 1945 r. gdy usi\u0142owa\u0142 dowiedzie\u0107 si\u0119 czego\u015b o swojej rodzinie i pami\u0119tam jak trzy lata p\u00f3\u017aniej gdy wyszed\u0142 z sanatorium i opowiada\u0142, \u017ce wyda jej pami\u0119tnik, by s\u0142u\u017cy\u0142 edukowaniu przysz\u0142ych pokole\u0144. Powtarza\u0142, \u017ce ta historia musi zosta\u0107 opowiedziana.<\/span><\/p>\n<p style=\"text-align: left;\"><span style=\"color: #333333;\"><strong>Newsweek: Jak pozna\u0142a pani Anne Frank, sk\u0105d wiedzia\u0142a pani o jej powojennych planach?<\/strong><\/span><\/p>\n<p style=\"text-align: left;\"><span style=\"color: #333333;\"><strong>Nanette Konig:<\/strong><\/span> <span style=\"color: #000080;\">Pozna\u0142y\u015bmy si\u0119 w szkole w Amsterdamie, w \u017cydowskim liceum. Wtedy Anne by\u0142a \u017cywio\u0142ow\u0105, m\u0105dr\u0105 dziewczyn\u0105. Mia\u0142a wiele zainteresowa\u0144, kocha\u0142a \u017cycie. Potem spotka\u0142y\u015bmy si\u0119 w Bergen-Belsen. opowiada\u0142a mi o swoim pami\u0119tniku, m\u00f3wi\u0142a, \u017ce do napisania ksi\u0105\u017cki nam\u00f3wi\u0142a j\u0105 babcia, kt\u00f3ra tak\u017ce si\u0119 ukrywa\u0142a.<\/span><\/p>\n<p style=\"text-align: left;\"><span style=\"color: #333333;\"><strong>Newsweek: A kiedy j\u0105 Pani widzia\u0142a po raz ostatni?<\/strong><\/span><\/p>\n<p style=\"text-align: left;\"><span style=\"color: #333333;\"><strong>Nanette Konig:<\/strong><\/span> <span style=\"color: #000080;\">To by\u0142o w zimie 1945 r. na jakie\u015b 4 tygodnie przed jej \u015bmierci\u0105. W\u0142a\u015bnie w Bergen-Belsen. Chorowa\u0142a ju\u017c wtedy na tyfus i odes\u0142ano j\u0105 do obozowego szpitala, z kt\u00f3rego ju\u017c nie wysz\u0142a. Nie by\u0142am \u015bwiadkiem jej \u015bmierci. O tym, \u017ce zmar\u0142a poinformowa\u0142a nas holenderska piel\u0119gniarka, kt\u00f3ra opiekowa\u0142a si\u0119 chorymi.<\/span><\/p>\n<p style=\"text-align: right;\"><span style=\"color: #000080;\">Czytaj wiecej tu: <span style=\"text-decoration: underline;\"><strong><a style=\"color: #000080; text-decoration: underline;\" href=\"http:\/\/historia.newsweek.pl\/film-tragiczna-historia-anny-frank-newsweek-pl,artykuly,359596,1.html\" target=\"_blank\">Anne Frank&#8230;<\/a><\/strong><\/span><\/span><\/p>\n<hr style=\"height: 15px; background: #d0e6fa; width: 710px;\" \/>\n<div id=\"content\" class=\"  content-alignment&lt;br \/&gt;&lt;br \/&gt; \">\n<div id=\"watch-description\" class=\"yt-uix-button-panel\">\n<div id=\"watch-description-text\">\n<p style=\"text-align: center;\"><span style=\"color: #808080;\"> twoje uwagi, linki, wlasne artykuly, lub wiadomosci przeslij do: <strong><span style=\"text-decoration: underline;\"><span style=\"color: #808080; text-decoration: underline;\"><a href=\"mailto:webmaster@reunion68.com\">webmaster@reunion68.com<\/a><\/span><\/span><\/strong><\/span><\/p>\n<\/div>\n<\/div>\n<\/div>\n<p>&nbsp;<\/p>\n<hr style=\"width: 710px;\" \/>\n","protected":false},"excerpt":{"rendered":"<p>Anne Frank: Symbol ofiar nazizmu, moja przyjaci\u00f3\u0142ka Marcin Marczak Anne by\u0142aby bardzo szcz\u0119\u015bliwa, \u017ce jej pami\u0119tnik jest czytany na ca\u0142ym \u015bwiecie. Szkoda, \u017ce jej \u017cycie zgas\u0142o tak szybko. By\u0142aby wielka pisark\u0105 &#8211; m\u00f3wi w rozmowie z Newsweek.pl jej przyjaci\u00f3\u0142ka, 84-letnia dzi\u015b, Nanette Konig, kt\u00f3rej uda\u0142o si\u0119 prze\u017cy\u0107 ob\u00f3z w Bergen-Belsen, Anne Frank by\u0142a jedn\u0105 z [&hellip;]<\/p>\n","protected":false},"author":1,"featured_media":0,"comment_status":"closed","ping_status":"closed","sticky":false,"template":"","format":"standard","meta":[],"categories":[6],"tags":[24],"_links":{"self":[{"href":"https:\/\/www.reunion68.se\/index.php?rest_route=\/wp\/v2\/posts\/17590"}],"collection":[{"href":"https:\/\/www.reunion68.se\/index.php?rest_route=\/wp\/v2\/posts"}],"about":[{"href":"https:\/\/www.reunion68.se\/index.php?rest_route=\/wp\/v2\/types\/post"}],"author":[{"embeddable":true,"href":"https:\/\/www.reunion68.se\/index.php?rest_route=\/wp\/v2\/users\/1"}],"replies":[{"embeddable":true,"href":"https:\/\/www.reunion68.se\/index.php?rest_route=%2Fwp%2Fv2%2Fcomments&post=17590"}],"version-history":[{"count":22,"href":"https:\/\/www.reunion68.se\/index.php?rest_route=\/wp\/v2\/posts\/17590\/revisions"}],"predecessor-version":[{"id":17613,"href":"https:\/\/www.reunion68.se\/index.php?rest_route=\/wp\/v2\/posts\/17590\/revisions\/17613"}],"wp:attachment":[{"href":"https:\/\/www.reunion68.se\/index.php?rest_route=%2Fwp%2Fv2%2Fmedia&parent=17590"}],"wp:term":[{"taxonomy":"category","embeddable":true,"href":"https:\/\/www.reunion68.se\/index.php?rest_route=%2Fwp%2Fv2%2Fcategories&post=17590"},{"taxonomy":"post_tag","embeddable":true,"href":"https:\/\/www.reunion68.se\/index.php?rest_route=%2Fwp%2Fv2%2Ftags&post=17590"}],"curies":[{"name":"wp","href":"https:\/\/api.w.org\/{rel}","templated":true}]}}