{"id":17648,"date":"2015-04-09T18:00:58","date_gmt":"2015-04-09T16:00:58","guid":{"rendered":"http:\/\/www.reunion68.se\/?p=17648"},"modified":"2015-04-09T08:25:22","modified_gmt":"2015-04-09T06:25:22","slug":"17648","status":"publish","type":"post","link":"https:\/\/www.reunion68.se\/?p=17648","title":{"rendered":"Gr\u00f3b Ireny Sendlerowej zbezczeszczony"},"content":{"rendered":"<h5 style=\"text-align: center;\"><a href=\"http:\/\/www.tvp.info\/\" target=\"_blank\"><img decoding=\"async\" class=\"center alignleft\" src=\"http:\/\/www.reunion68.com\/Biuletyn\/img\/tvp-info.png\" alt=\"\" \/><\/a><span style=\"text-decoration: underline; color: #000080;\"><span style=\"text-decoration: underline;\"><strong><a style=\"color: #000080; text-decoration: underline;\" href=\"http:\/\/www.tvp.info\/2097385\/grob-ireny-sendlerowej-zbezczeszczony\" target=\"_blank\">Gr\u00f3b Ireny Sendlerowej zbezczeszczony<\/a><\/strong><\/span><\/span><\/h5>\n<p style=\"text-align: center;\"><span style=\"color: #333333;\"><strong>Anna O\u0142dakowska, kaien, zbyt<\/strong><\/span><\/p>\n<hr style=\"height: 15px; background: #d0e6fa; width: 710px;\" \/>\n<div style=\"width: 410px\" class=\"wp-caption alignright\"><img decoding=\"async\" loading=\"lazy\" src=\"http:\/\/s.tvp.pl\/images2\/9\/4\/f\/uid_94f66aba97979b10ebe92677a6e550151279128345151_width_400_play_0_pos_0_gs_0_height_225.jpg\" alt=\"\" width=\"400\" height=\"225\" \/><p class=\"wp-caption-text\"><span style=\"color: #000080;\"><em>Na grobie Ireny Sendlerowej pojawi\u0142 si\u0119 napis \u201eJude wont\u201d. Wolska policja wszcz\u0119\u0142a \u015bledztwo w tej sprawie (fot. arch. PAP\/Radek Pietruszka)<\/em><\/span><\/p><\/div>\n<p style=\"text-align: left;\"><span style=\"color: #333333;\"><strong>Na grobie Ireny Sendlerowej, kt\u00f3ra w czasie wojny uratowa\u0142a z warszawskiego getta ponad dwa i p\u00f3\u0142 tysi\u0105ca dzieci, pojawi\u0142 si\u0119 napis \u201eJude wont\u201d &#8211; dowiedzia\u0142a si\u0119 TVP Warszawa. Czynno\u015bci sprawdzaj\u0105ce w tej sprawie prowadzi policja z warszawskiej Woli. Przes\u0142uchano m. in. dziennikark\u0119 \u201eTelewizyjnego Kuriera Warszawskiego\u201d, kt\u00f3ra o ca\u0142ej sprawie zawiadomi\u0142a organy \u015bcigania.<\/strong><\/span><\/p>\n<p style=\"text-align: left;\"><span style=\"color: #000080;\">Antysemickie has\u0142o \u201eJude wont\u201d na grobie Ireny Sendlerowej na warszawskich Pow\u0105zkach odkryto w \u015brod\u0119 przed po\u0142udniem. Warszawsk\u0105 policj\u0119 o sprawie poinformowa\u0142 \u201eTelewizyjny Kurier Warszawski\u201d z TVP Warszawa.<\/span><\/p>\n<p style=\"text-align: left;\"><span style=\"color: #000080;\">Wolska policja bada teraz kto i w jakich okoliczno\u015bciach m\u00f3g\u0142 zamie\u015bci\u0107 napis na grobie. W komisariacie na warszawskiej Woli rozpoczynaj\u0105 si\u0119 przes\u0142uchania os\u00f3b wzywanych w charakterze \u015bwiadk\u00f3w.<\/span><\/p>\n<p style=\"text-align: left;\"><span style=\"color: #000080;\">\u2013 B\u0119dziemy dociera\u0107 do cz\u0142onk\u00f3w rodziny i ewentualnie ustala\u0107 \u015bwiadk\u00f3w, kt\u00f3rzy mogli widzie\u0107 kto ewentualnie m\u00f3g\u0142 te napisy nanie\u015b\u0107 \u2013 poinformowa\u0142 podinsp. Maciej Karczy\u0144ski, rzecznik komendanta sto\u0142ecznego policji. Osobie, kt\u00f3ra wyry\u0142a antysemickie has\u0142o grozi pi\u0119\u0107 lat wi\u0119zienia.<\/span><\/p>\n<p style=\"text-align: left;\"><span style=\"color: #000080;\">Napis zosta\u0142 ju\u017c usuni\u0119ty z grobu. W\u015br\u00f3d rodziny, przyjaci\u00f3\u0142 i os\u00f3b uratowanych przez odznaczon\u0105 tytu\u0142em Sprawiedliwa W\u015br\u00f3d Narod\u00f3w \u015awiata Iren\u0119 Sendlerow\u0105 wywo\u0142a\u0142 jednak oburzenie.<\/span><\/p>\n<p style=\"text-align: left;\"><span style=\"color: #000080;\">\u2013 Domy\u015blam si\u0119, \u017ce to zrobi\u0142 jaki\u015b m\u0142ody g\u0142upek \u2013 tak pojawienie si\u0119 antysemickiego napisu na grobie skomentowa\u0142 niegdy\u015b uratowany przez pani\u0105 Iren\u0119 prof. Micha\u0142 G\u0142owi\u0144ski. \u2013 Idiotyczne napisy s\u0105 aktem nagannym. Takie napisy na cmentarzu s\u0105 aktem obrzydliwym. \u2013doda\u0142<\/span><\/p>\n<p style=\"text-align: left;\"><span style=\"color: #000080;\">Swego zaskoczenia dla okrucie\u0144stwa i bezmy\u015blno\u015bci autora antysemickiego napisu, nie kryje Anna Mieszkowska, autorka pierwszej ksi\u0105\u017cki o Irenie Sendlerowej, kt\u00f3ra przysz\u0142a dzi\u015b na gr\u00f3b Pani Ireny zapali\u0107 \u015bwieczk\u0119. \u2013 To zosta\u0142o zrobione w takim miejscu, \u017ceby urazi\u0107 tych, kt\u00f3rzy przychodz\u0105 na gr\u00f3b Pani Ireny \u2013 komentuje pani Anna.<\/span><\/p>\n<p style=\"text-align: left;\"><span style=\"color: #000080;\">Aktem wandalizmu i zbezczeszczenia wstrz\u0105\u015bni\u0119ta jest tak\u017ce c\u00f3rka Ireny Sendlerowej Janina Zgrzembska. \u2013 Licz\u0119 na sumienie ludzi, w kraju tzw. katolickim, gdzie si\u0119 m\u00f3wi: nie kradnij, nie zabijaj, to mo\u017ce i nie niszcz grob\u00f3w r\u00f3wnie\u017c? \u2013 komentuje ca\u0142\u0105 spraw\u0119 Janina Zgrzembska .<\/span><\/p>\n<p style=\"text-align: right;\"><span style=\"color: #000080;\">\u201eTelewizyjny Kurier Warszawski\u201d<\/span><\/p>\n<hr style=\"height: 15px; background: #d0e6fa; width: 710px;\" \/>\n<div id=\"content\" class=\"  content-alignment&lt;br \/&gt;&lt;br \/&gt; \">\n<div id=\"watch-description\" class=\"yt-uix-button-panel\">\n<div id=\"watch-description-text\">\n<p style=\"text-align: center;\"><span style=\"color: #808080;\"> twoje uwagi, linki, wlasne artykuly, lub wiadomosci przeslij do: <strong><span style=\"text-decoration: underline;\"><span style=\"color: #808080; text-decoration: underline;\"><a href=\"mailto:webmaster@reunion68.com\">webmaster@reunion68.com<\/a><\/span><\/span><\/strong><\/span><\/p>\n<\/div>\n<\/div>\n<\/div>\n<p>&nbsp;<\/p>\n<hr style=\"width: 710px;\" \/>\n","protected":false},"excerpt":{"rendered":"<p>Gr\u00f3b Ireny Sendlerowej zbezczeszczony Anna O\u0142dakowska, kaien, zbyt Na grobie Ireny Sendlerowej, kt\u00f3ra w czasie wojny uratowa\u0142a z warszawskiego getta ponad dwa i p\u00f3\u0142 tysi\u0105ca dzieci, pojawi\u0142 si\u0119 napis \u201eJude wont\u201d &#8211; dowiedzia\u0142a si\u0119 TVP Warszawa. Czynno\u015bci sprawdzaj\u0105ce w tej sprawie prowadzi policja z warszawskiej Woli. Przes\u0142uchano m. in. dziennikark\u0119 \u201eTelewizyjnego Kuriera Warszawskiego\u201d, kt\u00f3ra o [&hellip;]<\/p>\n","protected":false},"author":1,"featured_media":0,"comment_status":"closed","ping_status":"closed","sticky":false,"template":"","format":"standard","meta":[],"categories":[4],"tags":[24],"_links":{"self":[{"href":"https:\/\/www.reunion68.se\/index.php?rest_route=\/wp\/v2\/posts\/17648"}],"collection":[{"href":"https:\/\/www.reunion68.se\/index.php?rest_route=\/wp\/v2\/posts"}],"about":[{"href":"https:\/\/www.reunion68.se\/index.php?rest_route=\/wp\/v2\/types\/post"}],"author":[{"embeddable":true,"href":"https:\/\/www.reunion68.se\/index.php?rest_route=\/wp\/v2\/users\/1"}],"replies":[{"embeddable":true,"href":"https:\/\/www.reunion68.se\/index.php?rest_route=%2Fwp%2Fv2%2Fcomments&post=17648"}],"version-history":[{"count":10,"href":"https:\/\/www.reunion68.se\/index.php?rest_route=\/wp\/v2\/posts\/17648\/revisions"}],"predecessor-version":[{"id":17659,"href":"https:\/\/www.reunion68.se\/index.php?rest_route=\/wp\/v2\/posts\/17648\/revisions\/17659"}],"wp:attachment":[{"href":"https:\/\/www.reunion68.se\/index.php?rest_route=%2Fwp%2Fv2%2Fmedia&parent=17648"}],"wp:term":[{"taxonomy":"category","embeddable":true,"href":"https:\/\/www.reunion68.se\/index.php?rest_route=%2Fwp%2Fv2%2Fcategories&post=17648"},{"taxonomy":"post_tag","embeddable":true,"href":"https:\/\/www.reunion68.se\/index.php?rest_route=%2Fwp%2Fv2%2Ftags&post=17648"}],"curies":[{"name":"wp","href":"https:\/\/api.w.org\/{rel}","templated":true}]}}