{"id":1772,"date":"2014-05-28T06:33:14","date_gmt":"2014-05-28T04:33:14","guid":{"rendered":"http:\/\/www.reunion68.se\/?p=1772"},"modified":"2014-05-28T14:03:14","modified_gmt":"2014-05-28T12:03:14","slug":"kurier-grybowski-maria-suchan-zapomniana-bohaterka","status":"publish","type":"post","link":"https:\/\/www.reunion68.se\/?p=1772","title":{"rendered":"Kurier Grybowski: Maria Suchan &#8211; zapomniana bohaterka"},"content":{"rendered":"<p><img decoding=\"async\" class=\"alignleft\" src=\"http:\/\/www.grybow.pl\/f\/s\/166\/7622\/Wiadomosci\/6657\/89415_kurier_grybowski.jpg\" alt=\"\" width=\"150\" \/><br \/>\n<a href=\"https:\/\/fbcdn-sphotos-h-a.akamaihd.net\/hphotos-ak-xpa1\/t1.0-9\/530526_214296125343772_159368531_n.jpg\"><img decoding=\"async\" class=\"alignright alignleft\" src=\"https:\/\/fbcdn-sphotos-h-a.akamaihd.net\/hphotos-ak-xpa1\/t1.0-9\/530526_214296125343772_159368531_n.jpg\" alt=\"\" width=\"400\" \/><\/a><\/p>\n<h3 style=\"text-align: center;\"><span style=\"text-decoration: underline;\"><strong><a href=\"http:\/\/www.grybow.pl\/pl\/6657\/89415\/Kurier_Grybowski_Maria_Suchan-zapomniana_bohaterka.html\"><span style=\"text-decoration: underline;\">Kurier Grybowski: Maria Suchan &#8211; zapomniana bohaterka<\/span><\/a><\/strong><\/span><\/h3>\n<p style=\"text-align: left;\"><span style=\"color: #000080;\">2012-07-17<\/span><\/p>\n<p style=\"text-align: left;\"><span style=\"color: #000080;\">Pisz\u0105c o mieszka\u0144cach Grybowa, kt\u00f3rzy w jaki\u015b spos\u00f3b utkwili w ludzkiej pami\u0119ci, postanowi\u0142em przybli\u017cy\u0107 osob\u0119 Marii Suchan. By\u0142a zwyk\u0142\u0105 prost\u0105 kobiet\u0105, zaj\u0119t\u0105 na co dzie\u0144 domem i gospodarstwem. Tymczasem nadszed\u0142 dzie\u0144, kiedy sta\u0142a si\u0119 znana wszystkim mieszka\u0144com Grybowa i okolic&#8230;<\/span><br \/>\n<a id=\"Suchanowa\" href=\"https:\/\/fbcdn-sphotos-h-a.akamaihd.net\/hphotos-ak-xpa1\/t1.0-9\/530526_214296125343772_159368531_n.jpg\"><br \/>\n<\/a><br \/>\n<strong><span style=\"color: #000080;\">Przedruk artyku\u0142u z Kuriera Grybowskiego Nr 2 (53) 2012 (str. 15-17)<\/span><\/strong><\/p>\n<p style=\"text-align: left;\"><span style=\"color: #000080;\">Jej czyny i los poruszy\u0142y wszystkich ale ponownie o niej zapomniano, a je\u015bli jest wspominana, to bez rzetelnej wiedzy, kt\u00f3ra pozwoli\u0142aby unikn\u0105\u0107 domys\u0142\u00f3w i fa\u0142szywych wniosk\u00f3w.<\/span><\/p>\n<p style=\"text-align: left;\"><span style=\"color: #000080;\">W pobli\u017cu stacji kolejowej w Grybowie mieszka\u0142 Franciszek Suchan, rolnik z Kaszowa. O\u017ceni\u0142 si\u0119 z Mari\u0105 Motyk\u0105 w 1909 roku, lecz zmar\u0142a ona w 1915 roku na tyfus i zosta\u0142a pochowana w zbiorowej mogile. W owym roku w Grybowie na tyfus zmar\u0142o oko\u0142o 8 os\u00f3b. By\u0142 to drugi rok wojny, przez Gryb\u00f3w dwukrotnie przechodzi\u0142 front, panowa\u0142 g\u0142\u00f3d i choroby. Na dyzenteri\u0119 zmar\u0142o 10 os\u00f3b, na gru\u017alic\u0119 12, a na zapalenie p\u0142uc 15. Og\u00f3\u0142em a\u017c 98 os\u00f3b. Statystyk\u0119 t\u0119 powi\u0119ksza\u0142a \u015bmier\u0107 32 os\u00f3b zamiejscowych, kt\u00f3re zmar\u0142y w Grybowie. Dane te jednak nie uwzgl\u0119dniaj\u0105 \u017byd\u00f3w.<\/span><\/p>\n<p style=\"text-align: left;\"><span style=\"color: #000080;\">Franciszek mia\u0142 du\u017ce gospodarstwo i roczn\u0105 c\u00f3reczk\u0119, o\u017ceni\u0142 si\u0119 wi\u0119c powt\u00f3rnie, a \u017con\u0119 wzi\u0105\u0142 z rodzinnego Kaszowa. By\u0142a to r\u00f3wnie\u017c Maria urodzona w 1882 roku. Podczas okupacji wraz z \u017con\u0105 uprawiali pole, z kt\u00f3rego musieli oddawa\u0107 znaczny kontyngent, a Niemcy cz\u0119sto zachodzili do nich, aby nawet nie wst\u0119puj\u0105c do mieszkania, wybiera\u0107 sobie produkty z kurnika lub chlewa.<\/span><\/p>\n<p><span style=\"color: #000080;\">Czytaj wiecej tu <span style=\"text-decoration: underline;\"><strong><a href=\"http:\/\/www.grybow.pl\/pl\/6657\/89415\/Kurier_Grybowski_Maria_Suchan-zapomniana_bohaterka.html\"><span style=\"color: #000080; text-decoration: underline;\">Kurier Grybowski<\/span><\/a><\/strong><\/span><\/span><\/p>\n<hr>\n","protected":false},"excerpt":{"rendered":"<p>Kurier Grybowski: Maria Suchan &#8211; zapomniana bohaterka 2012-07-17 Pisz\u0105c o mieszka\u0144cach Grybowa, kt\u00f3rzy w jaki\u015b spos\u00f3b utkwili w ludzkiej pami\u0119ci, postanowi\u0142em przybli\u017cy\u0107 osob\u0119 Marii Suchan. By\u0142a zwyk\u0142\u0105 prost\u0105 kobiet\u0105, zaj\u0119t\u0105 na co dzie\u0144 domem i gospodarstwem. Tymczasem nadszed\u0142 dzie\u0144, kiedy sta\u0142a si\u0119 znana wszystkim mieszka\u0144com Grybowa i okolic&#8230; Przedruk artyku\u0142u z Kuriera Grybowskiego Nr 2 [&hellip;]<\/p>\n","protected":false},"author":1,"featured_media":0,"comment_status":"closed","ping_status":"closed","sticky":false,"template":"","format":"standard","meta":[],"categories":[4],"tags":[24],"_links":{"self":[{"href":"https:\/\/www.reunion68.se\/index.php?rest_route=\/wp\/v2\/posts\/1772"}],"collection":[{"href":"https:\/\/www.reunion68.se\/index.php?rest_route=\/wp\/v2\/posts"}],"about":[{"href":"https:\/\/www.reunion68.se\/index.php?rest_route=\/wp\/v2\/types\/post"}],"author":[{"embeddable":true,"href":"https:\/\/www.reunion68.se\/index.php?rest_route=\/wp\/v2\/users\/1"}],"replies":[{"embeddable":true,"href":"https:\/\/www.reunion68.se\/index.php?rest_route=%2Fwp%2Fv2%2Fcomments&post=1772"}],"version-history":[{"count":25,"href":"https:\/\/www.reunion68.se\/index.php?rest_route=\/wp\/v2\/posts\/1772\/revisions"}],"predecessor-version":[{"id":1808,"href":"https:\/\/www.reunion68.se\/index.php?rest_route=\/wp\/v2\/posts\/1772\/revisions\/1808"}],"wp:attachment":[{"href":"https:\/\/www.reunion68.se\/index.php?rest_route=%2Fwp%2Fv2%2Fmedia&parent=1772"}],"wp:term":[{"taxonomy":"category","embeddable":true,"href":"https:\/\/www.reunion68.se\/index.php?rest_route=%2Fwp%2Fv2%2Fcategories&post=1772"},{"taxonomy":"post_tag","embeddable":true,"href":"https:\/\/www.reunion68.se\/index.php?rest_route=%2Fwp%2Fv2%2Ftags&post=1772"}],"curies":[{"name":"wp","href":"https:\/\/api.w.org\/{rel}","templated":true}]}}