{"id":18209,"date":"2015-04-30T18:05:43","date_gmt":"2015-04-30T16:05:43","guid":{"rendered":"http:\/\/www.reunion68.se\/?p=18209"},"modified":"2015-04-27T07:55:42","modified_gmt":"2015-04-27T05:55:42","slug":"18209","status":"publish","type":"post","link":"https:\/\/www.reunion68.se\/?p=18209","title":{"rendered":"Palesty\u0144czycy w Jarmuk maj\u0105 pecha"},"content":{"rendered":"<h5 style=\"text-align: center;\"><a href=\"http:\/\/www.listyznaszegosadu.pl\/\" target=\"_blank\"><img decoding=\"async\" class=\"center alignleft\" src=\"http:\/\/www.reunion68.com\/Biuletyn\/img\/z-naszego.jpg\" alt=\"\" width=\"350\" \/><\/a><span style=\"text-decoration: underline; color: #000080;\"><span style=\"text-decoration: underline;\"><strong><a style=\"color: #000080; text-decoration: underline;\" href=\"http:\/\/www.listyznaszegosadu.pl\/brunatna-fala\/palestynczycy-w-jarmuk-maja-pecha\" target=\"_blank\">Palesty\u0144czycy w Jarmuk maj\u0105 pecha<\/a><\/strong><\/span><\/span><\/h5>\n<p style=\"text-align: center;\"><span style=\"color: #333333;\"><strong>Khaled Abu Toameh <\/strong><\/span><\/p>\n<p style=\"text-align: center;\"><span style=\"color: #333333;\">T\u0142umaczenie:<strong> Ma\u0142gorzata Koraszewska<\/strong><\/span><\/p>\n<hr style=\"height: 15px; background: #d0e6fa; width: 710px;\" \/>\n<div style=\"width: 410px\" class=\"wp-caption alignright\"><img decoding=\"async\" src=\"http:\/\/www.listyznaszegosadu.pl\/upload\/article\/bild\/4105\/621249\/1017_s.jpg\" alt=\"\" width=\"400\" border=\"0\" \/><p class=\"wp-caption-text\">C<span style=\"color: #000080;\"><em>z\u0119\u015b\u0107 Jarmuk, ko\u0142o Damaszku po zniszczeniach spowodowanych walkami. (\u0179r\u00f3d\u0142o: RT zrzut z ekranu)<\/em><\/span><\/p><\/div>\n<p style=\"text-align: left;\"><span style=\"color: #333333;\"><strong>Kiedy w zesz\u0142ym tygodniu terrory\u015bci Pa\u0144stwa Islamskiego zabijali Palesty\u0144czyk\u00f3w i obcinali im g\u0142owy w obozie dla uchod\u017ac\u00f3w Jarmuk w pobli\u017cu Damaszku, przyw\u00f3dcy palesty\u0144scy raz jeszcze dowiedli, \u017ce delegitymizowanie i izolowanie Izraela jest dla nich wa\u017cniejsze ni\u017c dbanie o w\u0142asnych ludzi.<\/strong><\/span><\/p>\n<p style=\"text-align: left;\"><span style=\"color: #000080;\">Po siedmiu dniach walk Pa\u0144stwo Islamskie opanowa\u0142oniemal 90% obozu, kt\u00f3ry by\u0142 kiedy\u015b domem dla 150 tysi\u0119cy Palesty\u0144czyk\u00f3w. Agenda Narod\u00f3w Zjednoczonych dla Pomocy Uchod\u017acom Palesty\u0144skim na Bliskim Wschodzie (UNRWA) szacuje, \u017ce od pocz\u0105tku wojny domowej w Syrii cztery lata temu populacja Jarmuk spad\u0142a do 18 tysi\u0119cy.<\/span><\/p>\n<p style=\"text-align: left;\"><span style=\"color: #000080;\">Autonomia Palesty\u0144ska (AP) i przyw\u00f3dcy Hamasu wyrazili g\u0142\u0119boki niepok\u00f3j wobec zaj\u0119cia Jarmuk przez Pa\u0144stwo Islamskie. W ostatnim tygodniu ci przyw\u00f3dcy codziennie wydawali o\u015bwiadczenia ostro pot\u0119piaj\u0105ce masakry w Jarmuk i wzywaj\u0105ce do zako\u0144czenia walk. Powstrzymali si\u0119 jednak przed pro\u015bb\u0105 o zwo\u0142anie nadzwyczajnego spotkania przyw\u00f3dc\u00f3w arabskich, by zatrzyma\u0107 atak na ob\u00f3z.<\/span><\/p>\n<p style=\"text-align: left;\"><span style=\"color: #000080;\">Prezydent Autonomii Palesty\u0144skiej, Mahmoud Abbas, zdecydowa\u0142 na pocz\u0105tku tygodnia o wyprawieniu do Syrii przedstawiciela OWP na rozmowy, maj\u0105ce na celu zako\u0144czenie kryzysu i uratowanie \u017cycia pozosta\u0142ych mieszka\u0144c\u00f3w obozu.<\/span><\/p>\n<p style=\"text-align: left;\"><span style=\"color: #000080;\">W niekt\u00f3rych cz\u0119\u015bciach Zachodniego Brzegu i Strefy Gazy dzia\u0142acze palesty\u0144scy przeprowadzili strajk okupacyjny i niewielkie wiece protestacyjne przeciwko \u201eohydnym zbrodniom\u201d dokonywanym przez Pa\u0144stwo Islamskie wobec Palesty\u0144czyk\u00f3w w Jarmuk.<\/span><\/p>\n<p style=\"text-align: left;\"><span style=\"color: #000080;\">Ale decyzja wys\u0142ania przedstawiciela OWP do Syrii i ograniczone protest na Zachodnim Brzegu i w Strefie Gazy nie pomog\u0105 Palesty\u0144czykom w Jarmuk. Ani te\u017c nie odstrasz\u0105 Pa\u0144stwa Islamskiego od kontynuowania zbrodni.<\/span><\/p>\n<p style=\"text-align: left;\"><span style=\"color: #000080;\">Palesty\u0144czycy w Jarmuk maj\u0105 pecha, g\u0142\u00f3wnie dlatego, \u017ce s\u0105 atakowani i zabijani przez muzu\u0142man\u00f3w, nie za\u015b przez Izrael. Izraelski atak na ob\u00f3z wywo\u0142a\u0142by og\u00f3lno\u015bwiatowe pot\u0119pienia i protesty, a przyw\u00f3dcy palesty\u0144scy i arabscy b\u0142yskawicznie staraliby si\u0119 o interwencj\u0119 Rady Bezpiecze\u0144stwa ONZ i spo\u0142eczno\u015bci mi\u0119dzynarodowej.<\/span><\/p>\n<p style=\"text-align: left;\"><span style=\"color: #000080;\">Palesty\u0144czycy w Jarmuk maj\u0105 pecha, poniewa\u017c ich przyw\u00f3dcy z Autonomii Palesty\u0144skiej i Hamasu nadal zaj\u0119ci s\u0105 walk\u0105 mi\u0119dzy sob\u0105 o w\u0142adz\u0119 i pieni\u0105dze. Ta walka o w\u0142adz\u0119 trwa od czasu, kiedy latem 2007 r. Hamas wygna\u0142 AP ze Strefy Gazy.<\/span><\/p>\n<p style=\"text-align: left;\"><span style=\"color: #000080;\">Maj\u0105 tak\u017ce pecha, poniewa\u017c przyw\u00f3dcy palesty\u0144scy wydaj\u0105 si\u0119 mie\u0107 inne rzeczy na g\u0142owie, takie jak kontynuowanie kampanii izolowania i delegitymizowania Izraela na ka\u017cdym mo\u017cliwym forum mi\u0119dzynarodowym. Dla przyw\u00f3dc\u00f3w AP pragnienie ukarania Izraela jest silniejsze ni\u017c ch\u0119\u0107 uratowania \u017cycia tysi\u0119cy Palesty\u0144czyk\u00f3w zabijanych przez Pa\u0144stwo Islamskie i g\u0142odzonych przez armi\u0119 syryjsk\u0105, kt\u00f3ra oblega Jarmuk od ponad 700 dni.<\/span><\/p>\n<p style=\"text-align: left;\"><span style=\"color: #000080;\">Zamiast po\u015bwi\u0119ca\u0107 energi\u0119 i wysi\u0142ki na zatrzymanie masakr w Jarmuk, pracownicy Autonomii Palesty\u0144skiej zajmowali si\u0119 w zesz\u0142ym tygodniu przygotowywaniem nowej rezolucji do rozpatrzenia przez Rad\u0119 Bezpiecze\u0144stwa ONZ, ustanawiaj\u0105cej plan zako\u0144czenia izraelskiej \u201eokupacji\u201d.<\/span><\/p>\n<p style=\"text-align: left;\"><span style=\"color: #000080;\">Oczywi\u015bcie, proponowana rezolucja nie wspomina o tragedii Jarmuk. Arabscy ministrowie spraw zagranicznych, kt\u00f3rzy spotkali si\u0119 w Kairze na pocz\u0105tku zesz\u0142ego tygodnia, \u017ceby przedyskutowa\u0107 sposoby wsparcia nowej pr\u00f3by palesty\u0144skiej, ignorowali Jarmuk, kiedy rozmawiali i popijali kaw\u0119. Palesty\u0144czycy byli za\u015b masakrowani i zmuszani do ucieczki ze swoich dom\u00f3w w Jarmuk.<\/span><\/p>\n<p style=\"text-align: left;\"><span style=\"color: #000080;\">Zamiast tego, przedstawiciele AP podr\u00f3\u017cowali od jednego kraju do drugiego, by propagowa\u0107 swoj\u0105 kampani\u0119 ukarania i izolowania Izraela.<\/span><\/p>\n<p style=\"text-align: left;\"><span style=\"color: #000080;\">D\u017cibril Rad\u017coub, przewodnicz\u0105cy palesty\u0144skiego zwi\u0105zku pi\u0142ki no\u017cnej, by\u0142 w Kairze, by \u017c\u0105da\u0107 od Mi\u0119dzynarodowej Federacji Pi\u0142ki No\u017cnej (FIFA) zawieszenia cz\u0142onkostwa Izraela. Rad\u017coub nie widzia\u0142 powodu, by podr\u00f3\u017cowa\u0107 do Syrii i pr\u00f3bowa\u0107 pom\u00f3c swoim ludziom w Jarmuk.<\/span><\/p>\n<p style=\"text-align: left;\"><span style=\"color: #000080;\">Warto zanotowa\u0107, \u017ce przewodnicz\u0105cy FIFA, Sepp Blatter powiedzia\u0142, \u017ce jest przeciwny tej propozycji palesty\u0144skiej. \u201eZawieszenie w Federacji z jakiegokolwiek powodu jest zawsze czym\u015b, co szkodzi ca\u0142ej organizacji\u201d \u2013 powiedzia\u0142. Trudno zrozumie\u0107, jak zawieszenie cz\u0142onkostwa Izraela w FIFA mia\u0142oby pom\u00f3c jakimkolwiek Palesty\u0144czykom, szczeg\u00f3lnie tym, kt\u00f3rzy umieraj\u0105 z g\u0142odu i s\u0105 masakrowani przez armi\u0119 syryjsk\u0105 i Pa\u0144stwo Islamskie.<\/span><\/p>\n<p style=\"text-align: left;\"><span style=\"color: #000080;\">Podczas gdy w Jarmuk trwa\u0142y walki, prezydent AP, Mahmoud Abbas, polecia\u0142 do Dohy na rozmowy z emirem Kataru. Oficjalna agencja informacyjna OWP donios\u0142a, \u017ce Abbas i emir dyskutowali o \u201cstosunkach dwustronnych i najnowszym rozwoju sytuacji dotycz\u0105cej sprawy palesty\u0144skiej\u201d. Tak\u017ce tutaj nie wspomniano o losie mieszka\u0144c\u00f3w Jarmuk P\u00f3\u017aniej okaza\u0142o si\u0119, \u017ce Abbas by\u0142 w Katarze, by prosi\u0107 o po\u017cyczk\u0119 w wysoko\u015bci 100 milion\u00f3w dolar\u00f3w.<\/span><\/p>\n<p style=\"text-align: left;\"><span style=\"color: #000080;\">Chocia\u017c rz\u0105dz\u0105ca frakcja Abbasa, Fatah, wyrazi\u0142a zatroskanie tragedi\u0105 Jarmuku w serii lakonicznych o\u015bwiadcze\u0144 opublikowanych w ci\u0105gu ostatnich kilku dni, Fatah dowi\u00f3d\u0142 raz jeszcze, \u017ce rze\u017a Palesty\u0144czyk\u00f3w, g\u0142odzenie ich na \u015bmier\u0107 i wyganianie z dom\u00f3w nie s\u0105 wa\u017cniejsze ni\u017c ukaranie i izolowanie Izraela.<\/span><\/p>\n<p style=\"text-align: left;\"><span style=\"color: #000080;\">Zamiast m\u00f3wi\u0107 o zbrodniach wojennych Pa\u0144stwa Islamskiego i Syrii przeciwko Palesty\u0144czykom, Fatah nadal przechwala si\u0119, \u017ce przewodzi kampanii przeciwko Izraelowi w Mi\u0119dzynarodowym Trybunale Karnym.<\/span><\/p>\n<p style=\"text-align: left;\"><span style=\"color: #000080;\">Oto, co mia\u0142 do powiedzenia rzecznik Fatahu Osama Kawassmeh, podczas gdy trwa\u0142y walki w Jarmuk: \u201eKierownictwo palesty\u0144skie jest zdecydowane na kontynuacj\u0119 wysi\u0142k\u00f3w prowadz\u0105cych do s\u0105dzenia Izraela za zbrodnie wojenne. Przedstawimy Mi\u0119dzynarodowemu Trybuna\u0142owi Karnemu wszystkie niezb\u0119dne dokumenty, kt\u00f3re obci\u0105\u017caj\u0105 izraelskich przest\u0119pc\u00f3w wojennych\u201d.<\/span><\/p>\n<p style=\"text-align: left;\"><span style=\"color: #000080;\">Ministerstwo informacji Autonomii Palesty\u0144skiej tak\u017ce wydaje si\u0119 by\u0107 bardziej zatroskane \u201cmaratonem osadnik\u00f3w\u201d ni\u017c \u017cyciem Palesty\u0144czyk\u00f3w w Jarmuk.<\/span><\/p>\n<p style=\"text-align: left;\"><span style=\"color: #000080;\">W o\u015bwiadczeniu wydanym w Ramallah ministerstwo pot\u0119pi\u0142o planowany maraton osadnik\u00f3w jako \u201cagresj\u0119 przeciwko terytoriom palesty\u0144skim i kontynuacj\u0119 izraelskiej arogancji\u201d Ministerstwo wezwa\u0142o instytucje mi\u0119dzynarodowe i grupy praw cz\u0142owieka, by \u201eskupili si\u0119 na terrorze osadnik\u00f3w, kt\u00f3rzy tym razem przebrani s\u0105 w stroje sportowe\u201d.<\/span><\/p>\n<p style=\"text-align: right;\"><span style=\"color: #000080;\">Czytaj dalej tu: <span style=\"text-decoration: underline;\"><strong><a style=\"color: #000080; text-decoration: underline;\" href=\"http:\/\/www.listyznaszegosadu.pl\/brunatna-fala\/palestynczycy-w-jarmuk-maja-pecha\" target=\"_blank\">Palesty\u0144czycy w Jarmuk maj\u0105 pecha<\/a><\/strong><\/span><\/span><\/p>\n<hr style=\"height: 15px; background: #d0e6fa; width: 710px;\" \/>\n<div id=\"content\" class=\"  content-alignment&lt;br \/&gt;&lt;br \/&gt; \">\n<div id=\"watch-description\" class=\"yt-uix-button-panel\">\n<div id=\"watch-description-text\">\n<p style=\"text-align: center;\"><span style=\"color: #808080;\"> twoje uwagi, linki, wlasne artykuly, lub wiadomosci przeslij do: <strong><span style=\"text-decoration: underline;\"><span style=\"color: #808080; text-decoration: underline;\"><a href=\"mailto:webmaster@reunion68.com\">webmaster@reunion68.com<\/a><\/span><\/span><\/strong><\/span><\/p>\n<\/div>\n<\/div>\n<\/div>\n<p>&nbsp;<\/p>\n<hr style=\"width: 710px;\" \/>\n","protected":false},"excerpt":{"rendered":"<p>Palesty\u0144czycy w Jarmuk maj\u0105 pecha Khaled Abu Toameh T\u0142umaczenie: Ma\u0142gorzata Koraszewska Kiedy w zesz\u0142ym tygodniu terrory\u015bci Pa\u0144stwa Islamskiego zabijali Palesty\u0144czyk\u00f3w i obcinali im g\u0142owy w obozie dla uchod\u017ac\u00f3w Jarmuk w pobli\u017cu Damaszku, przyw\u00f3dcy palesty\u0144scy raz jeszcze dowiedli, \u017ce delegitymizowanie i izolowanie Izraela jest dla nich wa\u017cniejsze ni\u017c dbanie o w\u0142asnych ludzi. Po siedmiu dniach walk [&hellip;]<\/p>\n","protected":false},"author":1,"featured_media":0,"comment_status":"closed","ping_status":"closed","sticky":false,"template":"","format":"standard","meta":[],"categories":[6],"tags":[24],"_links":{"self":[{"href":"https:\/\/www.reunion68.se\/index.php?rest_route=\/wp\/v2\/posts\/18209"}],"collection":[{"href":"https:\/\/www.reunion68.se\/index.php?rest_route=\/wp\/v2\/posts"}],"about":[{"href":"https:\/\/www.reunion68.se\/index.php?rest_route=\/wp\/v2\/types\/post"}],"author":[{"embeddable":true,"href":"https:\/\/www.reunion68.se\/index.php?rest_route=\/wp\/v2\/users\/1"}],"replies":[{"embeddable":true,"href":"https:\/\/www.reunion68.se\/index.php?rest_route=%2Fwp%2Fv2%2Fcomments&post=18209"}],"version-history":[{"count":16,"href":"https:\/\/www.reunion68.se\/index.php?rest_route=\/wp\/v2\/posts\/18209\/revisions"}],"predecessor-version":[{"id":18226,"href":"https:\/\/www.reunion68.se\/index.php?rest_route=\/wp\/v2\/posts\/18209\/revisions\/18226"}],"wp:attachment":[{"href":"https:\/\/www.reunion68.se\/index.php?rest_route=%2Fwp%2Fv2%2Fmedia&parent=18209"}],"wp:term":[{"taxonomy":"category","embeddable":true,"href":"https:\/\/www.reunion68.se\/index.php?rest_route=%2Fwp%2Fv2%2Fcategories&post=18209"},{"taxonomy":"post_tag","embeddable":true,"href":"https:\/\/www.reunion68.se\/index.php?rest_route=%2Fwp%2Fv2%2Ftags&post=18209"}],"curies":[{"name":"wp","href":"https:\/\/api.w.org\/{rel}","templated":true}]}}