{"id":18329,"date":"2015-04-18T18:08:17","date_gmt":"2015-04-18T16:08:17","guid":{"rendered":"http:\/\/www.reunion68.se\/?p=18329"},"modified":"2015-04-18T15:07:12","modified_gmt":"2015-04-18T13:07:12","slug":"18329","status":"publish","type":"post","link":"https:\/\/www.reunion68.se\/?p=18329","title":{"rendered":"Premier Izraela: \u015awiat jest \u015blepy jak przed II wojn\u0105 \u015bwiatow\u0105"},"content":{"rendered":"<h5 style=\"text-align: center;\"><a href=\"http:\/\/www.wprost.pl\/\" target=\"_blank\"><img decoding=\"async\" class=\"center alignleft\" src=\"http:\/\/www.reunion68.com\/Biuletyn\/img\/wprost.png\" alt=\"\" \/><\/a><span style=\"text-decoration: underline; color: #000080;\"><span style=\"text-decoration: underline;\"><strong><a style=\"color: #000080; text-decoration: underline;\" href=\"http:\/\/www.wprost.pl\/ar\/502868\/Premier-Izraela-Swiat-jest-slepy-jak-przed-II-wojna-swiatowa\/#.VS_usGsvtgo.facebook\" target=\"_blank\">Premier Izraela: \u015awiat jest \u015blepy jak przed II wojn\u0105 \u015bwiatow\u0105<\/a><\/strong><\/span><\/span><\/h5>\n<hr style=\"height: 15px; background: #d0e6fa; width: 710px;\" \/>\n<p style=\"text-align: left;\"><img decoding=\"async\" class=\" aligncenter\" src=\"http:\/\/www.wprost.pl\/G\/cache\/2\/1\/c\/21c8ef3643c74595b4905a74822a575813daefde.jpg\" alt=\"Benjamin Netanyahu (fot. domena publiczna)\" width=\"670\" \/><br \/>\n<span style=\"color: #333333;\"><strong>Podczas konferencji w Jad Waszem (Instytucie Pami\u0119ci M\u0119czennik\u00f3w i Bohater\u00f3w Holocaustu &#8211; red.), premier Izraela, Benjamin Netanyahu powiedzia\u0142, \u017ce umowa j\u0105drowa USA z Iranem jest przyk\u0142adem na to, i\u017c &#8220;\u015bwiat jest \u015blepy jak przed II wojn\u0105 \u015bwiatow\u0105&#8221;.<\/strong><\/span><\/p>\n<p style=\"text-align: left;\"><span style=\"color: #000080;\">Izraelski premier oceni\u0142, \u017ce \u015bwiatowe mocarstwa s\u0105 w &#8220;stanie gor\u0105czki i urojenia&#8221; w obliczu wsp\u00f3\u0142czesnych Niemc\u00f3w, czyli Iranu. Netanyahu pot\u0119pi\u0142 umow\u0119 mi\u0119dzy USA a Iranem, kt\u00f3ra zezwala Teheranowi na utrzymanie kluczowych element\u00f3w programu nuklearnego w tym pa\u0144stwie. Premier Izraela stwierdzi\u0142, \u017ce decyzja USA w tej sprawie to &#8220;kapitulacja&#8221;.<\/span><\/p>\n<p style=\"text-align: left;\"><span style=\"color: #000080;\">&#8211; Najwa\u017cniejsza lekcja dla demokracji, jaka p\u0142ynie z wydarze\u0144 II wojny \u015bwiatowej, to taka, \u017ce nie mo\u017cna przymyka\u0107 oczu na tyrani\u0119 prowadzon\u0105 przez re\u017cimy &#8211; m\u00f3wi\u0142 w Jad Waszem Netanyahu. &#8211; Ust\u0119pstwa wobec tych system\u00f3w tylko zwi\u0119ksza ich agresywno\u015b\u0107 &#8211; doda\u0142 i oceni\u0142, \u017ce je\u015bli taka agresja nie zostanie ograniczona, to &#8220;ludzko\u015b\u0107 mo\u017ce zosta\u0107 uwik\u0142ana w jeszcze wi\u0119ksze wojny&#8221; ni\u017c ta, kt\u00f3ra wybuch\u0142a w 1939 r.<\/span><\/p>\n<p style=\"text-align: left;\"><span style=\"color: #000080;\">&#8211; Przed II wojn\u0105 \u015bwiatow\u0105, \u015bwiat pr\u00f3bowa\u0142 uspokoi\u0107 nazist\u00f3w. Pr\u00f3bowano uzyska\u0107 pok\u00f3j za wszelk\u0105 cen\u0119 i w ko\u0144cu ta straszliwa cena przysz\u0142a. Zamordowano sze\u015b\u0107 milion\u00f3w \u017byd\u00f3w, podobnie miliony innych &#8211; powiedzia\u0142 premier Izraela. Wed\u0142ug Netanyahu, &#8220;tylko zajmuj\u0105c mocne stanowisko przeciwko tyra\u0144skim re\u017cimom&#8221;, mo\u017cna zapewni\u0107 przysz\u0142o\u015b\u0107 ludzko\u015bci. &#8211; Ale ta lekcja zosta\u0142a najwyra\u017aniej zapomniana. \u015awiat jest \u015blepy jak przed II wojn\u0105 \u015bwiatow\u0105 &#8211; zaznaczy\u0142.<\/span><\/p>\n<p style=\"text-align: right;\"><em><span style=\"color: #808080;\">timesofisrael.com<\/span><\/em><\/p>\n<hr style=\"height: 15px; background: #d0e6fa; width: 710px;\" \/>\n<div id=\"content\" class=\"  content-alignment&lt;br \/&gt;&lt;br \/&gt; \">\n<div id=\"watch-description\" class=\"yt-uix-button-panel\">\n<div id=\"watch-description-text\">\n<p style=\"text-align: center;\"><span style=\"color: #808080;\"> twoje uwagi, linki, wlasne artykuly, lub wiadomosci przeslij do: <strong><span style=\"text-decoration: underline;\"><span style=\"color: #808080; text-decoration: underline;\"><a href=\"mailto:webmaster@reunion68.com\">webmaster@reunion68.com<\/a><\/span><\/span><\/strong><\/span><\/p>\n<\/div>\n<\/div>\n<\/div>\n<p>&nbsp;<\/p>\n<hr style=\"width: 710px;\" \/>\n","protected":false},"excerpt":{"rendered":"<p>Premier Izraela: \u015awiat jest \u015blepy jak przed II wojn\u0105 \u015bwiatow\u0105 Podczas konferencji w Jad Waszem (Instytucie Pami\u0119ci M\u0119czennik\u00f3w i Bohater\u00f3w Holocaustu &#8211; red.), premier Izraela, Benjamin Netanyahu powiedzia\u0142, \u017ce umowa j\u0105drowa USA z Iranem jest przyk\u0142adem na to, i\u017c &#8220;\u015bwiat jest \u015blepy jak przed II wojn\u0105 \u015bwiatow\u0105&#8221;. Izraelski premier oceni\u0142, \u017ce \u015bwiatowe mocarstwa s\u0105 w [&hellip;]<\/p>\n","protected":false},"author":1,"featured_media":0,"comment_status":"closed","ping_status":"closed","sticky":false,"template":"","format":"standard","meta":[],"categories":[3],"tags":[24],"_links":{"self":[{"href":"https:\/\/www.reunion68.se\/index.php?rest_route=\/wp\/v2\/posts\/18329"}],"collection":[{"href":"https:\/\/www.reunion68.se\/index.php?rest_route=\/wp\/v2\/posts"}],"about":[{"href":"https:\/\/www.reunion68.se\/index.php?rest_route=\/wp\/v2\/types\/post"}],"author":[{"embeddable":true,"href":"https:\/\/www.reunion68.se\/index.php?rest_route=\/wp\/v2\/users\/1"}],"replies":[{"embeddable":true,"href":"https:\/\/www.reunion68.se\/index.php?rest_route=%2Fwp%2Fv2%2Fcomments&post=18329"}],"version-history":[{"count":11,"href":"https:\/\/www.reunion68.se\/index.php?rest_route=\/wp\/v2\/posts\/18329\/revisions"}],"predecessor-version":[{"id":18336,"href":"https:\/\/www.reunion68.se\/index.php?rest_route=\/wp\/v2\/posts\/18329\/revisions\/18336"}],"wp:attachment":[{"href":"https:\/\/www.reunion68.se\/index.php?rest_route=%2Fwp%2Fv2%2Fmedia&parent=18329"}],"wp:term":[{"taxonomy":"category","embeddable":true,"href":"https:\/\/www.reunion68.se\/index.php?rest_route=%2Fwp%2Fv2%2Fcategories&post=18329"},{"taxonomy":"post_tag","embeddable":true,"href":"https:\/\/www.reunion68.se\/index.php?rest_route=%2Fwp%2Fv2%2Ftags&post=18329"}],"curies":[{"name":"wp","href":"https:\/\/api.w.org\/{rel}","templated":true}]}}