{"id":18967,"date":"2015-04-27T18:08:18","date_gmt":"2015-04-27T16:08:18","guid":{"rendered":"http:\/\/www.reunion68.se\/?p=18967"},"modified":"2015-04-27T22:10:49","modified_gmt":"2015-04-27T20:10:49","slug":"18967","status":"publish","type":"post","link":"https:\/\/www.reunion68.se\/?p=18967","title":{"rendered":"W &#8220;Newsweeku&#8221;: Polski problem z Holokaustem [WIDEO]"},"content":{"rendered":"<h5 style=\"text-align: center;\"><a href=\"http:\/\/polska.newsweek.pl\/\" target=\"_blank\"><img decoding=\"async\" class=\"center alignleft\" src=\"http:\/\/www.reunion68.com\/Biuletyn\/img\/newsweek.jpg\" alt=\"\" \/><\/a><span style=\"text-decoration: underline; color: #000080;\"><strong><a style=\"color: #000080; text-decoration: underline;\" href=\"http:\/\/polska.newsweek.pl\/polski-problem-z-holokaustem-wideo-,artykuly,361987,1.html\" target=\"_blank\">W &#8220;Newsweeku&#8221;: Polski problem z Holokaustem [WIDEO]<\/a><\/strong><\/span><\/h5>\n<p style=\"text-align: center;\"><span style=\"color: #808080;\"><strong> *****<\/strong><\/span><\/p>\n<hr style=\"height: 15px; background: #d0e6fa; width: 710px;\" \/>\n<p><img decoding=\"async\" class=\"articleImg alignright\" title=\"\" src=\"http:\/\/www.newsweek.pl\/g\/i.aspx\/328\/0\/newsweek\/635656465068067851.jpg\" alt=\"\" border=\"0\" \/><\/p>\n<p style=\"text-align: left;\"><span style=\"color: #333333;\"><strong>Wci\u0105\u017c nie rozliczyli\u015bmy si\u0119 z tematem Zag\u0142ady. I dlatego tak histerycznie reagujemy, gdy kto\u015b palnie mog\u0105c\u0105 nas oczerni\u0107 gaf\u0119, jak to zrobi\u0142 szef FBI \u2013 m\u00f3wi Jan Tomasz Gross, historyk zajmuj\u0105cy si\u0119 tematem Holokaustu.<\/strong><\/span><\/p>\n<p style=\"text-align: left;\"><span style=\"color: #000080;\">\u201eLudzie ludziom zgotowali ten los\u201d &#8211; napisa\u0142a w \u201eMedalionach\u201d Zofia Na\u0142kowska. Zdaniem Tomasza Grossa, autora m.in. &#8220;S\u0105siad\u00f3w&#8221; czy &#8220;Strachu&#8221;, mniej wi\u0119cej to samo powiedzia\u0142 szef FBI James Comey &#8211; co\u015b, o czym w Polsce wiadomo od dawna. &#8211; Chodzi o to, \u017ce w naturze cz\u0142owieka tkwi z\u0142o i przera\u017caj\u0105cy aspekt Zag\u0142ady polega tak\u017ce na tym, \u017ce jej sprawcami byli ca\u0142kiem zwykli ludzie &#8211; m\u00f3wi Gross.<\/span><\/p>\n<p style=\"text-align: left;\"><span style=\"color: #000080;\">Problem w tym, \u017ce w wypowiedzi Comeya pojawi\u0142a si\u0119 te\u017c Polska, i to w niezbyt korzystnym \u015bwietle. Szef FBI zasugerowa\u0142, \u017ce Polska i W\u0119gry odpowiadaj\u0105 za zag\u0142ad\u0119 \u017byd\u00f3w tak samo jak Niemcy. &#8211; Niemcy byli autorami planu Zag\u0142ady, ale w jego realizacji bra\u0142a udzia\u0142 ludno\u015b\u0107 z wielu kraj\u00f3w &#8211; t\u0142umaczy zdanie Comeya Jan Tomasz Gross. &#8211; I nieszcz\u0119\u015bliwym trafem szef FBI wymieni\u0142 Polsk\u0119 oraz W\u0119gry jako przyk\u0142ady. W rezultacie mo\u017cna by\u0142o wywnioskowa\u0107, \u017ce Niemcy, Polacy i W\u0119grzy zainicjowali Holokaust, co jest oczywistym absurdem. Cho\u0107by z tego powodu, \u017ce na W\u0119grzech zag\u0142ada \u017byd\u00f3w rozpocz\u0119\u0142a si\u0119 dopiero w po\u0142owie 1944 roku, a wi\u0119c wtedy, gdy przesz\u0142o 90 proc. z\u0142apanych w tryby tzw. ostatecznego rozwi\u0105zania kwestii \u017cydowskiej Europejczyk\u00f3w pochodzenia \u017cydowskiego by\u0142o ju\u017c zamordowanych. W jaki wi\u0119c spos\u00f3b W\u0119grzy mieliby by\u0107 inicjatorami czego\u015b, co ju\u017c si\u0119 prawie sko\u0144czy\u0142o, zanim si\u0119 jeszcze u nich zacz\u0119\u0142o? &#8211; wyja\u015bnia historyk.<\/span><\/p>\n<p style=\"text-align: left;\"><span style=\"color: #000080;\">Zdaniem Grossa, by\u0142 to lapsus j\u0119zykowy Comeya, a nie jego niewiedza dotycz\u0105ca Holokaustu. \u2013 Amerykanie ucz\u0105 si\u0119 o Zag\u0142adzie w szko\u0142ach i na uniwersytetach. Z ca\u0142\u0105 pewno\u015bci\u0105 przeci\u0119tny Amerykanin wie na ten temat du\u017co wi\u0119cej ni\u017c przeci\u0119tny polski obywatel. Wiedz\u0105, \u017ce Holokaust to nazistowski wymys\u0142 realizowany w okupowanej Europie przez hitlerowskie Niemcy. I nikt w miar\u0119 przytomny raczej nie ma w\u0105tpliwo\u015bci, \u017ce Hitler nie by\u0142 Polakiem &#8211; m\u00f3wi historyk.<\/span><\/p>\n<p style=\"text-align: center;\"><span style=\"color: #333333;\">Aleksandra Pawlicka, dziennikarka dzia\u0142u Polska, rozmawia\u0142a z Janem Tomaszem Grossem o s\u0142owach szefa FBI dotycz\u0105cych udzia\u0142u Polak\u00f3w w Holokau\u015bcie:<\/span><\/p>\n<div id=\"content\" class=\"  content-alignment&lt;br \/&gt;&lt;br \/&gt; \" style=\"text-align: center;\">\n<div id=\"watch-description\" class=\"yt-uix-button-panel\">\n<div id=\"watch-description-text\">\n<div style=\"width: 640px;\" class=\"wp-video\"><!--[if lt IE 9]><script>document.createElement('video');<\/script><![endif]-->\n<video class=\"wp-video-shortcode\" id=\"video-18967-1\" width=\"640\" height=\"360\" preload=\"metadata\" controls=\"controls\"><source type=\"video\/x-flv\" src=\"http:\/\/www.reunion68.com\/Biuletyn\/img\/temp\/Newsweek.flv?_=1\" \/><a href=\"http:\/\/www.reunion68.com\/Biuletyn\/img\/temp\/Newsweek.flv\">http:\/\/www.reunion68.com\/Biuletyn\/img\/temp\/Newsweek.flv<\/a><\/video><\/div>\n<\/div>\n<\/div>\n<\/div>\n<p>&nbsp;<\/p>\n<p style=\"text-align: center;\">\n<p style=\"text-align: left;\"><span style=\"color: #000080;\">Mimo \u017ce wypowied\u017a Comeya dotyczy\u0142a r\u00f3wnie\u017c W\u0119gier, dyplomacja tego kraju nie zareagowa\u0142a tak g\u0142o\u015bno jak Polska. O Czym to \u015bwiadczy? &#8211; Podsk\u00f3rnie czujemy, \u017ce co\u015b w naszej historii, w naszym zachowaniu w dobie Holokaustu by\u0142o nie w porz\u0105dku. Wyprowadza nas z r\u00f3wnowagi s\u0142\u00f3wko rzucone przez szefa FBI, wyprowadzaj\u0105 incydentalne stwierdzenia dotycz\u0105ce oboz\u00f3w koncentracyjnych. Oczywi\u015bcie, \u017ce s\u0105 to stwierdzenia naganne, nie w porz\u0105dku w stosunku do Polski, ale trzeba je traktowa\u0107 w kategorii idiotyzm\u00f3w, bo to s\u0105 przecie\u017c zazwyczaj pomy\u0142ki i nieporozumienia j\u0119zykowe &#8211; m\u00f3wi Gross.<\/span><\/p>\n<p style=\"text-align: left;\"><span style=\"color: #000080;\">Wed\u0142ug Grossa, Polak\u00f3w w stan alarmu stawia w\u0142a\u015bciwie ka\u017cde zestawienie s\u0142\u00f3w \u201ePolska\u201d i \u201eHolokaust\u201d, co mo\u017ce ju\u017c \u015bwiadczy\u0107 o tym, \u017ce pr\u00f3bujemy zakrzycze\u0107 wyrzuty sumienia. &#8211; Trzeba uwa\u017ca\u0107, bo to zaczyna stawia\u0107 Polsk\u0119 w jednym szeregu z Turcj\u0105, kt\u00f3ra w r\u00f3wnie nerwowy spos\u00f3b przeczo\u0142guje ambasador\u00f3w pa\u0144stw, gdzie zosta\u0142o wspomniane ludob\u00f3jstwo Ormian. Ostatnio obrazi\u0142a si\u0119, jak wiadomo, na papie\u017ca Franciszka &#8211; komentuje historyk.<\/span><\/p>\n<p style=\"text-align: left;\"><span style=\"color: #000080;\">\u2013 Przypominanie, \u017ce Polacy maj\u0105 najwi\u0119cej drzewek posadzonych w Yad Vashem w Jerozolimie, nie zmieni prawdy &#8211; m\u00f3wi Gross. &#8211; Sprawiedliwi byli w okupowanej Polsce pariasami bezwzgl\u0119dnie i okrutnie t\u0119pionymi przez polskie spo\u0142ecze\u0144stwo. Oczywi\u015bcie by\u0142y od tego \u2013 jak od wszystkich regu\u0142 \u2013 wyj\u0105tki, ale zwykle Polacy musieli ukrywa\u0107 \u017byd\u00f3w w kompletnej tajemnicy przed otoczeniem. I jeszcze d\u0142ugo po wojnie bali si\u0119 ujawnia\u0107 t\u0119 swoj\u0105 bohatersk\u0105 okupacyjn\u0105 przesz\u0142o\u015b\u0107 z obawy przed negatywn\u0105 reakcj\u0105 w\u0142asnego \u015brodowiska &#8211; wyja\u015bnia historyk.<\/span><\/p>\n<p><em>TOMASZ GROSS Jan Tomasz Gross jest urodzonym w polsko-\u017cydowskiej rodzinie socjologiem i historykiem, specjalizuj\u0105cym si\u0119 w europejskiej historii XX wieku i historii zag\u0142ady \u017byd\u00f3w. Autor znanych ksi\u0105\u017cek: \u201eS\u0105siedzi\u201d (o zag\u0142adzie \u017byd\u00f3w z Jedwabnego), \u201eStrach\u201d i \u201eZ\u0142ote \u017cniwa\u201d. Profesor Uniwersytetu Princeton (USA).<\/em><\/p>\n<hr style=\"height: 15px; background: #d0e6fa; width: 710px;\" \/>\n<div id=\"content\" class=\"  content-alignment&lt;br \/&gt;&lt;br \/&gt; \">\n<div id=\"watch-description\" class=\"yt-uix-button-panel\">\n<div id=\"watch-description-text\">\n<p style=\"text-align: center;\"><span style=\"color: #808080;\"> twoje uwagi, linki, wlasne artykuly, lub wiadomosci przeslij do: <strong><span style=\"text-decoration: underline;\"><span style=\"color: #808080; text-decoration: underline;\"><a href=\"mailto:webmaster@reunion68.com\">webmaster@reunion68.com<\/a><\/span><\/span><\/strong><\/span><\/p>\n<\/div>\n<\/div>\n<\/div>\n<p>&nbsp;<\/p>\n<hr style=\"width: 710px;\" \/>\n","protected":false},"excerpt":{"rendered":"<p>W &#8220;Newsweeku&#8221;: Polski problem z Holokaustem [WIDEO] ***** Wci\u0105\u017c nie rozliczyli\u015bmy si\u0119 z tematem Zag\u0142ady. I dlatego tak histerycznie reagujemy, gdy kto\u015b palnie mog\u0105c\u0105 nas oczerni\u0107 gaf\u0119, jak to zrobi\u0142 szef FBI \u2013 m\u00f3wi Jan Tomasz Gross, historyk zajmuj\u0105cy si\u0119 tematem Holokaustu. \u201eLudzie ludziom zgotowali ten los\u201d &#8211; napisa\u0142a w \u201eMedalionach\u201d Zofia Na\u0142kowska. Zdaniem Tomasza [&hellip;]<\/p>\n","protected":false},"author":1,"featured_media":0,"comment_status":"closed","ping_status":"closed","sticky":false,"template":"","format":"standard","meta":[],"categories":[6],"tags":[24],"_links":{"self":[{"href":"https:\/\/www.reunion68.se\/index.php?rest_route=\/wp\/v2\/posts\/18967"}],"collection":[{"href":"https:\/\/www.reunion68.se\/index.php?rest_route=\/wp\/v2\/posts"}],"about":[{"href":"https:\/\/www.reunion68.se\/index.php?rest_route=\/wp\/v2\/types\/post"}],"author":[{"embeddable":true,"href":"https:\/\/www.reunion68.se\/index.php?rest_route=\/wp\/v2\/users\/1"}],"replies":[{"embeddable":true,"href":"https:\/\/www.reunion68.se\/index.php?rest_route=%2Fwp%2Fv2%2Fcomments&post=18967"}],"version-history":[{"count":27,"href":"https:\/\/www.reunion68.se\/index.php?rest_route=\/wp\/v2\/posts\/18967\/revisions"}],"predecessor-version":[{"id":18973,"href":"https:\/\/www.reunion68.se\/index.php?rest_route=\/wp\/v2\/posts\/18967\/revisions\/18973"}],"wp:attachment":[{"href":"https:\/\/www.reunion68.se\/index.php?rest_route=%2Fwp%2Fv2%2Fmedia&parent=18967"}],"wp:term":[{"taxonomy":"category","embeddable":true,"href":"https:\/\/www.reunion68.se\/index.php?rest_route=%2Fwp%2Fv2%2Fcategories&post=18967"},{"taxonomy":"post_tag","embeddable":true,"href":"https:\/\/www.reunion68.se\/index.php?rest_route=%2Fwp%2Fv2%2Ftags&post=18967"}],"curies":[{"name":"wp","href":"https:\/\/api.w.org\/{rel}","templated":true}]}}