{"id":18995,"date":"2015-04-30T18:09:06","date_gmt":"2015-04-30T16:09:06","guid":{"rendered":"http:\/\/www.reunion68.se\/?p=18995"},"modified":"2015-04-29T17:00:13","modified_gmt":"2015-04-29T15:00:13","slug":"18995","status":"publish","type":"post","link":"https:\/\/www.reunion68.se\/?p=18995","title":{"rendered":"Ca\u0142y \u015bwiat ma na r\u0119kach krew ofiar Holokaustu. Polacy nie s\u0105 wyj\u0105tkiem"},"content":{"rendered":"<h5 style=\"text-align: center;\"><a href=\"http:\/\/wiadomosci.wp.pl\/\" target=\"_blank\"><img decoding=\"async\" class=\"center alignleft\" src=\"http:\/\/www.reunion68.com\/Biuletyn\/img\/wp1.png\" alt=\"\" \/><\/a><span style=\"text-decoration: underline; color: #000080;\"><strong><a style=\"color: #000080; text-decoration: underline;\" href=\"http:\/\/wiadomosci.wp.pl\/kat,141116,title,Caly-swiat-ma-na-rekach-krew-ofiar-Holokaustu-Polacy-nie-sa-wyjatkiem,wid,17489082,wiadomosc.html?ticaid=114c52\" target=\"_blank\">Ca\u0142y \u015bwiat ma na r\u0119kach krew ofiar Holokaustu. Polacy nie s\u0105 wyj\u0105tkiem<\/a><\/strong><\/span><\/h5>\n<p style=\"text-align: center;\"><span style=\"color: #333333;\"><strong>Jakub Bierzy\u0144ski<\/strong><\/span><\/p>\n<hr style=\"height: 15px; background: #d0e6fa; width: 710px;\" \/>\n<p style=\"text-align: left;\"><span style=\"color: #000080;\"><em>&#8220;I tu dochodzimy do sedna sprawy \u2013 wszyscy jeste\u015bmy winni wsp\u00f3\u0142udzia\u0142u w zbrodni Holokaustu \u2013 jedni uczynkiem, inni zaniedbaniem. Ca\u0142a Europa, ca\u0142y \u015bwiat ma na r\u0119kach krew ofiar Holokaustu. Polacy nie s\u0105 wyj\u0105tkiem. W rocznic\u0119 powstania w getcie dosta\u0142em do wpi\u0119cia w klap\u0119 \u017conkila z has\u0142em \u201e\u0142\u0105czy nas pami\u0119\u0107\u201d. To pi\u0119kne has\u0142o jest niestety fa\u0142szywe. <strong>Pami\u0119\u0107 na razie nas nie \u0142\u0105czy, pami\u0119\u0107 nas dzieli.<\/strong>&#8220;<\/em><\/span><\/p>\n<div style=\"width: 610px\" class=\"wp-caption aligncenter\"><img decoding=\"async\" loading=\"lazy\" class=\"fota\" src=\"http:\/\/i.wp.pl\/a\/f\/jpeg\/30912\/warszawskie_gettto_holokaust_zydzi_wiki_600.jpeg\" alt=\"\" width=\"600\" height=\"426\" \/><p class=\"wp-caption-text\">Wikimedia Commons \/ Jurgen Stroop<\/p><\/div>\n<p style=\"text-align: left;\"><span style=\"color: #333333;\"><strong>Wypowied\u017a dyrektora FBI Jamesa Comeya wywo\u0142a\u0142a w Polsce prawdziw\u0105 burz\u0119. Jednog\u0142o\u015bny ch\u00f3r pot\u0119pienia \u201eantypolskich oszczerstw\u201d wykluczy\u0142 jak\u0105kolwiek refleksj\u0119 na ten temat. Liczne g\u0142osy domagaj\u0105 si\u0119 spraw s\u0105dowych w obronie dobrego imienia naszej ojczyzny. Si\u0142a i skala tej reakcji nasuwa podejrzenia, \u017ce co\u015b jednak jest na rzeczy. Czy polska opinia publiczna nie chce tym jednorodnym krzykiem zag\u0142uszy\u0107 jakiej\u015b istotnej zadry w naszej zbiorowej \u015bwiadomo\u015bci? O czym jeszcze chcieliby zapomnie\u0107 Amerykanie, Francuzi, Szwajcarzy, czy cho\u0107by sami \u017bydzi?<\/strong><\/span><\/p>\n<p style=\"text-align: left;\"><span style=\"color: #000080;\">Czy nasza reakcje na s\u0142owa Comeya nie ujawnia g\u0142\u0119boko ukrytych pod\u015bwiadomych zbiorowych l\u0119k\u00f3w? Gdy kto\u015b oskar\u017ca Polak\u00f3w o zbrodnie na Ukrai\u0144cach lub Niemcach wyp\u0119dzonych z Ziem Zachodnich, nie budzi to kontrowersji tego rz\u0119du, jak wtedy, gdy dotykamy, jak wida\u0107, otwartej rany w polskiej \u015bwiadomo\u015bci &#8211; rany Holokaustu.<\/span><\/p>\n<p style=\"text-align: left;\"><span style=\"color: #000080;\">W obowi\u0105zuj\u0105cej powszechnie narracji role podzielone s\u0105 bardzo jednoznacznie. Ubrany w czarny mundur esesman morduje sparali\u017cowanego przera\u017ceniem \u017byda. Dla nas, Polak\u00f3w, napisano rol\u0119 niemego \u015bwiadka obezw\u0142adnionego skal\u0105 i okrucie\u0144stwem tej zbrodni. Zach\u00f3d i tak zwani \u201edobrzy Niemcy\u201d o Holokau\u015bcie dowiaduj\u0105 si\u0119 po wojnie. \u015amier\u0107 sze\u015bciu milion\u00f3w ludzi jest sprowadzona do aberracji psychicznej Adolfa Hitlera i \u015blepego pos\u0142usze\u0144stwa wykonawc\u00f3w tej zbrodni. Zdaj\u0119 sobie spraw\u0119, \u017ce taki obraz historii bardzo u\u0142atwia\u0142 wszystkim pogodzenie si\u0119 z tragedi\u0105 Holokaustu. Ka\u017cdy dosta\u0142 swoje ma\u0142e alibi w tej zbrodni.<\/span><\/p>\n<p style=\"text-align: left;\"><span style=\"color: #000080;\">Nurtuje mnie par\u0119 banalnych wr\u0119cz naiwnych pyta\u0144. Co si\u0119 sta\u0142o z maj\u0105tkiem trzech milion\u00f3w polskich obywateli? Znikn\u0105\u0142? Jak\u0105 cz\u0119\u015b\u0107 Niemcy byli w stanie wywie\u017a\u0107 do Rzeszy? Co opr\u00f3cz dzie\u0142 sztuki, kosztowno\u015bci i z\u0142ota op\u0142aca\u0142o im si\u0119 zabra\u0107? Co sta\u0142o si\u0119 z reszt\u0105? Trzy miliony ludzi to ca\u0142kiem sporo, a byli to w du\u017cej cz\u0119\u015bci rzemie\u015blnicy kupcy i mieszczanie \u2013 ludno\u015b\u0107 miejska akumuluj\u0105ca kapita\u0142 od pokole\u0144. Wszystko znikn\u0119\u0142o? Razem z karczmami, mieszkaniami, kamienicami, fabryczkami? Niemcy wywie\u017ali?<\/span><\/p>\n<p style=\"text-align: left;\"><span style=\"color: #000080;\">Sk\u0105d ten uporczywy \u017cydowski antypolonizm? Sk\u0105d ten paniczny l\u0119k? 19 kwietnia min\u0119\u0142a rocznica powstania w getcie. Widzia\u0142em wiele wycieczek \u017cydowskiej m\u0142odzie\u017cy w Warszawie. Dlaczego chodz\u0105 zawsze w grupach chronione przez ochroniarzy? Dlaczego ros\u0142y m\u0119\u017cczyzna na \u015bwiat\u0142ach w\u0142asnym cia\u0142em z roz\u0142o\u017conymi r\u0119kami ochrania\u0142 przechodz\u0105c\u0105 przez jezdni\u0119 m\u0142odzie\u017c, jakby obawia\u0142 si\u0119, \u017ce przypadkowy kierowca z rozmys\u0142em wjedzie w t\u0142um m\u0142odych ludzi w jarmu\u0142kach? Sk\u0105d panuj\u0105ce w\u015br\u00f3d \u017byd\u00f3w prze\u015bwiadczenie o tradycyjnym, g\u0142\u0119bokim polskim antysemityzmie? Czy to mit? Gdzie s\u0105 korzenie tego mitu? Dlaczego wci\u0105\u017c jest \u017cywy? Jako cz\u0142owiek dojrza\u0142y, kt\u00f3ry ca\u0142e doros\u0142e \u017cycie prze\u017cy\u0142 w wolnej Polsce zadaj\u0119 sobie pytanie \u2013 co musieli\u015bmy im zrobi\u0107 skoro tak panicznie si\u0119 nas Polak\u00f3w boj\u0105? Czy to uzasadnione reakcje potomk\u00f3w ofiar wobec potomk\u00f3w \u201eniemych \u015bwiadk\u00f3w\u201d? Czy ten l\u0119k i polska histeria wobec wszelkiego oskar\u017cenia o wsp\u00f3\u0142udzia\u0142 nie maj\u0105 tego samego \u017ar\u00f3d\u0142a? Pytania te nurtowa\u0142y mnie przez ostanie pi\u0119\u0107 lat.<\/span><\/p>\n<p style=\"text-align: left;\"><span style=\"color: #000080;\">My\u015bl\u0119, \u017ce warto rozpocz\u0105\u0107 dyskusj\u0119 nad nasz\u0105 zbiorow\u0105 \u015bwiadomo\u015bci\u0105 w kontek\u015bcie tych pyta\u0144. Warto podj\u0105\u0107 dyskusj\u0119 poniewa\u017c wyparcie i zaprzeczenie nie s\u0105 skutecznymi \u015brodkami rozwi\u0105zania problemu, z kt\u00f3rym zmagamy si\u0119 od ponad siedemdziesi\u0119ciu lat.<\/span><\/p>\n<p style=\"text-align: left;\"><span style=\"color: #000080;\">Czarno-bia\u0142y obrazek kata, ofiary i \u015bwiadka, jest z gruntu fa\u0142szywy. Rola kata jest bez w\u0105tpienia najmniej dyskusyjna. Zbrodnia na narodzie \u017cydowskim by\u0142a wymy\u015blona, zaplanowana i dokonana przez nazistowski re\u017cim z poparciem zdecydowanej wi\u0119kszo\u015bci niemieckiego spo\u0142ecze\u0144stwa. Niemcy do tej pory rozliczaj\u0105 si\u0119 z tej zbrodni. Robi\u0105 to konsekwentnie i gorliwie. Mo\u017ce dlatego dzisiaj Berlin jest najpopularniejszym kierunkiem m\u0142odej, \u017cydowskiej emigracji z Izraela. Czy nie \u015bwita nam, Polakom w g\u0142owie trudne pytanie \u2013 dlaczego dzisiaj \u017bydzi lepiej si\u0119 czuj\u0105 w kraju potomk\u00f3w zbrodniarzy ni\u017c w kraju potomk\u00f3w \u201eniemych \u015bwiadk\u00f3w\u201d? Dlaczego antysemityzm niemiecki nie jest tematem \u015bwiatowej prasy podczas, gdy my musimy si\u0119 z niego stale si\u0119 t\u0142umaczy\u0107? Co takiego si\u0119 sta\u0142o w naszej historii, \u017ce mamy taki oto paradoks? Czy \u015bwiat oszala\u0142? Mo\u017ce czas spr\u00f3bowa\u0107 ten fenomen zrozumie\u0107?<\/span><\/p>\n<p style=\"text-align: left;\"><span style=\"color: #000080;\">James Comey nie ma racji wymieniaj\u0105c Niemc\u00f3w, W\u0119gr\u00f3w i Polak\u00f3w w jednym kontek\u015bcie. Wielu sprawiedliwych w\u015br\u00f3d narod\u00f3w \u015bwiata to Polacy, lecz setki tysi\u0119cy z nas to szabrownicy. Maj\u0105tek trzech milion\u00f3w ludzi nie znikn\u0105\u0142 \u2013 zosta\u0142 rozszabrowany. Prawie w ca\u0142o\u015bci. Do Niemiec trafi\u0142a niewielka i najcenniejsza jego cz\u0119\u015b\u0107. Reszta zosta\u0142a przyw\u0142aszczona przez Polak\u00f3w. Jak masowe musia\u0142o by\u0107 to zjawisko \u0142atwo mo\u017cna sobie wyobrazi\u0107. Andrzej Ledder w swojej ksi\u0105\u017cce \u201ePrze\u015bniona rewolucja\u201d uznaje je za jeden z najwa\u017cniejszych element\u00f3w spo\u0142ecznej rewolucji, kt\u00f3ra po cichu doby\u0142a si\u0119 w Polsce w czasie wojny i tu\u017c po niej. Calek Perechodnik &#8211; autor wspomnie\u0144 pod tytu\u0142em \u201eSpowied\u017a i jeden z najbardziej wiarygodnych \u015bwiadk\u00f3w Zag\u0142ady, pisze o tym jak przygl\u0105daj\u0105ca si\u0119 przemarszowi \u017cydowskich wi\u0119\u017ani\u00f3w gawied\u017a krzyczy \u2013 \u201eoddajcie buty, ju\u017c nie b\u0119d\u0105 wam potrzebne\u201d. Mechanizm przyw\u0142aszczania maj\u0105tku \u017cydowskiego opisany jest w jego relacji bardzo dok\u0142adnie. Rozpocz\u0105\u0142 si\u0119 ju\u017c we wrze\u015bniu 1939 roku, gdy zamo\u017cni \u017bydzi w l\u0119ku przed wyw\u0142aszczeniem przepisywali swe maj\u0105tki \u2013 nieruchomo\u015bci, fabryki i sklepy \u2013 na rzecz zaufanych Polak\u00f3w. Przyw\u0142aszczenia d\u00f3br \u017cydowskich odbywa\u0142o si\u0119 poprzez czarny rynek w zamian za \u017cywno\u015b\u0107, pomoc i schronienie, przez masowy szaber w opustosza\u0142ych dzielnic \u017cydowskich i likwidowanych gettach, a tak\u017ce przez przypadki pogrom\u00f3w takich jak te w Jedwabnem czy Kielcach.<\/span><\/p>\n<p style=\"text-align: left;\"><span style=\"color: #000080;\">Czasy powszechnej \u015bmierci, wojny i zniszczenia nios\u0105 ze sob\u0105 moraln\u0105 degrengolad\u0119. Legalizacja bandytyzmu na \u017bydach wyzwoli\u0142a w ludziach \u017c\u0105dz\u0119 grabie\u017cy. Pami\u0119tajmy, \u017ce przedwojenna Polska to kraj wiejskiej n\u0119dzy i analfabetyzmu. Kraj zacofany po wielowiekowej traumie wewn\u0119trznego niewolnictwa polskiego ch\u0142opstwa i ponad stu latach zniewolenia zabor\u00f3w. To upodlenie i n\u0119dza by\u0142a po\u017cywk\u0105 dla polskiego antysemityzmu. \u0141atwy, legalny i pochwalany odwet na wiecznym wrogu \u2013 bogac\u0105cym si\u0119 na ch\u0142opskiej krwawicy \u017bydzie \u2013 karczmarzu, \u017bydzie kramiarzu, by\u0142 ogromn\u0105 pokus\u0105. Ju\u017c przed wojn\u0105 dochodzi\u0142o na tym tle do star\u0107 pomi\u0119dzy ch\u0142opstwem polskim a \u017bydami. W czasie wojny te starcia przerodzi\u0142y si\u0119 w pogromy takie jak Jedwabnem. Nie st\u0105d jednak bierze si\u0119 niech\u0119\u0107 wsp\u00f3\u0142czesnych \u017byd\u00f3w wobec Polak\u00f3w. Nie st\u0105d bierze si\u0119 l\u0119k. Zjawiska czynnego udzia\u0142u w pogromach by\u0142o stosunkowo rzadkie. Tak jak rzadkie by\u0142y przypadki czynnej bezinteresownej pomocy sprawiedliwych. Tak, rzadkie \u2013 sze\u015b\u0107 i p\u00f3\u0142 tysi\u0105ca sprawiedliwych na 3 miliony ofiar to w j\u0119zyku statystyki zjawisko rzadkie, nawet bardzo rzadkie. L\u0119k przed \u201epolsk\u0105 t\u0142uszcz\u0105\u201d mia\u0142 pod\u0142o\u017ce materialne. By\u0142y getta w Polsce nie ogrodzone i nie strze\u017cone (Otwock, Piotrk\u00f3w Trybunalski). \u017bydzi w nich mieszkaj\u0105cy nie uciekali. Zazwyczaj nie mieli gdzie ucieka\u0107, a w otoczeniu swoich czuli si\u0119 bezpieczniej ni\u017c we wrogim, aryjskim \u015bwiecie za murem lub po prostu po drugiej stronie ulicy. Jak bardzo wrogi musia\u0142 by\u0107 to \u015bwiat skoro nie uciekali? Wiara w prze\u017cycie w\u015br\u00f3d swoich by\u0142a wi\u0119ksza ni\u017c nadzieja na pomoc po drugiej, polskiej stronie. Czy to nie przera\u017caj\u0105cy fakt? Czy nie nasuwa nam, Polakom \u017cadnej refleksji? Nadal jeste\u015bmy niemym \u015bwiadkiem?<\/span><\/p>\n<p style=\"text-align: left;\"><span style=\"color: #000080;\">Przera\u017caj\u0105ca zbrodnia Holokaustu skala\u0142a sumienia wszystkich jej uczestnik\u00f3w. Calek Perechodnik, sam \u017cydowski policjant, szczeg\u00f3\u0142owo opisuje w\u0142asny udzia\u0142 w niemieckiej zbrodni w\u0142\u0105cznie z odpowiedzialno\u015bci\u0105 za wys\u0142anie na \u015bmier\u0107 swojej \u017cony i dzieci, nie m\u00f3wi\u0105c o niezliczonych \u017conach i dzieciach swoich znajomych, s\u0105siad\u00f3w i najbli\u017cszych. Nie umniejsza swojej roli i udzia\u0142u judenrat\u00f3w, kt\u00f3re przygotowywa\u0142y listy os\u00f3b przeznaczonych na wyw\u00f3zk\u0119 i \u015bmier\u0107. Istnia\u0142o tylko jedno kryterium kolejno\u015bci na listach \u2013 zamo\u017cno\u015b\u0107. Ci, kt\u00f3rzy nie mieli pieni\u0119dzy na wykupienie si\u0119 z transportu do Treblinki szli pierwsi. Hannah Arendt w relacji z procesu Eichmanna jednoznacznie wskaza\u0142a na wsp\u00f3\u0142udzia\u0142 w\u0142adz \u017cydowskich w zbrodni. Ma\u0142o tego, z odwag\u0105 zapieraj\u0105c\u0105 dech w piersiach, twierdzi\u0142a, \u017ce bez ich pomocy, ta zbrodnia by\u0142aby niemo\u017cliwa.<\/span><\/p>\n<p style=\"text-align: left;\"><span style=\"color: #000080;\">Zbrodnia ludob\u00f3jstwa na milionach ludzi, pope\u0142niona w trakcie bezwzgl\u0119dnej wojny demoluje poczucie moralno\u015bci wszystkich uczestnik\u00f3w i \u015bwiadk\u00f3w. Nikt nie wyszed\u0142 niepokalany. Nikt nie wyszed\u0142 bez winy. Zachodni alianci tak\u017ce. Jan Karski ju\u017c w 1943 roku osobi\u015bcie informowa\u0142 Roosvelta o skali zbrodni na \u017bydach w Polsce. Niestety alianci mieli inne priorytety. Inne priorytety mieli tak\u017ce sami \u017bydzi z ruchu syjonistycznego. Jak m\u00f3wi\u0142 Davidowi Landau\u2019owi Simon Perez w biografii Ben Guriona kierownictwo ruchu syjonistycznego w Palestynie wiedzia\u0142o o zborni holocaustu od 1942 roku, gdy pierwsza grupa \u017byd\u00f3w z Polski posiadaj\u0105cych brytyjsko-palesty\u0144skie obywatelstwo dotar\u0142a do Palestyny wypuszczona przez Niemc\u00f3w w wymianie na je\u0144c\u00f3w wojennych. \u201eOpowiedzia\u0142y o gettach i masowych mordach, o obozach \u015bmierci i pog\u0142oskach o \u201eostatecznym rozwi\u0105zaniu\u201d. W Ameryce niewielka grupa pod kierownictwem Petera Bergsona, rewizjonisty z Palestyny, (\u2026\u2026.), prowadzi\u0142a niezmordowan\u0105 kampani\u0119 domagaj\u0105c\u0105 si\u0119 od \u017cydowskich przyw\u00f3dc\u00f3w, a zw\u0142aszcza sojusznik\u00f3w, \u017ceby skupili wysi\u0142ki na natychmiastowym ratowaniu ludzi, a nie na snuciu powojennych plan\u00f3w dla Palestyny. (\u2026.) Dyskusja nad t\u0105 kwesti\u0105 sprowadzi\u0142a si\u0119 do stawiania pyta\u0144 o to, jak\u0105 cen\u0119 zap\u0142aci\u0142 Izrael za nakierowane na jeden cel d\u0105\u017cenie do pa\u0144stwowo\u015bci ,co jest winny \u017bydom z diaspory (\u2026\u2026).,\u201d Co ciekawe, w ca\u0142ej 230 stronicowej biografii tw\u00f3rcy pa\u0144stwa izraelskiego kwestia Shoah zajmuje jedynie 9 stron! Dziewi\u0119\u0107 stron po\u015bwi\u0119conych pogromowi 6 milion\u00f3w cz\u0142onk\u00f3w narodu, kt\u00f3remu to narodowi Ben Gurion po\u015bwi\u0119ci\u0142 ca\u0142e \u017cycie. Na pytanie, dlaczego los diaspory \u017cydowskiej w Europie nie by\u0142 priorytetem polityki zagranicznej dzia\u0142aczy ruchu syjonistycznego w czasie wojny Szymon Peres odpowiada \u201enie zgadzali\u015bmy z tym, jak \u017cyli, nie zgadzali\u015bmy si\u0119 i z tym, jak umierali\u201d<\/span><\/p>\n<p style=\"text-align: left;\"><span style=\"color: #000080;\">Niemy \u015bwiadek to propagandowy mit \u2013 wymy\u015blony przez zakompleksiony nar\u00f3d przera\u017cony wizj\u0105 konfrontacji z w\u0142asn\u0105 rol\u0105 w historii. Jak d\u0142ugo b\u0119dziemy si\u0119 broni\u0107 przed t\u0105 prawd\u0105? Jak d\u0142ugo b\u0119dziemy wskazywa\u0107 innych jako tak\u017ce i bardziej winnych? Tak, polityczne elity kraj\u00f3w alianckich w czasie wojny s\u0105 wsp\u00f3\u0142odpowiedzialne za Holokaust. Odpowiedzialne przez zaniedbanie. Tak, sami \u017bydzi s\u0105 wsp\u00f3\u0142odpowiedzialni \u2013 przez fiksacj\u0119 na jednym celu &#8211; powstaniu pa\u0144stwa \u017cydowskiego, nie ogl\u0105daj\u0105c si\u0119 na los potencjalnych jego obywateli. Tak, my Polacy tak\u017ce jeste\u015bmy wsp\u00f3\u0142odpowiedzialni za t\u0119 zbrodni\u0119, przez masowy rabunek na ofiarach w trakcie jej trwania i na tym co po niej zosta\u0142o.<\/span><\/p>\n<p style=\"text-align: left;\"><span style=\"color: #000080;\">Nikt nie jest bez winy. Skazani na \u015bmier\u0107 zostali zupe\u0142nie sami. Przekl\u0119ci, skazani na samotno\u015b\u0107 nieszcz\u0119\u015bciem, nieodwo\u0142alnym wyrokiem. Faszystowscy zbrodniarze zjednali sobie przychylno\u015b\u0107 i pob\u0142a\u017canie dla tej zbrodni ca\u0142ego \u015bwiata. Tam, gdzie zachowali struktury pa\u0144stwowe \u2013 jak rz\u0105d Vichy &#8211; w spos\u00f3b zorganizowany, tam gdzie ich nie by\u0142o we wschodniej Europie \u2013 spontaniczny. \u0141\u0105cznie ze szwajcarskimi bankierami zamieniaj\u0105cymi z\u0142oto z \u017cydowskich z\u0119b\u00f3w na czyste funty i dolary czy Watykanem, kt\u00f3ry zorganizowa\u0142 watyka\u0144sk\u0105 drog\u0119 do Ameryki Po\u0142udniowej dla hitlerowskich zbrodniarzy po wojnie.<\/span><\/p>\n<p style=\"text-align: left;\"><span style=\"color: #000080;\">I tu dochodzimy do sedna sprawy \u2013 wszyscy jeste\u015bmy winni wsp\u00f3\u0142udzia\u0142u w zbrodni Holokaustu \u2013 jedni uczynkiem, inni zaniedbaniem. Ca\u0142a Europa, ca\u0142y \u015bwiat ma na r\u0119kach krew ofiar Holokaustu. Polacy nie s\u0105 wyj\u0105tkiem. W rocznic\u0119 powstania w getcie dosta\u0142em do wpi\u0119cia w klap\u0119 \u017conkila z has\u0142em \u201e\u0142\u0105czy nas pami\u0119\u0107\u201d. To pi\u0119kne has\u0142o jest niestety fa\u0142szywe. Pami\u0119\u0107 na razie nas nie \u0142\u0105czy, pami\u0119\u0107 nas dzieli. Mo\u017ce gdyby\u015bmy dopu\u015bcili do dyskusji na ten temat zamiast zakrzykiwa\u0107 przeb\u0142yski trudnej prawdy histerycznym wrzaskiem, \u0142atwiej by nam by\u0142o zrozumie\u0107 w\u0142asn\u0105 histori\u0119. Zrozumie\u0107 histori\u0119 \u017byd\u00f3w, zrozumie\u0107 t\u0119 niewyobra\u017caln\u0105 zbrodni\u0119. Warto j\u0105 zrozumie\u0107, by nigdy nie mog\u0142a si\u0119 powt\u00f3rzy\u0107 w przysz\u0142o\u015bci.<\/span><\/p>\n<p style=\"text-align: right;\"><span style=\"color: #000080;\">Jakub Bierzy\u0144ski dla WP<\/span><\/p>\n<p><img decoding=\"async\" class=\" alignleft\" style=\"margin-right: 20px; float: left;\" src=\"http:\/\/i.wp.pl\/a\/f\/gif\/34978\/redaktor.gif\" alt=\"Jakub Bierzy\u0144ski\" \/><\/p>\n<p style=\"text-align: left;\"><span style=\"color: #808080;\">autor: <em>Jakub Bierzy\u0144ski &#8211; Za\u0142o\u017cyciel i prezes zarz\u0105du domu mediowego OMD. Jeden z za\u0142o\u017cycieli SMG\/KRC Poland, najwi\u0119kszej w Polsce agencji bada\u0144 rynkowych. Absolwent Uniwersytetu Warszawskiego na Wydziale Socjologii. Pracowa\u0142 jako asystent nauczaj\u0105c statystyki, metodologii bada\u0144 spo\u0142ecznych, analiz komputerowych i metod bada\u0144 rynkowych. Za\u0142o\u017cyciel ruchu Manus Puris \u2013 przeciwdzia\u0142aj\u0105cego korupcji w biznesie<\/em><\/span><\/p>\n<hr style=\"height: 15px; background: #d0e6fa; width: 710px;\" \/>\n<div id=\"content\" class=\"  content-alignment&lt;br \/&gt;&lt;br \/&gt; \">\n<div id=\"watch-description\" class=\"yt-uix-button-panel\">\n<div id=\"watch-description-text\">\n<p style=\"text-align: center;\"><span style=\"color: #808080;\"> twoje uwagi, linki, wlasne artykuly, lub wiadomosci przeslij do: <strong><span style=\"text-decoration: underline;\"><span style=\"color: #808080; text-decoration: underline;\"><a href=\"mailto:webmaster@reunion68.com\">webmaster@reunion68.com<\/a><\/span><\/span><\/strong><\/span><\/p>\n<\/div>\n<\/div>\n<\/div>\n<p>&nbsp;<\/p>\n<hr style=\"width: 710px;\" \/>\n","protected":false},"excerpt":{"rendered":"<p>Ca\u0142y \u015bwiat ma na r\u0119kach krew ofiar Holokaustu. Polacy nie s\u0105 wyj\u0105tkiem Jakub Bierzy\u0144ski &#8220;I tu dochodzimy do sedna sprawy \u2013 wszyscy jeste\u015bmy winni wsp\u00f3\u0142udzia\u0142u w zbrodni Holokaustu \u2013 jedni uczynkiem, inni zaniedbaniem. Ca\u0142a Europa, ca\u0142y \u015bwiat ma na r\u0119kach krew ofiar Holokaustu. Polacy nie s\u0105 wyj\u0105tkiem. W rocznic\u0119 powstania w getcie dosta\u0142em do wpi\u0119cia [&hellip;]<\/p>\n","protected":false},"author":1,"featured_media":0,"comment_status":"closed","ping_status":"closed","sticky":false,"template":"","format":"standard","meta":[],"categories":[6],"tags":[24],"_links":{"self":[{"href":"https:\/\/www.reunion68.se\/index.php?rest_route=\/wp\/v2\/posts\/18995"}],"collection":[{"href":"https:\/\/www.reunion68.se\/index.php?rest_route=\/wp\/v2\/posts"}],"about":[{"href":"https:\/\/www.reunion68.se\/index.php?rest_route=\/wp\/v2\/types\/post"}],"author":[{"embeddable":true,"href":"https:\/\/www.reunion68.se\/index.php?rest_route=\/wp\/v2\/users\/1"}],"replies":[{"embeddable":true,"href":"https:\/\/www.reunion68.se\/index.php?rest_route=%2Fwp%2Fv2%2Fcomments&post=18995"}],"version-history":[{"count":19,"href":"https:\/\/www.reunion68.se\/index.php?rest_route=\/wp\/v2\/posts\/18995\/revisions"}],"predecessor-version":[{"id":19015,"href":"https:\/\/www.reunion68.se\/index.php?rest_route=\/wp\/v2\/posts\/18995\/revisions\/19015"}],"wp:attachment":[{"href":"https:\/\/www.reunion68.se\/index.php?rest_route=%2Fwp%2Fv2%2Fmedia&parent=18995"}],"wp:term":[{"taxonomy":"category","embeddable":true,"href":"https:\/\/www.reunion68.se\/index.php?rest_route=%2Fwp%2Fv2%2Fcategories&post=18995"},{"taxonomy":"post_tag","embeddable":true,"href":"https:\/\/www.reunion68.se\/index.php?rest_route=%2Fwp%2Fv2%2Ftags&post=18995"}],"curies":[{"name":"wp","href":"https:\/\/api.w.org\/{rel}","templated":true}]}}