{"id":19037,"date":"2015-05-01T18:05:01","date_gmt":"2015-05-01T16:05:01","guid":{"rendered":"http:\/\/www.reunion68.se\/?p=19037"},"modified":"2015-04-29T17:15:30","modified_gmt":"2015-04-29T15:15:30","slug":"19037","status":"publish","type":"post","link":"https:\/\/www.reunion68.se\/?p=19037","title":{"rendered":"O w\u00f3dce, \u017bydach i Polsce. Takiego Tuwima nie znasz"},"content":{"rendered":"<h5 style=\"text-align: center;\"><a href=\"http:\/\/wyborcza.pl\" target=\"_blank\"><img decoding=\"async\" class=\"center alignleft\" src=\"http:\/\/www.reunion68.com\/Biuletyn\/img\/wyborcza-k\" alt=\"\" \/><\/a><span style=\"text-decoration: underline; color: #000080;\"><strong><a style=\"color: #000080; text-decoration: underline;\" href=\"http:\/\/wyborcza.pl\/56,75475,13029733,Religia,,2.html\" target=\"_blank\">O w\u00f3dce, \u017bydach i Polsce. Takiego Tuwima nie znasz<\/a><\/strong><\/span><\/h5>\n<p style=\"text-align: center;\"><span style=\"color: #808080;\"><strong><span style=\"color: #333333;\">Igor Rakowski-K\u0142os<\/span><br \/>\n<\/strong><\/span><\/p>\n<hr style=\"height: 15px; background: #d0e6fa; width: 710px;\" \/>\n<div style=\"width: 360px\" class=\"wp-caption alignright\"><img decoding=\"async\" src=\"http:\/\/bi.gazeta.pl\/im\/4\/10273\/z10273834Q.jpg\" alt=\"\" width=\"350\" \/><p class=\"wp-caption-text\">Fot. Dariusz Kulesza \/ AG<\/p><\/div>\n<p style=\"text-align: left;\"><span style=\"color: #333333;\"><strong>Sejm zdecydowa\u0142, \u017ce 2013 b\u0119dzie Rokiem Juliana Tuwima, urodzonego w \u0141odzi poety, autora m.in. &#8221;Lokomotywy&#8221;, &#8221;Kwiat\u00f3w polskich&#8221; czy &#8221;Do prostego cz\u0142owieka&#8221;. Dowiedz si\u0119, co pisarz s\u0105dzi\u0142 o religii, piciu w\u00f3dki, bogactwie i kobietach.<\/strong><\/span><\/p>\n<p style=\"text-align: left;\"><span style=\"color: #333333;\"><strong>Pochodzenie<\/strong><\/span><\/p>\n<p style=\"text-align: left;\"><span style=\"color: #000080;\">Dla antysemit\u00f3w jestem \u017bydem, a moje poezja jest \u017cydowsk\u0105. Dla \u017byd\u00f3w-nacjonalist\u00f3w jestem renegatem, zdrajc\u0105. Trudno! Z lud\u017ami, dla kt\u00f3rych pochodzenie \u017cydowskie jest r\u00f3wnoznaczne z bezapelacyjnym wyrokiem \u015bmierci i jest jedynym miernikiem charakteru i warto\u015bci etycznej cz\u0142owieka, dyskutowa\u0107 nie mo\u017cna. Tak samo ze strony przeciwnej, dla kt\u00f3rej spolszczenie jest zdrad\u0105.<\/span><\/p>\n<p style=\"text-align: left;\"><span style=\"color: #000080;\">Wychowa\u0142em si\u0119 w \u015brodowisku asymilatorskim. Nie uczy\u0142em si\u0119 j\u0119zyka \u017cydowskiego. Szk\u00f3\u0142 \u017cydowskich nie zwiedza\u0142em. Od dzieci\u0144stwa moim j\u0119zykiem ojczystym by\u0142 polski. Z Izraelem wi\u0105\u017c\u0105 mnie co najwy\u017cej pewne &#8220;mistyczne&#8221; odruchy krwi, je\u017celi takie istniej\u0105.<\/span><\/p>\n<p style=\"text-align: left;\"><span style=\"color: #000080;\">Kulturalnie i uczuciowo uwa\u017cam si\u0119 za Polaka, zdaj\u0119 sobie jednak spraw\u0119, \u017ce istniej\u0105 zasadnicze r\u00f3\u017cnice mi\u0119dzy mn\u0105, a moimi przyjaci\u00f3\u0142mi &#8211; aryjczykami. Zarodki tej odmienno\u015bci tkwi\u0105 we krwi &#8211; wyczuwam je w moim temperamencie, kt\u00f3ry jest bardziej \u017cywio\u0142owy ni\u017c polski. Jestem semit\u0105 i nigdy si\u0119 tego nie wypiera\u0142em. Z dum\u0105 konstatuj\u0119, \u017ce nazwisko moje ma brzmienie hebrajskie.<\/span><\/p>\n<p style=\"text-align: left;\"><strong>Religia<\/strong><\/p>\n<p style=\"text-align: left;\"><span style=\"color: #000080;\">Ci, kt\u00f3rzy przemawiaj\u0105 w imieniu Boga, powinni pokaza\u0107 listy uwierzytelniaj\u0105ce.<br \/>\n<\/span><span style=\"color: #000080;\"><strong>Ewangelia:<\/strong> ksi\u0119ga, do kt\u00f3rej zasad bli\u017ani nasz powinien si\u0119 stosowa\u0107.\u00a0<\/span><span style=\"color: #000080;\">\u015awi\u0119ty: martwy grzesznik, odpowiednio zredagowany i wydany.<br \/>\n<\/span><span style=\"color: #000080;\"><strong>Duchowny:<\/strong> cz\u0142owiek, kt\u00f3ry dba o nasze \u017cycie poza grobem i w ten spos\u00f3b zarabia na w\u0142asne \u017cycie doczesne.<br \/>\n<\/span><span style=\"color: #000080;\"><strong>Chrze\u015bcijanin<\/strong> &#8211; wyznawca nauki Chrystusa w tych wypadkach, w kt\u00f3rych nie sprzeciwia si\u0119 ona grzesznemu \u017cyciu.<\/span><\/p>\n<p><span style=\"color: #333333;\"><strong>Alkohol<\/strong><\/span><\/p>\n<p style=\"text-align: left;\"><span style=\"color: #000080;\">Cz\u0142owiekowi, kt\u00f3ry wypija kieliszek w\u00f3dki we dwa hausty, nie podawaj r\u0119ki. To ba\u0142wan.<br \/>\n<\/span><span style=\"color: #000080;\">Po wypiciu jednej w\u00f3dki wypij zaraz drug\u0105, \u017ceby tej pierwszej nie by\u0142o w \u017co\u0142\u0105dku smutno.<br \/>\n<\/span><span style=\"color: #000080;\">Znam 94-letniego starca, kt\u00f3ry ca\u0142e \u017cycie pi\u0142, dzi\u015b jeszcze pije i jest zdr\u00f3w jak ryba. Brat jego natomiast nie bra\u0142 nigdy kropli do ust i umar\u0142, maj\u0105c dwa lata. <\/span><span style=\"color: #000080;\">Zamiast pi\u0107 &#8211; odk\u0142adaj do PKO. Gdy si\u0119 zbierze wi\u0119ksza sumka &#8211; przepij.<br \/>\n<\/span><span style=\"color: #000080;\"><strong>Knajpa<\/strong>: miejsce, dok\u0105d si\u0119 co wiecz\u00f3r chodzi po raz ostatni w \u017cyciu<\/span><\/p>\n<p style=\"text-align: right;\"><span style=\"color: #000080;\">Czytaj dalej tu:\u00a0<span style=\"text-decoration: underline;\"><strong><a style=\"color: #000080; text-decoration: underline;\" href=\"http:\/\/wyborcza.pl\/56,75475,13029733,Kobiety,,4.html\" target=\"_blank\">O w\u00f3dce, \u017bydach i Polsce. Takiego Tuwima nie znasz<\/a><\/strong><\/span><\/span><\/p>\n<hr style=\"height: 15px; background: #d0e6fa; width: 710px;\" \/>\n<div id=\"content\" class=\"  content-alignment&lt;br \/&gt;&lt;br \/&gt; \">\n<div id=\"watch-description\" class=\"yt-uix-button-panel\">\n<div id=\"watch-description-text\">\n<p style=\"text-align: center;\"><span style=\"color: #808080;\"> twoje uwagi, linki, wlasne artykuly, lub wiadomosci przeslij do: <strong><span style=\"text-decoration: underline;\"><span style=\"color: #808080; text-decoration: underline;\"><a href=\"mailto:webmaster@reunion68.com\">webmaster@reunion68.com<\/a><\/span><\/span><\/strong><\/span><\/p>\n<\/div>\n<\/div>\n<\/div>\n<p>&nbsp;<\/p>\n<hr style=\"width: 710px;\" \/>\n","protected":false},"excerpt":{"rendered":"<p>O w\u00f3dce, \u017bydach i Polsce. Takiego Tuwima nie znasz Igor Rakowski-K\u0142os Sejm zdecydowa\u0142, \u017ce 2013 b\u0119dzie Rokiem Juliana Tuwima, urodzonego w \u0141odzi poety, autora m.in. &#8221;Lokomotywy&#8221;, &#8221;Kwiat\u00f3w polskich&#8221; czy &#8221;Do prostego cz\u0142owieka&#8221;. Dowiedz si\u0119, co pisarz s\u0105dzi\u0142 o religii, piciu w\u00f3dki, bogactwie i kobietach. Pochodzenie Dla antysemit\u00f3w jestem \u017bydem, a moje poezja jest \u017cydowsk\u0105. Dla [&hellip;]<\/p>\n","protected":false},"author":1,"featured_media":0,"comment_status":"closed","ping_status":"closed","sticky":false,"template":"","format":"standard","meta":[],"categories":[6],"tags":[24],"_links":{"self":[{"href":"https:\/\/www.reunion68.se\/index.php?rest_route=\/wp\/v2\/posts\/19037"}],"collection":[{"href":"https:\/\/www.reunion68.se\/index.php?rest_route=\/wp\/v2\/posts"}],"about":[{"href":"https:\/\/www.reunion68.se\/index.php?rest_route=\/wp\/v2\/types\/post"}],"author":[{"embeddable":true,"href":"https:\/\/www.reunion68.se\/index.php?rest_route=\/wp\/v2\/users\/1"}],"replies":[{"embeddable":true,"href":"https:\/\/www.reunion68.se\/index.php?rest_route=%2Fwp%2Fv2%2Fcomments&post=19037"}],"version-history":[{"count":19,"href":"https:\/\/www.reunion68.se\/index.php?rest_route=\/wp\/v2\/posts\/19037\/revisions"}],"predecessor-version":[{"id":19045,"href":"https:\/\/www.reunion68.se\/index.php?rest_route=\/wp\/v2\/posts\/19037\/revisions\/19045"}],"wp:attachment":[{"href":"https:\/\/www.reunion68.se\/index.php?rest_route=%2Fwp%2Fv2%2Fmedia&parent=19037"}],"wp:term":[{"taxonomy":"category","embeddable":true,"href":"https:\/\/www.reunion68.se\/index.php?rest_route=%2Fwp%2Fv2%2Fcategories&post=19037"},{"taxonomy":"post_tag","embeddable":true,"href":"https:\/\/www.reunion68.se\/index.php?rest_route=%2Fwp%2Fv2%2Ftags&post=19037"}],"curies":[{"name":"wp","href":"https:\/\/api.w.org\/{rel}","templated":true}]}}