{"id":19057,"date":"2015-04-29T18:09:13","date_gmt":"2015-04-29T16:09:13","guid":{"rendered":"http:\/\/www.reunion68.se\/?p=19057"},"modified":"2015-04-29T18:17:05","modified_gmt":"2015-04-29T16:17:05","slug":"19057","status":"publish","type":"post","link":"https:\/\/www.reunion68.se\/?p=19057","title":{"rendered":"Gebert: Polacy my\u015bl\u0105, \u017ce w czasie wojny robili tylko dobre rzeczy"},"content":{"rendered":"<h5 style=\"text-align: center;\"><a href=\"http:\/\/polska.newsweek.pl\" target=\"_blank\"><img decoding=\"async\" class=\"center alignleft\" src=\"http:\/\/www.reunion68.com\/Biuletyn\/img\/newsweek.jpg\" alt=\"\" \/><\/a><span style=\"text-decoration: underline; color: #000080;\"><strong><a style=\"color: #000080; text-decoration: underline;\" href=\"http:\/\/polska.newsweek.pl\/tomasz-lis-na-zywo-27-kwietnia-zydzi-holokaust-,artykuly,362074,1.html\" target=\"_blank\">Gebert: Polacy my\u015bl\u0105, \u017ce w czasie wojny robili tylko dobre rzeczy<\/a><\/strong><\/span><\/h5>\n<p style=\"text-align: center;\"><span style=\"color: #808080;\"><strong><span style=\"color: #808080;\">psz<\/span><br \/>\n<\/strong><\/span><\/p>\n<hr style=\"height: 15px; background: #d0e6fa; width: 710px;\" \/>\n<p style=\"text-align: left;\"><img decoding=\"async\" class=\"articleImg aligncenter\" title=\"zag\u0142ada, \u017cydzi\" src=\"http:\/\/www.newsweek.pl\/g\/i.aspx\/680\/0\/newsweek\/635657746251393022.jpg\" alt=\"zag\u0142ada, \u017cydzi\" border=\"0\" \/><br \/>\n<span style=\"color: #333333;\"><strong>&#8211; Ale czas, mimo strachu o zawarto\u015b\u0107, otworzy\u0107 szaf\u0119 pe\u0142n\u0105 trup\u00f3w przesz\u0142o\u015bci. Na pewno nie b\u0119dzie ich tak wiele, jak si\u0119 obawiamy \u2013 m\u00f3wi\u0142 publicysta Konstanty Gebert, go\u015b\u0107 programu \u201eTomasz Lis na \u017cywo\u201d.<\/strong><\/span><\/p>\n<p style=\"text-align: left;\"><span style=\"color: #000080;\">W ubieg\u0142ym tygodniu media \u017cy\u0142y wypowiedzi\u0105 Jamesa Comeya dyrektora FBI, kt\u00f3ry w swoim <span style=\"text-decoration: underline;\"><strong><a style=\"color: #000080; text-decoration: underline;\" href=\"http:\/\/swiat.newsweek.pl\/james-comey-fbi-wypowiedz-o-holokauscie-i-polakach-,artykuly,361409,1.html\" target=\"_blank\">przem\u00f3wieniu oskar\u017cy\u0142 Polak\u00f3w o udzia\u0142 w Zag\u0142adzie.<\/a><\/strong><\/span> Czy zdanie Amerykanina zas\u0142ugiwa\u0142o na tak wzmo\u017cone reakcje? Zastanawiali si\u0119 nad tym go\u015bcie Tomasza Lisa w programie \u201eTomasz Lis na \u017cywo\u201d.<\/span><\/p>\n<p style=\"text-align: left;\"><span style=\"color: #000080;\">Trudno powiedzie\u0107, co w kwestii przem\u00f3wienia Comeya najbardziej dziwi\u0142o: to, co dyrektor powiedzia\u0142, to, \u017ce oficjalnie za swoje s\u0142owa nie przeprosi\u0142, czy \u017ce skala emocji, jak\u0105 wywo\u0142a\u0142 niefortunn\u0105 wypowiedzi\u0105, by\u0142a tak rozpi\u0119ta? Zdaniem Konstantego Geberta, emocje te by\u0142y nieproporcjonalne do wydarzenia. Samo przem\u00f3wienia publicysta uzna\u0142 za bardzo sensowne, a jego przekaz, \u017ce z\u0142o mog\u0105 czyni\u0107 wszyscy ludzie, trafione.<\/span><\/p>\n<p style=\"padding-left: 90px;\"><strong><span style=\"color: #333333;\"><em><span style=\"background: #d0d0d0;\">Gebert: Emocje po wypowiedzi Comeya by\u0142y nieproporcjonalne do wydarzenia. Samo przem\u00f3wienia bardzo sensowne, a jego przekaz, \u017ce z\u0142o mog\u0105 czyni\u0107 wszyscy ludzie, trafione.<\/span><\/em><\/span><\/strong><\/p>\n<p style=\"text-align: left;\"><span style=\"color: #000080;\">Sk\u0105d wi\u0119c taka reakcja w\u015br\u00f3d polskich polityk\u00f3w i dzia\u0142aczy? By\u0107 mo\u017ce wynika\u0142a z tego, \u017ce to nie pierwszy raz, kiedy Polacy zostali obarczeni win\u0105 za Zag\u0142ad\u0119 i nie chcieli dopu\u015bci\u0107, by sytuacje takie pozostawa\u0142y bez reakcji.<\/span><\/p>\n<p style=\"text-align: left;\"><span style=\"color: #000080;\">Czy jednak chodzi tylko o jedno zdanie przem\u00f3wienia? Polacy najprawdopodobniej do dzi\u015b, po przesz\u0142o 70 latach od wojennych wydarze\u0144, wci\u0105\u017c nie potrafi\u0105 upora\u0107 si\u0119 z tematem Holokaustu. Przed nimi w tej kwestii jeszcze wiele pracy. &#8211; Polacy maj\u0105 ogromny problem z rozmaitymi postawami w czasie II wojny \u015bwiatowej wobec \u017byd\u00f3w, wi\u0119c taka wypowied\u017a mo\u017ce ten problem jeszcze mocniej komplikowa\u0107 \u2013 m\u00f3wi\u0142 w programie &#8220;Tomasz Lis na \u017cywo&#8221; socjolog Andrzej Celi\u0144ski.<\/span><\/p>\n<div style=\"width: 680px\" class=\"wp-caption aligncenter\"><img decoding=\"async\" loading=\"lazy\" src=\"http:\/\/www.newsweek.pl\/g\/i.aspx\/670\/0\/newsweek\/635657766450132764.png\" alt=\"Konstanty Gebert: zas, mimo strachu o zawarto\u015b\u0107, otworzy\u0107 szaf\u0119 pe\u0142n\u0105 trup\u00f3w przesz\u0142o\u015bci. Na pewno nie b\u0119dzie ich tak wiele, jak si\u0119 obawiamy\" width=\"670\" height=\"408\" \/><p class=\"wp-caption-text\">Konstanty Gebert: zas, mimo strachu o zawarto\u015b\u0107, otworzy\u0107 szaf\u0119 pe\u0142n\u0105 trup\u00f3w przesz\u0142o\u015bci. Na pewno nie b\u0119dzie ich tak wiele, jak si\u0119 obawiamy<\/p><\/div>\n<p style=\"text-align: left;\"><span style=\"color: #000080;\">Z kolei zdaniem Piotra Gontarczyka, wypowied\u017a szefa FBI to powa\u017cna sprawa, poniewa\u017c by\u0142a wysoko krzywdz\u0105ca, a Polacy maj\u0105 problem z \u201epolskimi obozami zag\u0142ady\u201d w przestrzeni publicznej i nie mog\u0105 pozwoli\u0107, by takie sprawy pozostawa\u0142y niewyja\u015bnione.<\/span><\/p>\n<p style=\"text-align: left;\"><span style=\"color: #000080;\">&#8211; Polskie w\u0142adze nie panuj\u0105 nad Holokaustem, bo jest on w\u0142asno\u015bci\u0105 ca\u0142ego \u015bwiata \u2013 powiedzia\u0142 Jan Grabowski. Zdaniem profesora, nie przerobili\u015bmy w\u0142asnej historii, kt\u00f3ra &#8220;jest jak otwarta rana wywo\u0142uj\u0105ca ci\u0105g\u0142y b\u00f3l&#8221;. &#8211; Tak naprawd\u0119 nasza wiedza o tamtym okresie wci\u0105\u017c jest bardzo ma\u0142a, a odgradzanie si\u0119 od historii sprawiedliwymi, to forma ucieczki. Postawy Polak\u00f3w podczas II wojny, to nie tylko Karski i Sendlerowa. Je\u015bli b\u0119dziemy tak my\u015ble\u0107, sami poczynimy szkody na swojej \u015bwiadomo\u015bci.<\/span><\/p>\n<p style=\"text-align: left; padding-left: 120px;\"><strong><em><span style=\"color: #000000; background: #d0d0d0;\">&#8220;Grabowski: Odgradzanie si\u0119 od historii sprawiedliwymi, to forma ucieczki. Postawy Polak\u00f3w podczas II wojny, to nie tylko Karski i Sendlerowa. Je\u015bli b\u0119dziemy tak my\u015ble\u0107, sami poczynimy szkody na swojej \u015bwiadomo\u015bci.&#8221;<\/span><\/em><\/strong><\/p>\n<p style=\"text-align: left;\"><span style=\"color: #000080;\">Czy rzeczywi\u015bcie tak jest? Jan Grabowski potwierdzi\u0142, \u017ce nasza \u015bwiadomo\u015b\u0107 historyczna ewoluuje w bardzo niepokoj\u0105cym kierunku. 61 proc. Polak\u00f3w uwa\u017ca, \u017ce nar\u00f3d polski w czasie II wojny \u015bwiatowej cierpia\u0142 bardziej ni\u017c \u017bydowski. &#8211; To po\u0142\u0105czenie polityki historycznej i dumy narodowej \u2013 doda\u0142 historyk<\/span><\/p>\n<p style=\"text-align: left;\"><span style=\"color: #000080;\">Sprawa przem\u00f3wienia Comeya wywo\u0142a\u0142a tak\u017ce dyskusj\u0119, czy Polacy s\u0105 gotowi na przyj\u0119cie do \u015bwiadomo\u015bci, \u017ce obok sprawiedliwych, funkcjonowali w spo\u0142ecze\u0144stwie r\u00f3wnie\u017c antysemici? Tomasz Lis przypomnia\u0142 <a style=\"color: #000080;\" href=\"http:\/\/polska.newsweek.pl\/ostatnia-rozmowa-z-profesorem-wladyslawem-bartoszewskim,artykuly,361819,1.html\" target=\"_blank\"><strong><span style=\"text-decoration: underline;\">s\u0142owa profesora Bartoszewskiego<\/span><\/strong>,<\/a> kt\u00f3ry kilka lat temu wspomnia\u0142 o tym, \u017ce Polacy ukrywaj\u0105cy \u017byd\u00f3w, bardziej bali si\u0119 innych Polak\u00f3w ni\u017c okupant\u00f3w. Potwierdzi\u0142 t\u0119 opini\u0119 Konstanty Gebert: &#8211; Polacy do dzi\u015b my\u015bl\u0105, \u017ce robili w\u00f3wczas tylko dobre rzeczy. Ale czas, mimo strachu o zawarto\u015b\u0107, otworzy\u0107 szaf\u0119 pe\u0142n\u0105 trup\u00f3w przesz\u0142o\u015bci. Na pewno nie b\u0119dzie ich tak wiele, jak si\u0119 obawiamy \u2013 podsumowa\u0142 publicysta.<\/span><\/p>\n<hr style=\"height: 15px; background: #d0e6fa; width: 710px;\" \/>\n<div id=\"content\" class=\"  content-alignment&lt;br \/&gt;&lt;br \/&gt; \">\n<div id=\"watch-description\" class=\"yt-uix-button-panel\">\n<div id=\"watch-description-text\">\n<p style=\"text-align: center;\"><span style=\"color: #808080;\"> twoje uwagi, linki, wlasne artykuly, lub wiadomosci przeslij do: <strong><span style=\"text-decoration: underline;\"><span style=\"color: #808080; text-decoration: underline;\"><a href=\"mailto:webmaster@reunion68.com\">webmaster@reunion68.com<\/a><\/span><\/span><\/strong><\/span><\/p>\n<\/div>\n<\/div>\n<\/div>\n<p>&nbsp;<\/p>\n<hr style=\"width: 710px;\" \/>\n","protected":false},"excerpt":{"rendered":"<p>Gebert: Polacy my\u015bl\u0105, \u017ce w czasie wojny robili tylko dobre rzeczy psz &#8211; Ale czas, mimo strachu o zawarto\u015b\u0107, otworzy\u0107 szaf\u0119 pe\u0142n\u0105 trup\u00f3w przesz\u0142o\u015bci. Na pewno nie b\u0119dzie ich tak wiele, jak si\u0119 obawiamy \u2013 m\u00f3wi\u0142 publicysta Konstanty Gebert, go\u015b\u0107 programu \u201eTomasz Lis na \u017cywo\u201d. W ubieg\u0142ym tygodniu media \u017cy\u0142y wypowiedzi\u0105 Jamesa Comeya dyrektora FBI, [&hellip;]<\/p>\n","protected":false},"author":1,"featured_media":0,"comment_status":"closed","ping_status":"closed","sticky":false,"template":"","format":"standard","meta":[],"categories":[6],"tags":[24],"_links":{"self":[{"href":"https:\/\/www.reunion68.se\/index.php?rest_route=\/wp\/v2\/posts\/19057"}],"collection":[{"href":"https:\/\/www.reunion68.se\/index.php?rest_route=\/wp\/v2\/posts"}],"about":[{"href":"https:\/\/www.reunion68.se\/index.php?rest_route=\/wp\/v2\/types\/post"}],"author":[{"embeddable":true,"href":"https:\/\/www.reunion68.se\/index.php?rest_route=\/wp\/v2\/users\/1"}],"replies":[{"embeddable":true,"href":"https:\/\/www.reunion68.se\/index.php?rest_route=%2Fwp%2Fv2%2Fcomments&post=19057"}],"version-history":[{"count":50,"href":"https:\/\/www.reunion68.se\/index.php?rest_route=\/wp\/v2\/posts\/19057\/revisions"}],"predecessor-version":[{"id":19062,"href":"https:\/\/www.reunion68.se\/index.php?rest_route=\/wp\/v2\/posts\/19057\/revisions\/19062"}],"wp:attachment":[{"href":"https:\/\/www.reunion68.se\/index.php?rest_route=%2Fwp%2Fv2%2Fmedia&parent=19057"}],"wp:term":[{"taxonomy":"category","embeddable":true,"href":"https:\/\/www.reunion68.se\/index.php?rest_route=%2Fwp%2Fv2%2Fcategories&post=19057"},{"taxonomy":"post_tag","embeddable":true,"href":"https:\/\/www.reunion68.se\/index.php?rest_route=%2Fwp%2Fv2%2Ftags&post=19057"}],"curies":[{"name":"wp","href":"https:\/\/api.w.org\/{rel}","templated":true}]}}