{"id":19155,"date":"2015-05-02T18:05:59","date_gmt":"2015-05-02T16:05:59","guid":{"rendered":"http:\/\/www.reunion68.se\/?p=19155"},"modified":"2015-05-02T06:16:11","modified_gmt":"2015-05-02T04:16:11","slug":"19155","status":"publish","type":"post","link":"https:\/\/www.reunion68.se\/?p=19155","title":{"rendered":"Europejscy Ombudsmani w Muzeum Auschwitz"},"content":{"rendered":"<h5 style=\"text-align: center;\"><a href=\"http:\/\/www.jewish.org.pl\/\" target=\"_blank\"><img decoding=\"async\" class=\"center alignleft\" src=\"http:\/\/www.reunion68.com\/Biuletyn\/img\/jop-big.gif\" alt=\"\" \/><\/a><span style=\"text-decoration: underline; color: #000080;\"><strong><a style=\"color: #000080; text-decoration: underline;\" href=\"http:\/\/www.jewish.org.pl\/index.php\/pl\/wiadomopci-mainmenu-57\/7182-europejscy-ombudsmani-w-muzeum-auschwitz.html\" target=\"_blank\">Europejscy Ombudsmani w Muzeum Auschwitz<\/a><\/strong><\/span><\/h5>\n<hr style=\"height: 15px; background: #d0e6fa; width: 710px;\" \/>\n<p><img decoding=\"async\" class=\" aligncenter\" src=\"http:\/\/www.jewish.org.pl\/images\/stories\/AuschwitzOmbudsmen2015fotPawelSawicki.jpg\" alt=\"\" \/><\/p>\n<p style=\"text-align: left;\"><span style=\"color: #333333;\"><strong>\u201eNie ma lepszej odpowiedzi na zbrodnie, ludob\u00f3jstwo i zbrojn\u0105 agresj\u0119 ni\u017c przestrzeganie praw cz\u0142owieka\u201d<\/strong> <\/span><span style=\"color: #000080;\">\u2013 stwierdzili po wizycie w Miejscu Pami\u0119ci Auschwitz ombudsmani z ponad 30 europejskich kraj\u00f3w i region\u00f3w. Delegacja, z m.in. polsk\u0105 Rzecznik Praw Obywatelskich profesor Iren\u0105 Lipowicz oraz Ombudsman Europejsk\u0105 Emily O\u2019Reilly, odwiedzi\u0142a Muzeum 29 kwietnia.<\/span><\/p>\n<p style=\"text-align: left;\"><span style=\"color: #000080;\">\u201eNie ma lepszej odpowiedzi na zbrodnie, ludob\u00f3jstwo i zbrojn\u0105 agresj\u0119 ni\u017c przestrzeganie praw cz\u0142owieka. Dlatego my \u2013 zgromadzeni w Auschwitz reprezentanci urz\u0119d\u00f3w Ombudsmana w krajach europejskich \u2013 domagamy si\u0119 od wszystkich parlament\u00f3w, rz\u0105d\u00f3w i przyw\u00f3dc\u00f3w naszego kontynentu wi\u0119kszej determinacji i skuteczno\u015bci w realizacji tych praw\u201d \u2013 ta deklaracja europejskich rzecznik\u00f3w praw obywatelskich znalaz\u0142a si\u0119 w ksi\u0119dze pami\u0105tkowej Muzeum.<\/span><\/p>\n<p style=\"text-align: left;\"><span style=\"color: #000080;\">\u2013 Rzecznicy praw obywatelskich, ombudsmani wszystkich kraj\u00f3w Europy, pilnuj\u0105 w swoich krajach podstawowych standard\u00f3w praw cz\u0142owieka i tego, aby\u015bmy nie zapominali po co jest pa\u0144stwo i po co jest jego organizacja. Ma ono chroni\u0107 s\u0142abszych i pilnowa\u0107 godno\u015bci cz\u0142owieka \u2013 powiedzia\u0142a prof. Irena Lipowicz, polska Rzecznik Praw Obywatelskich. \u2013 Podpisanie deklaracji tu, w Miejscu Pami\u0119ci Auschwitz, ma ogromn\u0105 moc. Wielu z nich jest tu pierwszy raz. To jest bardzo trudne emocjonalnie spotkanie dla kogo\u015b, kto ca\u0142e \u017cycie po\u015bwi\u0119ca tropieniu nawet ma\u0142ych przejaw\u00f3w pogardy dla cz\u0142owieka. Zetkniecie z tym ogromem pogardy przemys\u0142u \u015bmierci, ca\u0142\u0105 ideologi\u0105 nazistowsk\u0105, jest bardzo trudne, ale jest konieczne, aby\u015bmy pami\u0119tali wsp\u00f3lnie i aby\u015bmy w\u0142a\u015bnie w tym miejscu potwierdzali prawa cz\u0142owieka \u2013 doda\u0142a prof. Lipowicz.<\/span><\/p>\n<p style=\"text-align: left;\"><span style=\"color: #000080;\">Go\u015bci powita\u0142 dyrektor Muzeum dr Piotr M.A. Cywi\u0144ski. \u2013 Auschwitz jest realn\u0105 antynomi\u0105 praw cz\u0142owieka. Na tym jednak tragicznym do\u015bwiadczeniu budowano po wojnie nowy porz\u0105dek prawa, kt\u00f3ry obj\u0105\u0142 takie poj\u0119cia prawne jak ludob\u00f3jstwo i zbrodnie przeciwko ludzko\u015bci. Na tej kanwie tak\u017ce Zgromadzenie Og\u00f3lne ONZ przyj\u0119\u0142o w 1948 roku Powszechn\u0105 Deklaracj\u0119 Praw Cz\u0142owieka, a w 1950 zosta\u0142a uchwalona Europejska Konwencja Praw Cz\u0142owieka \u2013 przypomnia\u0142 dyrektor Cywi\u0144ski. \u2013 W ten spos\u00f3b Auschwitz, je\u015bli jest miejscem wa\u017cnym dla wielu ludzi i instytucji, to jest szczeg\u00f3lnie fundamentalnym Miejscem Pami\u0119ci dla europejskich ombudsman\u00f3w \u2013 doda\u0142.<\/span><\/p>\n<p style=\"text-align: left;\"><span style=\"color: #000080;\">Ombudsmani zwiedzili cz\u0119\u015b\u0107 ekspozycji, m.in. blok 4 po\u015bwi\u0119cony prowadzonej przez Niemc\u00f3w w Auschwitz Zag\u0142adzie \u017byd\u00f3w, blok 5, gdzie prezentowane s\u0105 osobiste przedmioty zrabowane ofiarom, blok 27 &#8211; wystaw\u0119 \u017cydowsk\u0105, a tak\u017ce krematorium i komor\u0119 gazow\u0105 w by\u0142ym obozie Auschwitz I.<\/span><\/p>\n<p style=\"text-align: left;\"><span style=\"color: #000080;\">W drugiej cz\u0119\u015bci wizyty Rzecznicy Praw Obywatelskich odwiedzili by\u0142y ob\u00f3z Auschwitz II-Birkenau. Przeszli wzd\u0142u\u017c rampy, na kt\u00f3rej Niemcy dokonywali selekcji deportowanych do obozu na zag\u0142ad\u0119 \u017byd\u00f3w. Zobaczyli tak\u017ce ruiny kom\u00f3r gazowych i krematori\u00f3w. Przy pomniku upami\u0119tniaj\u0105cym ofiary obozu go\u015bcie z\u0142o\u017cyli ho\u0142d ofiarom obozu, zapalaj\u0105c symboliczne znicze.<\/span><\/p>\n<p style=\"text-align: left;\"><span style=\"color: #000080;\">Wizyta, kt\u00f3ra by\u0142a cz\u0119\u015bci\u0105 10. Seminarium Europejskiej Sieci Rzecznik\u00f3w Praw Obywatelskich, zako\u0144czy\u0142a si\u0119 w budynku tzw. Sauny na terenie Birkenau, gdzie ombudsmani podpisali wsp\u00f3ln\u0105 deklaracj\u0119.<\/span><\/p>\n<hr style=\"height: 15px; background: #d0e6fa; width: 710px;\" \/>\n<div id=\"content\" class=\"  content-alignment&lt;br \/&gt;&lt;br \/&gt; \">\n<div id=\"watch-description\" class=\"yt-uix-button-panel\">\n<div id=\"watch-description-text\">\n<p style=\"text-align: center;\"><span style=\"color: #808080;\"> twoje uwagi, linki, wlasne artykuly, lub wiadomosci przeslij do: <strong><span style=\"text-decoration: underline;\"><span style=\"color: #808080; text-decoration: underline;\"><a href=\"mailto:webmaster@reunion68.com\">webmaster@reunion68.com<\/a><\/span><\/span><\/strong><\/span><\/p>\n<\/div>\n<\/div>\n<\/div>\n<p>&nbsp;<\/p>\n<hr style=\"width: 710px;\" \/>\n","protected":false},"excerpt":{"rendered":"<p>Europejscy Ombudsmani w Muzeum Auschwitz \u201eNie ma lepszej odpowiedzi na zbrodnie, ludob\u00f3jstwo i zbrojn\u0105 agresj\u0119 ni\u017c przestrzeganie praw cz\u0142owieka\u201d \u2013 stwierdzili po wizycie w Miejscu Pami\u0119ci Auschwitz ombudsmani z ponad 30 europejskich kraj\u00f3w i region\u00f3w. Delegacja, z m.in. polsk\u0105 Rzecznik Praw Obywatelskich profesor Iren\u0105 Lipowicz oraz Ombudsman Europejsk\u0105 Emily O\u2019Reilly, odwiedzi\u0142a Muzeum 29 kwietnia. \u201eNie [&hellip;]<\/p>\n","protected":false},"author":1,"featured_media":0,"comment_status":"closed","ping_status":"closed","sticky":false,"template":"","format":"standard","meta":[],"categories":[6],"tags":[24],"_links":{"self":[{"href":"https:\/\/www.reunion68.se\/index.php?rest_route=\/wp\/v2\/posts\/19155"}],"collection":[{"href":"https:\/\/www.reunion68.se\/index.php?rest_route=\/wp\/v2\/posts"}],"about":[{"href":"https:\/\/www.reunion68.se\/index.php?rest_route=\/wp\/v2\/types\/post"}],"author":[{"embeddable":true,"href":"https:\/\/www.reunion68.se\/index.php?rest_route=\/wp\/v2\/users\/1"}],"replies":[{"embeddable":true,"href":"https:\/\/www.reunion68.se\/index.php?rest_route=%2Fwp%2Fv2%2Fcomments&post=19155"}],"version-history":[{"count":12,"href":"https:\/\/www.reunion68.se\/index.php?rest_route=\/wp\/v2\/posts\/19155\/revisions"}],"predecessor-version":[{"id":19182,"href":"https:\/\/www.reunion68.se\/index.php?rest_route=\/wp\/v2\/posts\/19155\/revisions\/19182"}],"wp:attachment":[{"href":"https:\/\/www.reunion68.se\/index.php?rest_route=%2Fwp%2Fv2%2Fmedia&parent=19155"}],"wp:term":[{"taxonomy":"category","embeddable":true,"href":"https:\/\/www.reunion68.se\/index.php?rest_route=%2Fwp%2Fv2%2Fcategories&post=19155"},{"taxonomy":"post_tag","embeddable":true,"href":"https:\/\/www.reunion68.se\/index.php?rest_route=%2Fwp%2Fv2%2Ftags&post=19155"}],"curies":[{"name":"wp","href":"https:\/\/api.w.org\/{rel}","templated":true}]}}