{"id":19225,"date":"2015-05-08T18:00:26","date_gmt":"2015-05-08T16:00:26","guid":{"rendered":"http:\/\/www.reunion68.se\/?p=19225"},"modified":"2015-05-06T07:32:03","modified_gmt":"2015-05-06T05:32:03","slug":"19225","status":"publish","type":"post","link":"https:\/\/www.reunion68.se\/?p=19225","title":{"rendered":"Tam, gdzie nie czu\u0107 ju\u017c l\u0119ku"},"content":{"rendered":"<h5 style=\"text-align: center;\"><a href=\"http:\/\/recenzjeksiazek.natemat.pl\/\" target=\"_blank\"><img decoding=\"async\" class=\"center alignleft\" src=\"http:\/\/www.reunion68.com\/Biuletyn\/img\/temat.png\" alt=\"\" \/><\/a><span style=\"text-decoration: underline; color: #000080;\"><strong><a style=\"color: #000080; text-decoration: underline;\" href=\"http:\/\/recenzjeksiazek.natemat.pl\/141115,tam-gdzie-nie-czuc-juz-leku\" target=\"_blank\">Tam, gdzie nie czu\u0107 ju\u017c l\u0119ku<\/a><\/strong><\/span><\/h5>\n<p style=\"text-align: center;\"><span style=\"color: #333333;\"><strong>Adam Kraszewski<\/strong><\/span><\/p>\n<hr style=\"height: 15px; background: #d0e6fa; width: 710px;\" \/>\n<p style=\"text-align: left;\"><img decoding=\"async\" class=\" alignright\" src=\"http:\/\/m.natemat.pl\/af19ec08301a1f3fa4125646b619d72c,640,0,0,0.jpg\" alt=\"Monika Held&lt;br \/&gt; Tam, gdzie nie czu\u0107 ju\u017c l\u0119ku\" width=\"350\" \/><span style=\"color: #333333;\"><strong>Czy po Auschwitz mo\u017cliwe jest \u017cycie? Na to pytanie odpowiada nam Monika Held relacjonuj\u0105c \u017cycie dwojga ludzi.<\/strong><\/span><\/p>\n<p style=\"text-align: left;\"><span style=\"color: #000080;\">M\u0119\u017cczyzna i kobieta. Dwoje ludzi, r\u00f3\u017cne do\u015bwiadczenia i postrzeganie \u015bwiata. Co ich po\u0142\u0105czy\u0142o? Chemia? Potrzeba roztoczenia opieki? A mo\u017ce zwyk\u0142a ciekawo\u015b\u0107? On, dawny wi\u0119zie\u0144 Auschwitz zeznaje w procesach stra\u017cnik\u00f3w obozowych, ona t\u0142umaczka uczestniczy w jednym z proces\u00f3w., on mieszka w Austrii, ona we Frankfurcie. Mo\u017cna powiedzie\u0107, \u017ce gdyby nie Auschwitz ci dwoje nigdy by si\u0119 nie spotkali, nic wi\u0119c dziwnego, \u017ce nad tym zwi\u0105zkiem piek\u0142o oboz\u00f3w b\u0119dzie wisia\u0142o jak miecz Damoklesa.<\/span><\/p>\n<p style=\"text-align: left;\"><span style=\"color: #000080;\">Od pocz\u0105tku lektury mia\u0142em wra\u017cenie, i\u017c Heiner, dawny wi\u0119zie\u0144 Auschwitz wci\u0105ga Len\u0119, swoj\u0105 wybrank\u0119 w sw\u00f3j dawny \u015bwiat. Lena chce lepiej zrozumie\u0107 swego ukochanego, wi\u0119c sama garnie si\u0119 do poznania jego przesz\u0142o\u015bci. Dochodzi do i\u015bcie chorego uk\u0142adu, w kt\u00f3rym nad przysz\u0142o\u015bci\u0105 dwojga ludzi wisi przesz\u0142o\u015b\u0107 jednego z nich. Dzieje si\u0119 to a\u017c do dnia, w kt\u00f3rym ta dw\u00f3jka rusza w podr\u00f3\u017c do Polski.<\/span><\/p>\n<div style=\"width: 160px\" class=\"wp-caption alignleft\"><img decoding=\"async\" src=\"http:\/\/m.natemat.pl\/33718e30a6f68aa4cd2a47c3eaf37812,305,0,0,0.jpg\" alt=\"\" width=\"150\" \/><p class=\"wp-caption-text\"><span style=\"color: #808080;\">Adam Kraszewski<\/span><\/p><\/div>\n<p style=\"text-align: left;\"><span style=\"color: #000080;\">13 grudnia 1981 roku. To by\u0142 dzie\u0144, w kt\u00f3rym Heinera ogarn\u0119\u0142a panika. Dla niego poj\u0119cie stanu wojennego oznacza\u0142o tylko bied\u0119, niebezpiecze\u0144stwo i g\u0142\u00f3d i to obudzi\u0142o w nim poczucie obowi\u0105zku. Sta\u0142 si\u0119 znowu odpowiedzialny za wsp\u00f3\u0142wi\u0119\u017ani\u00f3w. Postanawia wi\u0119c ruszy\u0107 do Polski z pomoc\u0105 humanitarn\u0105. Ta podr\u00f3\u017c staje si\u0119 dla Leny prawdziw\u0105 szko\u0142\u0105. B\u0119dzie mog\u0142a zrozumie\u0107 stare prawdy obozowe i l\u0119ki dawnych wi\u0119\u017ani\u00f3w.<\/span><\/p>\n<p style=\"text-align: left;\"><span style=\"color: #000080;\">Trudno w to uwierzy\u0107, ale ta historia wydarzy\u0142a si\u0119 naprawd\u0119. Hermann Reineck i jego \u017cona Anni organizowali w stanie wojennym konwoje z pomoc\u0105 dla dawnych wi\u0119\u017ani\u00f3w O\u015bwi\u0119cimia. Oczywi\u015bcie mi\u0142o\u015b\u0107 tej prawdziwej pary by\u0142 zupe\u0142nie inna ni\u017c mi\u0142o\u015b\u0107 z ksi\u0105\u017cki, jedno jednak pozosta\u0142o niezmienne. Zar\u00f3wno ksi\u0105\u017ckowy Heiner, jak i prawdziwy Hermann musieli, dla zachowania psychicznej r\u00f3wnowagi stale wspomina\u0107 i analizowa\u0107 ob\u00f3z.<\/span><\/p>\n<p style=\"text-align: left;\"><span style=\"color: #000080;\">Bowiem wielu dawnych wi\u0119\u017ani\u00f3w pozosta\u0142o w Auschwitz, mimo, i\u017c wojna dawno si\u0119 sko\u0144czy\u0142a, a oni nie czuj\u0105 ju\u017c l\u0119ku.<\/span><\/p>\n<hr style=\"height: 15px; background: #d0e6fa; width: 710px;\" \/>\n<div id=\"content\" class=\"  content-alignment&lt;br \/&gt;&lt;br \/&gt; \">\n<div id=\"watch-description\" class=\"yt-uix-button-panel\">\n<div id=\"watch-description-text\">\n<p style=\"text-align: center;\"><span style=\"color: #808080;\"> twoje uwagi, linki, wlasne artykuly, lub wiadomosci przeslij do: <strong><span style=\"text-decoration: underline;\"><span style=\"color: #808080; text-decoration: underline;\"><a href=\"mailto:webmaster@reunion68.com\">webmaster@reunion68.com<\/a><\/span><\/span><\/strong><\/span><\/p>\n<\/div>\n<\/div>\n<\/div>\n<p>&nbsp;<\/p>\n<hr style=\"width: 710px;\" \/>\n","protected":false},"excerpt":{"rendered":"<p>Tam, gdzie nie czu\u0107 ju\u017c l\u0119ku Adam Kraszewski Czy po Auschwitz mo\u017cliwe jest \u017cycie? Na to pytanie odpowiada nam Monika Held relacjonuj\u0105c \u017cycie dwojga ludzi. M\u0119\u017cczyzna i kobieta. Dwoje ludzi, r\u00f3\u017cne do\u015bwiadczenia i postrzeganie \u015bwiata. Co ich po\u0142\u0105czy\u0142o? Chemia? Potrzeba roztoczenia opieki? A mo\u017ce zwyk\u0142a ciekawo\u015b\u0107? On, dawny wi\u0119zie\u0144 Auschwitz zeznaje w procesach stra\u017cnik\u00f3w obozowych, [&hellip;]<\/p>\n","protected":false},"author":1,"featured_media":0,"comment_status":"closed","ping_status":"closed","sticky":false,"template":"","format":"standard","meta":[],"categories":[6],"tags":[24],"_links":{"self":[{"href":"https:\/\/www.reunion68.se\/index.php?rest_route=\/wp\/v2\/posts\/19225"}],"collection":[{"href":"https:\/\/www.reunion68.se\/index.php?rest_route=\/wp\/v2\/posts"}],"about":[{"href":"https:\/\/www.reunion68.se\/index.php?rest_route=\/wp\/v2\/types\/post"}],"author":[{"embeddable":true,"href":"https:\/\/www.reunion68.se\/index.php?rest_route=\/wp\/v2\/users\/1"}],"replies":[{"embeddable":true,"href":"https:\/\/www.reunion68.se\/index.php?rest_route=%2Fwp%2Fv2%2Fcomments&post=19225"}],"version-history":[{"count":16,"href":"https:\/\/www.reunion68.se\/index.php?rest_route=\/wp\/v2\/posts\/19225\/revisions"}],"predecessor-version":[{"id":19241,"href":"https:\/\/www.reunion68.se\/index.php?rest_route=\/wp\/v2\/posts\/19225\/revisions\/19241"}],"wp:attachment":[{"href":"https:\/\/www.reunion68.se\/index.php?rest_route=%2Fwp%2Fv2%2Fmedia&parent=19225"}],"wp:term":[{"taxonomy":"category","embeddable":true,"href":"https:\/\/www.reunion68.se\/index.php?rest_route=%2Fwp%2Fv2%2Fcategories&post=19225"},{"taxonomy":"post_tag","embeddable":true,"href":"https:\/\/www.reunion68.se\/index.php?rest_route=%2Fwp%2Fv2%2Ftags&post=19225"}],"curies":[{"name":"wp","href":"https:\/\/api.w.org\/{rel}","templated":true}]}}