{"id":1949,"date":"2014-05-31T00:00:57","date_gmt":"2014-05-30T22:00:57","guid":{"rendered":"http:\/\/www.reunion68.se\/?p=1949"},"modified":"2014-05-31T09:06:47","modified_gmt":"2014-05-31T07:06:47","slug":"kara-za-wpis-izrael-zasluguje-na-trzy-bomby-atomowe","status":"publish","type":"post","link":"https:\/\/www.reunion68.se\/?p=1949","title":{"rendered":"Kara za wpis: &#8220;Izrael zas\u0142uguje na trzy bomby atomowe&#8221;"},"content":{"rendered":"<p><img decoding=\"async\" class=\"alignleft\" src=\"http:\/\/bi.gazeta.pl\/im\/1\/14714\/m14714231.png\" alt=\"\" \/><\/p>\n<h3 style=\"text-align: center;\"><span style=\"color: #000080;\"><strong><span style=\"text-decoration: underline;\"><a href=\"http:\/\/wiadomosci.gazeta.pl\/wiadomosci\/1,114871,16062776,Kara_za_wpis___Izrael_zasluguje_na_trzy_bomby_atomowe_.html?lokale=lodz#BoxWiadTxt\" target=\"_blank\"><span style=\"color: #000080; text-decoration: underline;\">Kara za wpis: &#8220;Izrael zas\u0142uguje na trzy bomby atomowe&#8221;<\/span><\/a><\/span><\/strong><\/span><\/h3>\n<div id=\"gazeta_article_author\" style=\"text-align: center;\"><span style=\"color: #808080;\">Anna Gmiterek-Zab\u0142ocka, TOK FM <\/span><span style=\"color: #808080;\">30.05.2014 12:41<\/span><\/div>\n<div id=\"gazeta_article_tools\"><img decoding=\"async\" class=\"alignright\" title=\"M\u0119\u017cczyzna komentowa\u0142 teksty dotycz\u0105ce \u017byd\u00f3w i dawnego obozu na Majdanku\" src=\"http:\/\/bi.gazeta.pl\/im\/5\/5495\/z5495985Q,Mezczyzna-komentowal-teksty-dotyczace-Zydow-i-dawn.jpg\" alt=\"M\u0119\u017cczyzna komentowa\u0142 teksty dotycz\u0105ce \u017byd\u00f3w i dawnego obozu na Majdanku\" width=\"400\" border=\"0\" \/><\/div>\n<p style=\"text-align: left;\"><span style=\"color: #000080;\">Prokuratura Rejonowa Lublin-Po\u0142udnie oskar\u017cy\u0142a w\u0142a\u015bnie 40-letniego Sylwestra U. o publiczne nawo\u0142ywanie do nienawi\u015bci na tle r\u00f3\u017cnic narodowo\u015bciowych. Tym razem jednak nie chodzi\u0142o o napisy na murach czy plakaty na przystankach, ale o wpisy pod jednym z artyku\u0142\u00f3w w internecie. Nie pozostawia\u0142y z\u0142udze\u0144, jaki by\u0142 ich wyd\u017awi\u0119k.<\/span><\/p>\n<p style=\"text-align: left;\"><span style=\"color: #000080;\">M\u0119\u017cczyzna odpowie za komentarze pod dwoma artyku\u0142ami , kt\u00f3re ukaza\u0142y si\u0119 na stronie &#8220;Kuriera Lubelskiego&#8221;, a dotyczy\u0142y obozu na Majdanku i zag\u0142ady \u017byd\u00f3w. Z wpis\u00f3w w jasny spos\u00f3b wynika\u0142o, \u017ce autor ukrywaj\u0105cy si\u0119 pod nickiem &#8220;lubelski&#8221; w niewybredny spos\u00f3b popiera zag\u0142ad\u0119 \u017byd\u00f3w i g\u0142osi has\u0142a antysemickie. Napisa\u0142 m.in. &#8220;Izrael zas\u0142uguje na trzy bomby atomowe&#8221;, ale te\u017c inne teksty.\u015aledczy nie mieli problem\u00f3w z namierzeniem internauty po numerze IP jego komputera. W trakcie pierwszego przes\u0142uchania 40-latek (z wykszta\u0142cenia filolog, pracuje w biurze) przyzna\u0142 si\u0119 do zamieszczenia komentarzy pod tekstem, ale nie do publicznego nawo\u0142ywania do szerzenia nienawi\u015bci na tle r\u00f3\u017cnic narodowo\u015bciowych, o czym m\u00f3wi art. 256 Kodeksu karnego: &#8220;Kto publicznie propaguje faszystowski lub inny totalitarny ustr\u00f3j pa\u0144stwa lub nawo\u0142uje do nienawi\u015bci na tle r\u00f3\u017cnic narodowo\u015bciowych, etnicznych, rasowych, wyznaniowych albo ze wzgl\u0119du na bezwyznaniowo\u015b\u0107, podlega grzywnie, karze ograniczenia wolno\u015bci albo pozbawienia wolno\u015bci do lat 2&#8221;. Oskar\u017cony t\u0142umaczy\u0142, \u017ce dokona\u0142 swoich wpis\u00f3w w obronie uci\u015bnionego narodu palesty\u0144skiego; poza tym mia\u0142 by\u0107 wzburzony tre\u015bci\u0105 artyku\u0142\u00f3w.<\/span><\/p>\n<p><span style=\"color: #000080;\">Czytaj wiecej <strong><span style=\"text-decoration: underline;\"><a href=\"http:\/\/wiadomosci.gazeta.pl\/wiadomosci\/1,114871,16062776,Kara_za_wpis___Izrael_zasluguje_na_trzy_bomby_atomowe_.html?lokale=lodz#BoxWiadTxt\" target=\"_blank\"><span style=\"color: #000080; text-decoration: underline;\">tu<\/span><\/a><\/span><\/strong><\/span><\/p>\n<hr>\n","protected":false},"excerpt":{"rendered":"<p>Kara za wpis: &#8220;Izrael zas\u0142uguje na trzy bomby atomowe&#8221; Anna Gmiterek-Zab\u0142ocka, TOK FM 30.05.2014 12:41 Prokuratura Rejonowa Lublin-Po\u0142udnie oskar\u017cy\u0142a w\u0142a\u015bnie 40-letniego Sylwestra U. o publiczne nawo\u0142ywanie do nienawi\u015bci na tle r\u00f3\u017cnic narodowo\u015bciowych. Tym razem jednak nie chodzi\u0142o o napisy na murach czy plakaty na przystankach, ale o wpisy pod jednym z artyku\u0142\u00f3w w internecie. Nie [&hellip;]<\/p>\n","protected":false},"author":1,"featured_media":0,"comment_status":"closed","ping_status":"closed","sticky":false,"template":"","format":"standard","meta":[],"categories":[4],"tags":[24],"_links":{"self":[{"href":"https:\/\/www.reunion68.se\/index.php?rest_route=\/wp\/v2\/posts\/1949"}],"collection":[{"href":"https:\/\/www.reunion68.se\/index.php?rest_route=\/wp\/v2\/posts"}],"about":[{"href":"https:\/\/www.reunion68.se\/index.php?rest_route=\/wp\/v2\/types\/post"}],"author":[{"embeddable":true,"href":"https:\/\/www.reunion68.se\/index.php?rest_route=\/wp\/v2\/users\/1"}],"replies":[{"embeddable":true,"href":"https:\/\/www.reunion68.se\/index.php?rest_route=%2Fwp%2Fv2%2Fcomments&post=1949"}],"version-history":[{"count":17,"href":"https:\/\/www.reunion68.se\/index.php?rest_route=\/wp\/v2\/posts\/1949\/revisions"}],"predecessor-version":[{"id":1988,"href":"https:\/\/www.reunion68.se\/index.php?rest_route=\/wp\/v2\/posts\/1949\/revisions\/1988"}],"wp:attachment":[{"href":"https:\/\/www.reunion68.se\/index.php?rest_route=%2Fwp%2Fv2%2Fmedia&parent=1949"}],"wp:term":[{"taxonomy":"category","embeddable":true,"href":"https:\/\/www.reunion68.se\/index.php?rest_route=%2Fwp%2Fv2%2Fcategories&post=1949"},{"taxonomy":"post_tag","embeddable":true,"href":"https:\/\/www.reunion68.se\/index.php?rest_route=%2Fwp%2Fv2%2Ftags&post=1949"}],"curies":[{"name":"wp","href":"https:\/\/api.w.org\/{rel}","templated":true}]}}