{"id":19720,"date":"2015-05-10T18:09:31","date_gmt":"2015-05-10T16:09:31","guid":{"rendered":"http:\/\/www.reunion68.se\/?p=19720"},"modified":"2015-05-11T06:59:31","modified_gmt":"2015-05-11T04:59:31","slug":"kto-wygral-ii-wojne-swiatowa-wladimir-putin","status":"publish","type":"post","link":"https:\/\/www.reunion68.se\/?p=19720","title":{"rendered":"Kto wygra\u0142 II wojn\u0119 \u015bwiatow\u0105? W\u0142adimir Putin!"},"content":{"rendered":"<h5 style=\"text-align: center;\"><a href=\"http:\/\/swiat.newsweek.pl\/\" target=\"_blank\"><img decoding=\"async\" class=\"center alignleft\" src=\"http:\/\/www.reunion68.com\/Biuletyn\/img\/newsweek.jpg\" alt=\"\" \/><\/a><span style=\"text-decoration: underline; color: #000080;\"><strong><a style=\"color: #000080; text-decoration: underline;\" href=\"http:\/\/swiat.newsweek.pl\/parada-dzien-zwyciestwa-w-moskwie,artykuly,362864,1.html\" target=\"_blank\">Kto wygra\u0142 II wojn\u0119 \u015bwiatow\u0105? W\u0142adimir Putin!<\/a><\/strong><\/span><\/h5>\n<p style=\"text-align: center;\"><span style=\"color: #333333;\"><strong>\u0141ukasz Jasina<\/strong><\/span><\/p>\n<hr style=\"height: 15px; background: #d0e6fa; width: 710px;\" \/>\n<p style=\"text-align: left;\"><img decoding=\"async\" class=\"articleImg aligncenter\" title=\"\" src=\"http:\/\/www.newsweek.pl\/g\/i.aspx\/680\/0\/newsweek\/635667773736554339.jpg\" alt=\"RUSSIA VICTORY DAY PARADE REHEARSAL\" width=\"710\" border=\"0\" \/><br \/>\n<strong><span style=\"color: #333333;\">Putin rzuca wyzwanie \u015bwiatu, prawdzie i zdrowemu rozs\u0105dkowi m\u00f3wi\u0105c, \u017ce rola rosyjskiego narodu by\u0142a drugorz\u0119dna. Wojn\u0119 wygra\u0142 W\u0142adimir Putin, kt\u00f3ry samego siebie ustawi\u0142 w centrum tych obchod\u00f3w.<\/span><\/strong><\/p>\n<p style=\"text-align: left;\"><span style=\"color: #000080;\">W przem\u00f3wieniu na Placu Czerwonym wyg\u0142oszonym podczas parady z okazji 70. rocznicy zwyci\u0119stwa w Wielkiej Wojnie Ojczy\u017anianej Putin znowu rzuci\u0142 wyzwanie ca\u0142emu \u015bwiatu. Zreszt\u0105 nie tylko jemu \u2013 wyzwa\u0142 tak\u017ce na pojedynek prawd\u0119 i zdrowy rozs\u0105dek. Okaza\u0142o si\u0119, \u017ce wojny nie tylko nie wygra\u0142a antyfaszystowska koalicja, ale nawet rola rosyjskiego narodu by\u0142a drugorz\u0119dna. Wojn\u0119 te wygra\u0142 W\u0142adimir Putin, kt\u00f3ry samego siebie ustawi\u0142 w centrum obchod\u00f3w.<\/span><\/p>\n<p style=\"text-align: left;\"><span style=\"color: #000080;\">To, \u017ce radziecka i rosyjska polityka historyczna od zawsze wykorzystywa\u0142a Dzie\u0144 Zwyci\u0119stwa do swoich cel\u00f3w nie dziwi nikogo. Niemniej kult Wielkiej Wojny Ojczy\u017anianej jest, co trudno nam zrozumie\u0107 w Polsce, jednym z niewielu pozytywnych spoiw rosyjskiego narodu. To zwyci\u0119stwo wszak odnie\u015bli tak naprawd\u0119 oni sami za cen\u0119 dwudziestu kilku milion\u00f3w zabitych. Tylko na tym micie mo\u017ce oprze\u0107 si\u0119 przeci\u0119tny Rosjanin, kiedy szuka czego\u015b pozytywnego w swojej historii \u2013 rosyjskiego i sowieckiego imperializmu nie da si\u0119 wzi\u0105\u0107 na sztandary.<\/span><\/p>\n<p style=\"text-align: left; padding-left: 90px;\"><span style=\"color: #000080;\">&#8220;Putin odebra\u0142 \u015bwi\u0119to weteranom. Podczas przem\u00f3wienia przypomina\u0142 che\u0142pliwego Stalina z czerwca 1945 roku \u2013 z czas\u00f3w pierwszej Parady Zwyci\u0119stwa&#8221;<\/span><\/p>\n<p style=\"text-align: left;\"><span style=\"color: #000080;\">9 maja jednoczy\u0142 Rosjan przez d\u0142ugie lata. Jednoczy\u0142 zreszt\u0105 nie tylko ich. Festyny, parady i obchody odbywa\u0142y si\u0119 te\u017c tego dnia w Mi\u0144sku, Kijowie, Charkowie, A\u0142ma-Acie czy Taszkiencie.<\/span><\/p>\n<p style=\"text-align: left;\"><span style=\"color: #000080;\">Przez ostatni rok Putin skrupulatnie mit ten zniszczy\u0142 i odebra\u0142 ludziom. Najpierw sta\u0142 si\u0119 narz\u0119dziem jego polityki. \u201eGieorgijewska lentoczka\u201d przypinana do ka\u017cdej marynarki i przyczepiana do ka\u017cdego towaru w rosyjskim hipermarkecie sta\u0142a si\u0119 symbolem rosyjskiego d\u0105\u017cenia do dominacji nad obszarem postradzieckim. Nieprzypadkowo nie tylko Ukrai\u0144cy dystansuj\u0105 si\u0119 od moskiewskich obchod\u00f3w. Bia\u0142oru\u015b czy Kazachstan wymy\u015bli\u0142y swoje w\u0142asne symbole zwyci\u0119stwa \u2013 gdy\u017c nacjonalistyczno-imperialna wst\u0105\u017cka \u015bw. Jerzego \u015brednio si\u0119 do tego celu nadaje.<\/span><\/p>\n<p style=\"text-align: left;\"><span style=\"color: #000080;\">Putin odebra\u0142 tez \u015bwi\u0119to weteranom. Sprz\u0119t wojskowy, kt\u00f3ry zaprezentowano na Placu Czerwonym nie czci wszak pami\u0119ci okrucie\u0144stw wojny, jest raczej wyrazem pogardy dla ludzkiego \u017cycia. Putin czci w ten spos\u00f3b swoj\u0105 imperialna polityk\u0119, zab\u00f3r Krymu i Donbasu, konflikt z Zachodem i nieliczenie si\u0119 z godno\u015bci\u0105 ludzk\u0105.<\/span><\/p>\n<p style=\"text-align: left;\"><span style=\"color: #000080;\">Prezydent przypomina\u0142 che\u0142pliwego Stalina z czerwca 1945 roku \u2013 z czas\u00f3w pierwszej Parady Zwyci\u0119stwa. O ile\u017c lepiej oceniali\u015bmy Jelcyna w 1995 roku i Miedwiediewa pi\u0119\u0107 lat p\u00f3\u017aniej.<\/span><\/p>\n<p style=\"text-align: left;\"><span style=\"color: #000080;\">Wida\u0107 coraz wyra\u017aniej, \u017ce putinowska Rosja do czas\u00f3w demokratyzacji ju\u017c nie powr\u00f3ci, a rehabilitacja najbardziej agresywnych element\u00f3w historii dawnego ZSRR sta\u0142a si\u0119 faktem.<\/span><\/p>\n<hr style=\"height: 15px; background: #d0e6fa; width: 710px;\" \/>\n<div id=\"content\" class=\"  content-alignment&lt;br \/&gt;&lt;br \/&gt; \">\n<div id=\"watch-description\" class=\"yt-uix-button-panel\">\n<div id=\"watch-description-text\">\n<p style=\"text-align: center;\"><span style=\"color: #808080;\"> twoje uwagi, linki, wlasne artykuly, lub wiadomosci przeslij do: <strong><span style=\"text-decoration: underline;\"><span style=\"color: #808080; text-decoration: underline;\"><a href=\"mailto:webmaster@reunion68.com\">webmaster@reunion68.com<\/a><\/span><\/span><\/strong><\/span><\/p>\n<\/div>\n<\/div>\n<\/div>\n<p>&nbsp;<\/p>\n<hr style=\"width: 710px;\" \/>\n","protected":false},"excerpt":{"rendered":"<p>Kto wygra\u0142 II wojn\u0119 \u015bwiatow\u0105? W\u0142adimir Putin! \u0141ukasz Jasina Putin rzuca wyzwanie \u015bwiatu, prawdzie i zdrowemu rozs\u0105dkowi m\u00f3wi\u0105c, \u017ce rola rosyjskiego narodu by\u0142a drugorz\u0119dna. Wojn\u0119 wygra\u0142 W\u0142adimir Putin, kt\u00f3ry samego siebie ustawi\u0142 w centrum tych obchod\u00f3w. W przem\u00f3wieniu na Placu Czerwonym wyg\u0142oszonym podczas parady z okazji 70. rocznicy zwyci\u0119stwa w Wielkiej Wojnie Ojczy\u017anianej Putin znowu [&hellip;]<\/p>\n","protected":false},"author":1,"featured_media":0,"comment_status":"closed","ping_status":"closed","sticky":false,"template":"","format":"standard","meta":[],"categories":[6],"tags":[24],"_links":{"self":[{"href":"https:\/\/www.reunion68.se\/index.php?rest_route=\/wp\/v2\/posts\/19720"}],"collection":[{"href":"https:\/\/www.reunion68.se\/index.php?rest_route=\/wp\/v2\/posts"}],"about":[{"href":"https:\/\/www.reunion68.se\/index.php?rest_route=\/wp\/v2\/types\/post"}],"author":[{"embeddable":true,"href":"https:\/\/www.reunion68.se\/index.php?rest_route=\/wp\/v2\/users\/1"}],"replies":[{"embeddable":true,"href":"https:\/\/www.reunion68.se\/index.php?rest_route=%2Fwp%2Fv2%2Fcomments&post=19720"}],"version-history":[{"count":16,"href":"https:\/\/www.reunion68.se\/index.php?rest_route=\/wp\/v2\/posts\/19720\/revisions"}],"predecessor-version":[{"id":19761,"href":"https:\/\/www.reunion68.se\/index.php?rest_route=\/wp\/v2\/posts\/19720\/revisions\/19761"}],"wp:attachment":[{"href":"https:\/\/www.reunion68.se\/index.php?rest_route=%2Fwp%2Fv2%2Fmedia&parent=19720"}],"wp:term":[{"taxonomy":"category","embeddable":true,"href":"https:\/\/www.reunion68.se\/index.php?rest_route=%2Fwp%2Fv2%2Fcategories&post=19720"},{"taxonomy":"post_tag","embeddable":true,"href":"https:\/\/www.reunion68.se\/index.php?rest_route=%2Fwp%2Fv2%2Ftags&post=19720"}],"curies":[{"name":"wp","href":"https:\/\/api.w.org\/{rel}","templated":true}]}}