{"id":1992,"date":"2026-01-10T17:09:00","date_gmt":"2026-01-10T15:09:00","guid":{"rendered":"http:\/\/www.reunion68.se\/?p=1992"},"modified":"2026-01-06T10:37:12","modified_gmt":"2026-01-06T08:37:12","slug":"polska-panika-moralna-czy-upamietnic-sprawiedliwych-kolo-muzeum-historii-zydow-polskich","status":"publish","type":"post","link":"https:\/\/www.reunion68.se\/?p=1992","title":{"rendered":"Polska panika moralna. Czy upami\u0119tni\u0107 Sprawiedliwych ko\u0142o Muzeum Historii \u017byd\u00f3w Polskich"},"content":{"rendered":"<hr>\n<h3 style=\"text-align: center;\"><img decoding=\"async\" class=\"alignleft\" src=\"https:\/\/static.im-g.pl\/wyborcza2020\/wyborcza_pl-new.svg\" alt=\"\" width=\"30%\"><span style=\"color: #000080; text-decoration: underline;\"><strong><a href=\"http:\/\/m.wyborcza.pl\/wyborcza\/1,132749,16065323,Polska_panika_moralna__Czy_upamietnic_Sprawiedliwych.html\" target=\"_blank&quot;\" rel=\"noopener\"><span style=\"color: #000080; text-decoration: underline;\">Polska panika moralna. Czy upami\u0119tni\u0107 Sprawiedliwych ko\u0142o Muzeum Historii \u017byd\u00f3w Polskich<\/span><\/a><\/strong><\/span><\/h3>\n<p style=\"text-align: center;\"><span style=\"color: #000080;\"><br \/>\nEl\u017cbieta Janicka*, Bo\u017cena Keff**,<br \/>\nHelena Datner*** 2014-05-30<\/span><\/p>\n<hr style=\"height: 15px; background: #d0e6fa; width: 100%;\">\n<p>Magazyn Wyborczej -30.05.2014, 16:17<\/p>\n<h4 style=\"text-align: center;\"><strong><span style=\"color: #000080;\">Pomnik wdzi\u0119czno\u015bci dla ludzi ratuj\u0105cych \u017byd\u00f3w ma stan\u0105\u0107 w\u015br\u00f3d proch\u00f3w tych, <\/span><\/strong><strong><span style=\"color: #000080;\">kt\u00f3rym nikt nie pom\u00f3g\u0142 i nie chcia\u0142 pom\u00f3c. <\/span><\/strong><strong><span style=\"color: #000080;\">Zaginie w tym los \u017byd\u00f3w, kt\u00f3rzy umierali w kra\u0144cowej samotno\u015bci<\/span><\/strong><\/h4>\n<p><span style=\"color: #000080;\">Zabieramy g\u0142os, wywo\u0142ane do odpowiedzi polemik\u0105, kt\u00f3ra toczy si\u0119 na \u0142amach &#8221;Wyborczej&#8221;. Jeste\u015bmy autorkami listu wyra\u017caj\u0105cego sprzeciw wobec planu wzniesienia pomnika Sprawiedliwych w\u015br\u00f3d Narod\u00f3w \u015awiata przy gmachu Muzeum Historii \u017byd\u00f3w Polskich w Warszawie.<\/span><\/p>\n<p><span style=\"color: #000080;\">Pod listem, og\u0142oszonym w marcu tego roku w internetowym &#8221;Dzienniku Opinii Krytyki Politycznej&#8221;, podpisa\u0142o si\u0119 200 os\u00f3b z kraju i zagranicy, w\u015br\u00f3d nich ocalali z Zag\u0142ady i Sprawiedliwi. Nie na tym jednak pragniemy si\u0119 skoncentrowa\u0107. Ocalali z Zag\u0142ady i Sprawiedliwi figuruj\u0105 te\u017c w\u015br\u00f3d zwolennik\u00f3w planowanej lokalizacji pomnika. Chodzi o to, \u017ce nasz list nie jest odosobniony, a tym bardziej &#8211; pierwszy.<\/span><\/p>\n<p><span style=\"color: #000080;\">Protesty trwaj\u0105 od kwietnia 2013 r. i wszystkie dotycz\u0105 lokalizacji, nie za\u015b intencji uczczenia Sprawiedliwych. Pierwszym g\u0142osem w tej sprawie by\u0142 list badaczek i badaczy z Centrum Bada\u0144 nad Zag\u0142ad\u0105 \u017byd\u00f3w przy IFiS PAN. &#8221;Wyborcza&#8221; opublikowa\u0142a w\u00f3wczas tekst szefowej Centrum Barbary Engelking (&#8221;Cierpienie wymaga ciszy i przestrzeni&#8221;, 4 kwietnia 2013). G\u0142os zabra\u0142y potem: Stowarzyszenie &#8221;Drugie Pokolenie&#8221; &#8211; Potomkowie Ocala\u0142ych z Holokaustu, Stowarzyszenie \u017bydowski Instytut Historyczny, Gmina Wyznaniowa \u017bydowska w Warszawie, \u017bydowska Og\u00f3lnopolska Organizacja M\u0142odzie\u017cowa czy Fundacja Monumentum Iudaicum Lodzense. Protestowali tak\u017ce ks. Wojciech Lema\u0144ski z Polskiej Rady Chrze\u015bcijan i \u017byd\u00f3w i Paula Sawicka, przewodnicz\u0105ca Stowarzyszeniu przeciw Antysemityzmowi i Ksenofobii &#8221;Otwarta Rzeczpospolita&#8221;. Pojawi\u0142y si\u0119 r\u00f3wnie\u017c protesty indywidualne.<\/span><\/p>\n<p><span style=\"color: #000080;\">Wszystko nadaremnie. W polskich realiach bowiem moc ignorowania odmiennego stanowiska i stawiania na swoim ma ten, kto wyra\u017ca perspektyw\u0119 dominuj\u0105cej wi\u0119kszo\u015bci. I o lojalno\u015b\u0107 wobec oczekiwa\u0144 wi\u0119kszo\u015bci tu chodzi, nie za\u015b &#8211; jak twierdzi Konstanty Gebert (&#8221;Dla dzielnych ludzi, nie dla drani&#8221;, &#8221;Wyborcza&#8221; z 26 kwietnia 2014) &#8211; o lojalno\u015b\u0107 wobec Sprawiedliwych, bo tej nikomu z protestuj\u0105cych odm\u00f3wi\u0107 nie spos\u00f3b. Perspektywa wi\u0119kszo\u015bciowa za\u015b to taka, kt\u00f3r\u0105 w opowie\u015bci o historii \u017byd\u00f3w polskich interesuje tylko wizerunek Polski i Polak\u00f3w. Z tego punktu widzenia r\u00f3wnie\u017c Muzeum Historii \u017byd\u00f3w Polskich powinno mie\u0107 &#8221;obowi\u0105zki polskie&#8221;.<\/span><\/p>\n<h2 class=\"text--title font-head-700\" style=\"text-align: center;\">***<\/h2>\n<p class=\"text--paragraph\"><span style=\"color: #000080;\">Na czym polega problem z lokalizacj\u0105 pomnika Sprawiedliwych przy gmachu MH\u017bP? Jest to teren dawnego getta, na kt\u00f3rym w 1943 r. rozegra\u0142o si\u0119 wzniecone przez \u017byd\u00f3w pierwsze w Europie powstanie przeciw III Rzeszy. Nadal znajduj\u0105 si\u0119 tu szcz\u0105tki tych, kt\u00f3rym &#8211; jak przyt\u0142aczaj\u0105cej wi\u0119kszo\u015bci \u017byd\u00f3w &#8211; nikt nie udzieli\u0142 pomocy. Ludzie ci &#8211; poniewa\u017c byli \u017bydami &#8211; nie mogli st\u0105d r\u00f3wnie\u017c uciec.<\/span><\/p>\n<p class=\"text--paragraph\"><span style=\"color: #000080;\">Getto otacza\u0142 mur, to prawda. Jednak, jak m\u00f3wi\u0142 &#8221;Wyborczej&#8221; przed laty Jan Karski,&nbsp;<a id=\"LinkArea:embed_link\" class=\"text--link \" style=\"color: #000080;\" title=\"\n     ''wej\u015b\u0107 do getta by\u0142o bardzo \u0142atwo \n   \" href=\"https:\/\/wyborcza.pl\/magazyn\/1,137770,15785975,Polak__Amerykanin__katolik__Izraelita.html%20#s=S.embed_link-K.C-B.1-L.4.zw\" rel=\"dofollow\" data-bd-viewability=\"1\" data-bd-viewability-id=\"embed_link\" data-bd-viewability-href=\"https:\/\/wyborcza.pl\/magazyn\/1,137770,15785975,Polak__Amerykanin__katolik__Izraelita.html #s=S.embed_link-K.C-B.1-L.4.zw\">&#8221;wej\u015b\u0107 do getta by\u0142o bardzo \u0142atwo&nbsp;<\/a>, teraz si\u0119 o tym nie wie. (&#8230;) Nie by\u0142o tak trudno wyj\u015b\u0107 i wr\u00f3ci\u0107. Trudno by\u0142o \u017bydom z innych powod\u00f3w&#8221; (&#8221;Widzia\u0142em&#8221;, &#8221;GW&#8221; z 2-3 pa\u017adziernika 1999). Skuteczniejsze od muru by\u0142o bowiem to, co historyk&nbsp;<a id=\"LinkArea:embed_link\" class=\"text--link \" style=\"color: #000080;\" title=\"\n     Israel Gutman \n   \" href=\"https:\/\/wyborcza.pl\/magazyn\/1,134494,14723414,Israel_Gutman__1923_2013_.html%20#s=S.embed_link-K.C-B.1-L.5.zw\" rel=\"dofollow\" data-bd-viewability=\"1\" data-bd-viewability-id=\"embed_link\" data-bd-viewability-href=\"https:\/\/wyborcza.pl\/magazyn\/1,134494,14723414,Israel_Gutman__1923_2013_.html #s=S.embed_link-K.C-B.1-L.5.zw\">Israel Gutman&nbsp;<\/a>nazwa\u0142 &#8221;murem wok\u00f3\u0142 muru&#8221;. Tworzy\u0142y go postawy i zachowania nie\u017cydowskiej wi\u0119kszo\u015bci. To one zdecydowa\u0142y o tym, \u017ce &#8211; jak wyrazi\u0142 si\u0119 Karski &#8211; &#8221;ca\u0142a Warszawa by\u0142a gettem. Ca\u0142a Polska by\u0142a gettem&#8221;.<\/span><\/p>\n<p class=\"text--paragraph\"><span style=\"color: #000080;\">I nie o bierno\u015b\u0107 czy oboj\u0119tno\u015b\u0107 tu chodzi. Gdyby Polacy istotnie byli oboj\u0119tni i bierni, uratowa\u0142aby si\u0119 wi\u0119kszo\u015b\u0107 &#8211; a nie \u015bladowa mniejszo\u015b\u0107 &#8211; \u017byd\u00f3w szukaj\u0105cych ratunku po tzw. aryjskiej stronie. Tego faktu nie mo\u017cna zmieni\u0107. Mo\u017cna jednak pr\u00f3bowa\u0107 odwr\u00f3ci\u0107 od niego uwag\u0119, co te\u017c dzieje si\u0119, nawet je\u017celi nie taka jest intencja Komitetu Budowy Pomnika Sprawiedliwych przy MH\u017bP.<\/span><\/p>\n<p class=\"text--paragraph\"><span style=\"color: #000080;\">Pomnik wdzi\u0119czno\u015bci dla ratuj\u0105cych ma stan\u0105\u0107 w\u015br\u00f3d proch\u00f3w tych, kt\u00f3rym nikt nie pom\u00f3g\u0142 i nie zamierza\u0142 pom\u00f3c. Prowadzony tu sp\u00f3r o symbole wypiera konkrety. Zas\u0142ania namacalno\u015b\u0107 losu \u017byd\u00f3w, kt\u00f3rzy w tym i innych miejscach umierali w kra\u0144cowej samotno\u015bci. Tu\u017c obok na przyk\u0142ad, pod kopcem usypanym z gruz\u00f3w, le\u017c\u0105 kobiety i m\u0119\u017cczy\u017ani znani w cz\u0119\u015bci z imienia i nazwiska, niekt\u00f3rzy tak\u017ce z fotografii. \u0141\u0105cznie ponad sto os\u00f3b. Pr\u00f3cz os\u00f3b cywilnych s\u0105 w\u015br\u00f3d nich \u017co\u0142nierki i \u017co\u0142nierze \u017bydowskiej Organizacji Bojowej wraz z komendantem Mordechajem Anielewiczem.<\/span><\/p>\n<p class=\"text--paragraph\"><span style=\"color: #000080;\">Ostatniego dnia kwietnia 1943 r. Komenda \u017bOB-u &#8211; w\u00f3wczas jeszcze z \u017cyj\u0105cymi Anielewiczem i jego grup\u0105 &#8211; wys\u0142a\u0142a kurier\u00f3w do AK z pro\u015bb\u0105 o plany kana\u0142\u00f3w i pomoc w znalezieniu kryj\u00f3wek po aryjskiej stronie. Odpowied\u017a nigdy nie nadesz\u0142a. Taki jest kontekst zbiorowego samob\u00f3jstwa, do kt\u00f3rego dosz\u0142o w bunkrze przy Mi\u0142ej 18 otoczonym przez Niemc\u00f3w tydzie\u0144 p\u00f3\u017aniej.<\/span><\/p>\n<p class=\"text--paragraph\"><span style=\"color: #000080;\">&#8221;Tamta sytuacja by\u0142a szokiem mojego \u017cycia&#8221; &#8211; napisa\u0142 jeden z wys\u0142annik\u00f3w \u017bOB-u, Symcha Rotem (Kazik Ratajzer; za ksi\u0105\u017ck\u0105 Anki Grupi\u0144skiej &#8221;Ci\u0105gle po kole. Rozmowy z \u017co\u0142nierzami getta warszawskiego&#8221;, Warszawa 2000). &#8221;Byli\u015bmy zb\u0119dni wsz\u0119dzie na polskiej ziemi&#8221; &#8211; dodawa\u0142 odpowiedzialny za kontakty z AK Icchak Cukierman. (Cukierman, &#8221;Nadmiar pami\u0119ci&#8221;, przek\u0142ad Zoja Perelmuter, Warszawa 2000). Ju\u017c tego nie cofniemy. Ale przynajmniej pami\u0119tajmy o tym.<\/span><\/p>\n<h2 class=\"text--title font-head-700\" style=\"text-align: center;\">***<\/h2>\n<p class=\"text--paragraph\"><span style=\"color: #000080;\">Nie by\u0142oby inicjatywy wystawienia pomnika Sprawiedliwych w kwartale ulic Anielewicza &#8211; Zamenhofa &#8211; Lewartowskiego &#8211; Karmelicka, gdyby nie pojawienie si\u0119 w tym miejscu&nbsp;<a id=\"LinkArea:embed_link\" class=\"text--link \" style=\"color: #000080;\" title=\"\n     gmachu MH\u017bP \n   \" href=\"http:\/\/warszawa.gazeta.pl\/warszawa\/1,34889,15832719,Cwierc_miliona_gosci_przez_rok_w_Muzeum_Historii_Zydow.html%20#s=S.embed_link-K.C-B.1-L.6.zw\" rel=\"dofollow\" data-bd-viewability=\"1\" data-bd-viewability-id=\"embed_link\" data-bd-viewability-href=\" http:\/\/warszawa.gazeta.pl\/warszawa\/1,34889,15832719,Cwierc_miliona_gosci_przez_rok_w_Muzeum_Historii_Zydow.html #s=S.embed_link-K.C-B.1-L.6.zw\">gmachu MH\u017bP&nbsp;<\/a>. Muzeum, cho\u0107 jeszcze puste, wzbudza poczucie zagro\u017cenia i l\u0119k, \u017ce prezentowana w nim wizja historii \u017byd\u00f3w polskich b\u0119dzie odbiega\u0107 od tradycyjnych polskich wyobra\u017ce\u0144, w kt\u00f3rych pojawiaj\u0105 si\u0119 go\u015bcinni polscy kr\u00f3lowie, \u017cydowskie przywileje i pomoc \u017bydom w czasie Zag\u0142ady pod kar\u0105 \u015bmierci, udokumentowana tysi\u0105cami drzewek w Yad Vashem &#8211; a jednocze\u015bnie okraszona przys\u0142owiow\u0105 \u017cydowsk\u0105 niewdzi\u0119czno\u015bci\u0105.<\/span><\/p>\n<p class=\"text--paragraph\"><span style=\"color: #000080;\">Barbara Engelking:&nbsp;<a id=\"LinkArea:embed_link\" class=\"text--link \" style=\"color: #000080;\" title=\"\n     ''Cierpienie wymaga ciszy i przestrzeni'' \n   \" href=\"https:\/\/wyborcza.pl\/1,75968,13673789,Getto__powstanie__pomnik_Sprawiedliwych__Cierpienie.html%20#s=S.embed_link-K.C-B.1-L.7.zw\" rel=\"dofollow\" data-bd-viewability=\"1\" data-bd-viewability-id=\"embed_link\" data-bd-viewability-href=\"https:\/\/wyborcza.pl\/1,75968,13673789,Getto__powstanie__pomnik_Sprawiedliwych__Cierpienie.html #s=S.embed_link-K.C-B.1-L.7.zw\">&#8221;Cierpienie wymaga ciszy i przestrzeni&#8221;<\/a><\/span><\/p>\n<p class=\"text--paragraph\">\n<p class=\"text--paragraph\"><span style=\"color: #000080;\">Do powszechnej \u015bwiadomo\u015bci nie dociera, \u017ce nawet 10 tys. Sprawiedliwych (udokumentowanych w Yad Vashem jest 6,5 tys.) to tylko \u0107wier\u0107 procenta ca\u0142ego spo\u0142ecze\u0144stwa. Kara \u015bmierci grozi\u0142a za handel mi\u0119sem, posiadanie radia czy udzia\u0142 w konspiracji, bo na niej opiera\u0142 si\u0119 terror okupacyjny, ale w tych wypadkach nie odstrasza\u0142a a\u017c tak bardzo. Pomoc \u017bydom by\u0142a zawsze odosobniona i podejmowana wbrew og\u00f3lnemu nastawieniu, a nie w zgodzie z nim. I dlatego by\u0142a tak skrajnie niebezpieczna.<\/span><\/p>\n<p class=\"text--paragraph\"><span style=\"color: #000080;\">Za spraw\u0105 pomnika Sprawiedliwych przy MH\u017bP wyj\u0105tek &#8211; wyrwany z kontekstu &#8211; uzyska status regu\u0142y, cho\u0107by nawet inna by\u0142a deklarowana intencja ca\u0142ej operacji. Czy mia\u0142aby to by\u0107 swoista polisa ubezpieczeniowa polskiej polityki historycznej, kt\u00f3ra polsk\u0105 racj\u0119 stanu uto\u017csamia z uporczyw\u0105 hagiografi\u0105 Polski i Polak\u00f3w?<\/span><\/p>\n<p class=\"text--paragraph\"><span style=\"color: #000080;\">Wiele wskazuje na to, \u017ce tak w\u0142a\u015bnie jest. Jednym z wymog\u00f3w konkursu na projekt gmachu MH\u017bP by\u0142o, aby budynek nie przy\u0107miewa\u0142 pomnika Bohater\u00f3w i M\u0119czennik\u00f3w Getta d\u0142uta Natana Rapoporta z 1948 r. Architekt ten warunek spe\u0142ni\u0142. Zaoferowa\u0142 r\u00f3wnie\u017c, \u017ce zaprojektuje przestrze\u0144, w kt\u00f3rej znajduj\u0105 si\u0119 oba obiekty, co okaza\u0142o si\u0119 niemo\u017cliwe &#8211; z przyczyn podobno biurokratycznych. Dzia\u0142ania podejmowane obecnie na tym terenie sprawiaj\u0105 wra\u017cenie, \u017ce do przy\u0107mienia pozostaje nie tylko pomnik, lecz tak\u017ce Muzeum.<\/span><\/p>\n<p class=\"text--paragraph\"><span style=\"color: #000080;\">W atmosferze paniki moralnej trwa pacyfikacja historii i wymowy miejsca. Kwarta\u0142 ulic Anielewicza &#8211; Zamenhofa &#8211; Lewartowskiego &#8211; Karmelicka coraz bardziej zmienia charakter. Ju\u017c dzi\u015b mamy tu plac polskiej niewinno\u015bci z parkiem rze\u017aby, na kt\u00f3ry sk\u0142adaj\u0105 si\u0119 m.in. \u0142aweczka Karskiego, dwa kamienie-obeliski ku czci \u017begoty (podziemnej Rady Pomocy \u017bydom), Drzewo Wsp\u00f3lnej Pami\u0119ci i pomnik kanclerza Niemiec Brandta.&nbsp;<a id=\"LinkArea:embed_link\" class=\"text--link \" style=\"color: #000080;\" title=\"\n     ''Kordon sanitarny polskiej pami\u0119ci'' \n   \" href=\"https:\/\/wyborcza.pl\/magazyn\/1,137926,15859357,W_sprawie_Zaglady_Polska_gola_.html#s=S.embed_link-K.C-B.1-L.8.zw\" rel=\"dofollow\" data-bd-viewability=\"1\" data-bd-viewability-id=\"embed_link\" data-bd-viewability-href=\"https:\/\/wyborcza.pl\/magazyn\/1,137926,15859357,W_sprawie_Zaglady_Polska_gola_.html#s=S.embed_link-K.C-B.1-L.8.zw\">&#8221;Kordon sanitarny polskiej pami\u0119ci&#8221;&nbsp;<\/a>, jak nazwa\u0142 rzecz historyk Jan Grabowski, zatacza coraz szersze kr\u0119gi.<\/span><\/p>\n<p class=\"text--paragraph\"><span style=\"color: #000080;\">Inne miejsca na terenie dawnego getta nie wygl\u0105daj\u0105 lepiej. Przyk\u0142adem drugi pomnik Sprawiedliwych, kt\u00f3ry powstaje przy pl. Grzybowskim pod patronatem Miasta Sto\u0142ecznego Warszawy oraz Rady Ochrony Pami\u0119ci Walk i M\u0119cze\u0144stwa. Obie instytucje zdecydowa\u0142y si\u0119 uprawomocni\u0107 wizj\u0119, w my\u015bl kt\u00f3rej ratowanie \u017byd\u00f3w by\u0142o w Polsce pot\u0119\u017cnym ruchem spo\u0142ecznym, a liczba Sprawiedliwych mo\u017ce dochodzi\u0107 do miliona &#8211; jak utrzymuj\u0105 pomys\u0142odawcy pomnika. B\u0119dzie to pomnik polskiej szlachetno\u015bci niedocenionej przez \u017byd\u00f3w. O polsk\u0105 krzywd\u0119 tu chodzi.<\/span><\/p>\n<h2 class=\"text--title font-head-700\" style=\"text-align: center;\">***<\/h2>\n<p class=\"text--paragraph\"><span style=\"color: #000080;\">Inflacji inicjatyw upami\u0119tniaj\u0105cych Sprawiedliwych, kt\u00f3ra trwa nieprzerwanie od 2005 r., towarzysz\u0105 niezmiennie wysokie wska\u017aniki nastroj\u00f3w antysemickich. Innymi s\u0142owy: tracimy czas i energi\u0119 zamiast zacz\u0105\u0107 budowa\u0107 spo\u0142ecze\u0144stwo bez przemocy i wykluczenia, w kt\u00f3rym wszyscy wcze\u015bniej napi\u0119tnowani &#8211; nie wy\u0142\u0105czaj\u0105c \u017byd\u00f3w i Sprawiedliwych &#8211; mogliby wreszcie poczu\u0107 si\u0119 bezpiecznie.<\/span><\/p>\n<p class=\"text--paragraph\"><span style=\"color: #000080;\">Na razie s\u0142abo to idzie. I nie chodzi tu o nadu\u017cycia ze strony jakich\u015b bli\u017cej nieokre\u015blonych &#8221;drani&#8221;, o kt\u00f3rych pisze Gebert. To edukacja przewa\u017cnie, a polityka historyczna w ca\u0142o\u015bci &#8211; nie wspominaj\u0105c o hierarchii Ko\u015bcio\u0142a rzymskokatolickiego w Polsce &#8211; reprodukuj\u0105 najbardziej destrukcyjne wzorce spod znaku etnonacjonalizmu. Tak\u017ce w sposobie, w jaki traktuj\u0105 histori\u0119 \u017byd\u00f3w polskich oraz historie Sprawiedliwych, nie r\u00f3\u017cni\u0105c si\u0119 przy tym od kolejnych ekip w\u0142adzy przed rokiem 1989. Tego wszelako &#8211; s\u0142yszymy &#8211; wymaga polska racja stanu. \u017beby Polska by\u0142a Polsk\u0105?<\/span><\/p>\n<hr>\n<p class=\"text--paragraph\"><span style=\"color: #808080;\"><em>*&nbsp;<a id=\"LinkArea:embed_link\" class=\"text--link \" style=\"color: #808080;\" title=\"\n     El\u017cbieta Janicka \n   \" href=\"https:\/\/wyborcza.pl\/1,76842,11333368,_Festung_Warschau__Janickiej__Miasto_rozcietej_pamieci.html#s=S.embed_link-K.C-B.1-L.9.zw\" rel=\"dofollow\" data-bd-viewability=\"1\" data-bd-viewability-id=\"embed_link\" data-bd-viewability-href=\"https:\/\/wyborcza.pl\/1,76842,11333368,_Festung_Warschau__Janickiej__Miasto_rozcietej_pamieci.html#s=S.embed_link-K.C-B.1-L.9.zw\">El\u017cbieta Janicka&nbsp;<\/a>&#8211; literaturoznawczyni, fotografka. Autorka m.in. ksi\u0105\u017cki &#8221;Festung Warschau&#8221;<\/em><\/span><\/p>\n<p class=\"text--paragraph\"><span style=\"color: #808080;\"><em>**&nbsp;<a id=\"LinkArea:embed_link\" class=\"text--link \" style=\"color: #808080;\" title=\"\n     Bo\u017cena Keff \n   \" href=\"https:\/\/wyborcza.pl\/1,76842,7726894,Czym_ta_trauma__Ma_ojczyzna___.html#s=S.embed_link-K.C-B.1-L.10.zw\" rel=\"dofollow\" data-bd-viewability=\"1\" data-bd-viewability-id=\"embed_link\" data-bd-viewability-href=\"https:\/\/wyborcza.pl\/1,76842,7726894,Czym_ta_trauma__Ma_ojczyzna___.html#s=S.embed_link-K.C-B.1-L.10.zw\">Bo\u017cena Keff&nbsp;<\/a>&#8211; poetka, pisarka, filozofka. Autorka m.in. ksi\u0105\u017cki &#8221;Antysemityzm. Niezamkni\u0119ta historia&#8221;<\/em><\/span><\/p>\n<p class=\"text--paragraph\"><span style=\"color: #808080;\"><em>***&nbsp;<a id=\"LinkArea:embed_link\" class=\"text--link \" style=\"color: #808080;\" title=\"\n     Helena Datner \n   \" href=\"https:\/\/wyborcza.pl\/1,76842,14939785,My__komisarki_od_kultury___polemika_z_Varga_o__Idzie_.html%20#s=S.embed_link-K.C-B.1-L.11.zw\" rel=\"dofollow\" data-bd-viewability=\"1\" data-bd-viewability-id=\"embed_link\" data-bd-viewability-href=\"https:\/\/wyborcza.pl\/1,76842,14939785,My__komisarki_od_kultury___polemika_z_Varga_o__Idzie_.html #s=S.embed_link-K.C-B.1-L.11.zw\">Helena Datner&nbsp;<\/a>&#8211; socjolo\u017cka, historyczka. Autorka m.in. ksi\u0105\u017cki &#8221;Ta i tamta strona. Inteligencja \u017cydowska Warszawy drugiej po\u0142owy XIX wieku&#8221;<\/em><\/span><\/p>\n<p class=\"text--paragraph\"><strong>Autorki tekstu s\u0105 zarazem autorkami listu &#8211; sprzeciwu wobec pomys\u0142u budowy pomnika Sprawiedliwych przy MH\u017bP.&nbsp;<a id=\"LinkArea:embed_link\" class=\"text--link text--link-ext\" title=\"\n     Ukaza\u0142 si\u0119 on dwa miesi\u0105ce temu \n   \" href=\"http:\/\/www.krytykapolityczna.pl\/artykuly\/opinie\/20140327\/nie-budujmy-pomnika-sprawiedliwych-obok-muzeum-historii-zydow-polskich\" rel=\"nofollow\">Ukaza\u0142 si\u0119 on dwa miesi\u0105ce temu&nbsp;<\/a>w &#8221;Dzienniku Opinii Krytyki Politycznej&#8221;<\/strong><\/p>\n<hr style=\"height: 15px; background: #d0e6fa; width: 100%;\">\n<div id=\"content\" class=\"content-alignment\">\n<div id=\"watch-description\" class=\"yt-uix-button-panel\">\n<div id=\"watch-description-text\" style=\"text-align: center;\">\n<p><em>Zawarto\u015b\u0107 publikowanych artyku\u0142\u00f3w i materia\u0142\u00f3w nie reprezentuje pogl\u0105d\u00f3w ani opinii Reunion&#8217;68,<\/em><em><br \/>\nani te\u017c webmastera Blogu Reunion&#8217;68, chyba ze jest to wyra\u017anie zaznaczone.<br \/>\nTwoje uwagi, linki, w\u0142asne artyku\u0142y lub wiadomo\u015bci prze\u015blij na adres:<br \/>\n<\/em><span style=\"color: #000080;\"><strong><em><a style=\"color: #000080;\" href=\"mailto:webmaster@reunion68.com\"><span style=\"text-decoration: underline;\">webmaster@reunion68.com<\/span><\/a><\/em><\/strong><\/span><\/p>\n<\/div>\n<\/div>\n<\/div>\n<hr style=\"width: 100%;\">\n","protected":false},"excerpt":{"rendered":"<p>Polska panika moralna. Czy upami\u0119tni\u0107 Sprawiedliwych ko\u0142o Muzeum Historii \u017byd\u00f3w Polskich El\u017cbieta Janicka*, Bo\u017cena Keff**, Helena Datner*** 2014-05-30 Magazyn Wyborczej -30.05.2014, 16:17 Pomnik wdzi\u0119czno\u015bci dla ludzi ratuj\u0105cych \u017byd\u00f3w ma stan\u0105\u0107 w\u015br\u00f3d proch\u00f3w tych, kt\u00f3rym nikt nie pom\u00f3g\u0142 i nie chcia\u0142 pom\u00f3c. Zaginie w tym los \u017byd\u00f3w, kt\u00f3rzy umierali w kra\u0144cowej samotno\u015bci Zabieramy g\u0142os, wywo\u0142ane do [&hellip;]<\/p>\n","protected":false},"author":1,"featured_media":0,"comment_status":"closed","ping_status":"closed","sticky":false,"template":"","format":"standard","meta":[],"categories":[4],"tags":[33,24],"_links":{"self":[{"href":"https:\/\/www.reunion68.se\/index.php?rest_route=\/wp\/v2\/posts\/1992"}],"collection":[{"href":"https:\/\/www.reunion68.se\/index.php?rest_route=\/wp\/v2\/posts"}],"about":[{"href":"https:\/\/www.reunion68.se\/index.php?rest_route=\/wp\/v2\/types\/post"}],"author":[{"embeddable":true,"href":"https:\/\/www.reunion68.se\/index.php?rest_route=\/wp\/v2\/users\/1"}],"replies":[{"embeddable":true,"href":"https:\/\/www.reunion68.se\/index.php?rest_route=%2Fwp%2Fv2%2Fcomments&post=1992"}],"version-history":[{"count":18,"href":"https:\/\/www.reunion68.se\/index.php?rest_route=\/wp\/v2\/posts\/1992\/revisions"}],"predecessor-version":[{"id":127167,"href":"https:\/\/www.reunion68.se\/index.php?rest_route=\/wp\/v2\/posts\/1992\/revisions\/127167"}],"wp:attachment":[{"href":"https:\/\/www.reunion68.se\/index.php?rest_route=%2Fwp%2Fv2%2Fmedia&parent=1992"}],"wp:term":[{"taxonomy":"category","embeddable":true,"href":"https:\/\/www.reunion68.se\/index.php?rest_route=%2Fwp%2Fv2%2Fcategories&post=1992"},{"taxonomy":"post_tag","embeddable":true,"href":"https:\/\/www.reunion68.se\/index.php?rest_route=%2Fwp%2Fv2%2Ftags&post=1992"}],"curies":[{"name":"wp","href":"https:\/\/api.w.org\/{rel}","templated":true}]}}