{"id":2001,"date":"2014-06-01T07:34:42","date_gmt":"2014-06-01T05:34:42","guid":{"rendered":"http:\/\/www.reunion68.se\/?p=2001"},"modified":"2014-06-01T07:45:11","modified_gmt":"2014-06-01T05:45:11","slug":"klamstwo-oswiecimskie-w-polsce","status":"publish","type":"post","link":"https:\/\/www.reunion68.se\/?p=2001","title":{"rendered":"K\u0142amstwo o\u015bwi\u0119cimskie w Polsce"},"content":{"rendered":"<h3 style=\"text-align: center;\"><span style=\"color: #000080; text-decoration: underline;\"><strong><a href=\"http:\/\/www.facejew.pl\/2014\/05\/kamstwo-oswiecimskie-w-polsce.html\" target=\"_blank\"><span style=\"color: #000080; text-decoration: underline;\">K\u0142amstwo o\u015bwi\u0119cimskie w Polsce<\/span><\/a><\/strong><\/span><\/h3>\n<p style=\"text-align: center;\"><span style=\"color: #000080;\">sobota, 31 maja 2014<\/span><\/p>\n<p style=\"text-align: left;\"><span style=\"color: #000080;\">Jeste\u015bmy ostatnio \u015bwiadkami oburzaj\u0105cego spektaklu z 17-letni\u0105 &#8220;bohaterk\u0105&#8221;, wyra\u017caj\u0105c\u0105 publicznie szokuj\u0105ce pogl\u0105dy.<\/span><\/p>\n<p style=\"text-align: left;\"><span style=\"color: #000080;\">Oto ten najbardziej bulwersuj\u0105cy, dotycz\u0105cy \u017byd\u00f3w:<\/span><br \/>\n<span style=\"color: #000080;\"><strong> \u201eTo naturalna rzecz w cz\u0142owieku, \u017ce kogo\u015b darzy sympati\u0105, a kogo\u015b innego wr\u0119cz odwrotnie. Ale to nie jest \u017cadne ich obra\u017canie, czy nasz antysemityzm. Prawd\u0105 przecie\u017c jest, \u017ce \u017bydzi zapracowali sobie porz\u0105dnie na tak\u0105 opini\u0119. Rozpijali Polak\u00f3w podczas zabor\u00f3w, zdradzili Polsk\u0119 (nadal to robi\u0105, obra\u017caj\u0105 j\u0105 oraz perfidnie k\u0142ami\u0105 o Niej m.in. w gazetach), nie chcieli si\u0119 nigdy asymilowa\u0107 ze spo\u0142ecze\u0144stwem, sami siebie \u0142adowali do piec\u00f3w w obozach koncentracyjnych, ale trzeba im wybaczy\u0107, jak na chrze\u015bcijan przysta\u0142o. W \u017cadnym wypadku, jak ju\u017c wspomnia\u0142am wcze\u015bniej, nie mo\u017cna \u017byd\u00f3w szykanowa\u0107, obra\u017ca\u0107. \ud83d\ude42<\/strong>\u201d \u2013 napisa\u0142a Soko\u0142owska.&#8221; <\/span><span style=\"color: #000080;\">Wypowied\u017a cytowana w artykule &#8220;Bulwersuj\u0105cy spos\u00f3b Soko\u0142owskiej na lans&#8221;.<\/span><\/p>\n<p><a href=\"http:\/\/www.facejew.pl\/\" target=\"_blak\"><img decoding=\"async\" class=\"alignleft\" src=\"http:\/\/4.bp.blogspot.com\/-YY-cz_2GxOQ\/T51-ofGfxlI\/AAAAAAAAAaE\/5PjCstp_u_8\/s1600\/logo%2Bfj.png\" alt=\"Facejew\" width=\"200\" \/><\/a><\/p>\n<p style=\"text-align: left;\"><span style=\"color: #000080;\">Wczoraj w podobnym tonie doni\u00f3s\u0142 o tym antysemickim incydencie portal TVN 24: Pogromczyni &#8216;Tuska&#8217; o \u017bydach: &#8220;Rozpijali Polak\u00f3w, zdradzili Polsk\u0119, sami siebie \u0142adowali do piec\u00f3w&#8221;.<\/span><\/p>\n<p style=\"text-align: left;\"><span style=\"color: #000080;\">W wikipedii czytamy na temat k\u0142amstwa o\u015bwi\u0119cimskiego m.in.: &#8211; <\/span><strong><span style=\"color: #000080;\">&#8220;K\u0142amstwo o\u015bwi\u0119cimskie jest powszechnie pot\u0119pione, jako niezgodne z prawd\u0105 historyczn\u0105 oraz niezgodne z pami\u0119ci\u0105 i czci\u0105 dla ofiar Holocaustu. W wielu krajach, w tym w Polsce, istniej\u0105 obostrzenia prawne, nak\u0142adaj\u0105ce na organy pa\u0144stwowe obowi\u0105zek \u015bcigania z urz\u0119du os\u00f3b szerz\u0105cych k\u0142amstwo o\u015bwi\u0119cimskie.&#8221;<\/span><\/strong><\/p>\n<p style=\"text-align: left;\"><span style=\"color: #000080;\">Na podstawie art. 55 ustawy ustawy z dnia 18 grudnia 1998 r. o Instytucie Pami\u0119ci Narodowej Komisji \u015acigania Zbrodni przeciwko Narodowi Polskiemu zaprzeczanie publicznie i wbrew faktom zbrodniom, o kt\u00f3rych mowa w art. 1 pkt 1 powy\u017cszej ustawy jest przest\u0119pstwem \u015bciganym z urz\u0119du zagro\u017conym grzywn\u0105 lub kar\u0105 pozbawienia wolno\u015bci do lat 3. Wyrok podawany jest do publicznej wiadomo\u015bci.<\/span><\/p>\n<p style=\"text-align: left;\"><span style=\"color: #000080;\">Z opini\u0105 Soko\u0142owskiej zgadza si\u0119 po\u0142owa internaut\u00f3w:<br \/>\n<\/span><br \/>\n<img decoding=\"async\" class=\"aligncenter\" src=\"http:\/\/3.bp.blogspot.com\/-8T6aaRq6Nlk\/U4npPJa9-2I\/AAAAAAAABsM\/RZKEk4IEeXk\/s1600\/Przechwytywanie+w+trybie+pe%C5%82noekranowym+2014-05-31+161643.jpg\" alt=\"\" border=\"0\" \/><\/p>\n<p style=\"text-align: left;\"><span style=\"color: #000080;\">&#8211; czytaj wiecej\u00a0<\/span> <span style=\"text-decoration: underline;\"><strong><a href=\"http:\/\/www.facejew.pl\/2014\/05\/kamstwo-oswiecimskie-w-polsce.html#sthash.tZZnb6tl.dpuf\" target=\"_blank\"><span style=\"color: #000080; text-decoration: underline;\">tu<\/span><\/a><\/strong><\/span><\/p>\n","protected":false},"excerpt":{"rendered":"<p>K\u0142amstwo o\u015bwi\u0119cimskie w Polsce sobota, 31 maja 2014 Jeste\u015bmy ostatnio \u015bwiadkami oburzaj\u0105cego spektaklu z 17-letni\u0105 &#8220;bohaterk\u0105&#8221;, wyra\u017caj\u0105c\u0105 publicznie szokuj\u0105ce pogl\u0105dy. Oto ten najbardziej bulwersuj\u0105cy, dotycz\u0105cy \u017byd\u00f3w: \u201eTo naturalna rzecz w cz\u0142owieku, \u017ce kogo\u015b darzy sympati\u0105, a kogo\u015b innego wr\u0119cz odwrotnie. Ale to nie jest \u017cadne ich obra\u017canie, czy nasz antysemityzm. Prawd\u0105 przecie\u017c jest, \u017ce \u017bydzi [&hellip;]<\/p>\n","protected":false},"author":1,"featured_media":0,"comment_status":"closed","ping_status":"closed","sticky":false,"template":"","format":"standard","meta":[],"categories":[4],"tags":[24],"_links":{"self":[{"href":"https:\/\/www.reunion68.se\/index.php?rest_route=\/wp\/v2\/posts\/2001"}],"collection":[{"href":"https:\/\/www.reunion68.se\/index.php?rest_route=\/wp\/v2\/posts"}],"about":[{"href":"https:\/\/www.reunion68.se\/index.php?rest_route=\/wp\/v2\/types\/post"}],"author":[{"embeddable":true,"href":"https:\/\/www.reunion68.se\/index.php?rest_route=\/wp\/v2\/users\/1"}],"replies":[{"embeddable":true,"href":"https:\/\/www.reunion68.se\/index.php?rest_route=%2Fwp%2Fv2%2Fcomments&post=2001"}],"version-history":[{"count":17,"href":"https:\/\/www.reunion68.se\/index.php?rest_route=\/wp\/v2\/posts\/2001\/revisions"}],"predecessor-version":[{"id":2018,"href":"https:\/\/www.reunion68.se\/index.php?rest_route=\/wp\/v2\/posts\/2001\/revisions\/2018"}],"wp:attachment":[{"href":"https:\/\/www.reunion68.se\/index.php?rest_route=%2Fwp%2Fv2%2Fmedia&parent=2001"}],"wp:term":[{"taxonomy":"category","embeddable":true,"href":"https:\/\/www.reunion68.se\/index.php?rest_route=%2Fwp%2Fv2%2Fcategories&post=2001"},{"taxonomy":"post_tag","embeddable":true,"href":"https:\/\/www.reunion68.se\/index.php?rest_route=%2Fwp%2Fv2%2Ftags&post=2001"}],"curies":[{"name":"wp","href":"https:\/\/api.w.org\/{rel}","templated":true}]}}