{"id":20378,"date":"2015-05-23T18:09:11","date_gmt":"2015-05-23T16:09:11","guid":{"rendered":"http:\/\/www.reunion68.se\/?p=20378"},"modified":"2015-05-21T22:19:43","modified_gmt":"2015-05-21T20:19:43","slug":"20378","status":"publish","type":"post","link":"https:\/\/www.reunion68.se\/?p=20378","title":{"rendered":"Superbrands dla Muzeum Historii \u017byd\u00f3w Polskich"},"content":{"rendered":"<h5 style=\"text-align: center;\"><a href=\"http:\/\/culture.pl\" target=\"_blank\"><img decoding=\"async\" class=\"center alignleft\" src=\"http:\/\/www.reunion68.com\/Biuletyn\/img\/culture.png\" alt=\"\" \/><\/a><span style=\"text-decoration: underline; color: #000080;\"><strong><a style=\"color: #000080; text-decoration: underline;\" href=\"http:\/\/culture.pl\/pl\/artykul\/culturepl-superbrands-dla-muzeum-historii-zydow-polskich\" target=\"_blank\">Superbrands dla Muzeum Historii \u017byd\u00f3w Polskich<\/a><\/strong><\/span><\/h5>\n<hr style=\"height: 15px; background: #d0e6fa; width: 710px;\" \/>\n<div style=\"width: 705px\" class=\"wp-caption aligncenter\"><img decoding=\"async\" title=\"Muzeum Historii \u017byd\u00f3w Polskich w Warszawie, fot. dzi\u0119ki uprzejmo\u015bci MH\u017bP\" src=\"http:\/\/culture.pl\/sites\/default\/files\/images\/imported\/sztuki%20wizualne\/instytucje\/muzeum%20historii%20zydow%20polskich\/muzeum%20historii%20zydow%20polskich%20budynek_6747470.jpg\" alt=\"Muzeum Historii \u017byd\u00f3w Polskich w Warszawie, fot. dzi\u0119ki uprzejmo\u015bci MH\u017bP\" width=\"695\" \/><p class=\"wp-caption-text\">Muzeum Historii \u017byd\u00f3w Polskich w Warszawie, fot. dzi\u0119ki uprzejmo\u015bci MH\u017bP<\/p><\/div>\n<p><span style=\"color: #333333;\"><strong>20 maja 2015 roku po raz czwarty w historii Superbrands w Polsce przyznano Culture.pl Superbrands. Nagroda zosta\u0142a ustanowiona przez Instytut Adama Mickiewicza we wsp\u00f3\u0142pracy z Superbrands Polska z my\u015bl\u0105 o tw\u00f3rcach i instytucjach kultury, kt\u00f3re najskuteczniej wspieraj\u0105 obecno\u015b\u0107 polskiej kultury za granic\u0105.<\/strong><\/span><\/p>\n<p style=\"text-align: left;\"><span style=\"color: #000080;\">Laureata wy\u0142oni\u0142a kapitu\u0142a z\u0142o\u017cona z dziennikarzy \u2013 szef\u00f3w redakcji kultury dziennik\u00f3w i tygodnik\u00f3w opiniotw\u00f3rczych: Piotr Bratkowski (Newsweek), Piotr Mucharski (Tygodnik Powszechny), Bartek Chaci\u0144ski (Polityka), Krzysztof Kwiatkowski (Wprost), \u0141ukasz Grzymis\u0142awski (Gazeta Wyborcza), Jacek Lutomski (Rzeczpospolita) oraz Pawe\u0142 Potoroczyn, dyrektor Instytutu Adama Mickiewicza oraz Monika Kowalewska dyrektor Superbrands Polska. Nagroda przyznawana jest od 2012 roku. Dotychczas otrzymali j\u0105: Krzysztof Warlikowski i Grzegorz Jarzyna (2012), Tomasz Sta\u0144ko (2013) i Agnieszka Holland (2014). Muzeum Historii \u017byd\u00f3w Polskich jest pierwsz\u0105 instytucj\u0105 wyr\u00f3\u017cnion\u0105 Culture.pl Superbrands.<\/span><\/p>\n<p style=\"text-align: left;\"><span style=\"color: #000080;\">W uzasadnieniu kapitu\u0142y czytamy:<\/span><\/p>\n<p style=\"padding-left: 60px;\"><span style=\"color: #333333;\"><em>&#8220;Polin to miejsce zadumy, kultury, edukacji i nostalgii, kt\u00f3re sta\u0142o si\u0119 mi\u0119dzynarodow\u0105 mark\u0105 w rekordowym tempie jednocze\u015bnie zmieniaj\u0105c dusz\u0119 miasta i krajobraz aksjologiczny ca\u0142ego kraju&#8221;.<\/em><\/span><\/p>\n<p style=\"text-align: left;\"><span style=\"color: #000080;\">Nagroda wr\u0119czona zosta\u0142a si\u0119 podczas 9 Gali Fina\u0142owej Konkursu Superbrands Polska w Warszawie, na kt\u00f3rej spotkali si\u0119 przedstawiciele \u015bwiata biznesu, marketingu, kultury oraz show biznesu, by wsp\u00f3lnie uczci\u0107 sukces najsilniejszych marek obecnych na rodzimym rynku. Statuetk\u0119 Culture.pl Superbrands z r\u0105k Paw\u0142a Potoroczyna, dyrektora Instytutu Adama Mickiewicza, odebra\u0142 profesor Dariusz Stola, dyrektor Muzeum Historii \u017byd\u00f3w Polskich POLIN, w towarzystwie by\u0142ych dyrektor\u00f3w muzeum, Agnieszki Rudzi\u0144skiej i Andrzeja Cudaka.<\/span><\/p>\n<p style=\"text-align: left;\"><span style=\"color: #000080;\">Wr\u0119czenie nagrody Culture.pl Superbrands poprzedzi\u0142 koncert zespo\u0142u Bester Quartet, odnosz\u0105cej mi\u0119dzynarodowe sukcesy krakowskiej formacji czerpi\u0105cej inspiracj\u0119 m.in. ze \u017ar\u00f3de\u0142 muzyki \u017cydowskiej.<\/span><\/p>\n<p style=\"text-align: left;\"><span style=\"color: #000080;\">Superbrands to mi\u0119dzynarodowa organizacja, dzia\u0142aj\u0105ca od ponad 20 lat w 80 krajach na ca\u0142ym \u015bwiecie, i od 10 w Polsce, wyr\u00f3\u017cniaj\u0105ca najlepsze marki i wspieraj\u0105ca ich dalszy rozw\u00f3j. Wszystkie nagrody wr\u0119czane w ramach projekt\u00f3w organizacji Superbrands, s\u0105 traktowane jako dowody \u015bwiadcz\u0105ce o wyj\u0105tkowej sile i rozpoznawalno\u015bci nagrodzonych marek.<\/span><\/p>\n<hr style=\"height: 15px; background: #d0e6fa; width: 710px;\" \/>\n<div id=\"content\" class=\"  content-alignment&lt;br \/&gt;&lt;br \/&gt; \">\n<div id=\"watch-description\" class=\"yt-uix-button-panel\">\n<div id=\"watch-description-text\">\n<p style=\"text-align: center;\"><span style=\"color: #808080;\"> twoje uwagi, linki, wlasne artykuly, lub wiadomosci przeslij do: <strong><span style=\"text-decoration: underline;\"><span style=\"color: #808080; text-decoration: underline;\"><a href=\"mailto:webmaster@reunion68.com\">webmaster@reunion68.com<\/a><\/span><\/span><\/strong><\/span><\/p>\n<\/div>\n<\/div>\n<\/div>\n<p>&nbsp;<\/p>\n<hr style=\"width: 710px;\" \/>\n","protected":false},"excerpt":{"rendered":"<p>Superbrands dla Muzeum Historii \u017byd\u00f3w Polskich 20 maja 2015 roku po raz czwarty w historii Superbrands w Polsce przyznano Culture.pl Superbrands. Nagroda zosta\u0142a ustanowiona przez Instytut Adama Mickiewicza we wsp\u00f3\u0142pracy z Superbrands Polska z my\u015bl\u0105 o tw\u00f3rcach i instytucjach kultury, kt\u00f3re najskuteczniej wspieraj\u0105 obecno\u015b\u0107 polskiej kultury za granic\u0105. Laureata wy\u0142oni\u0142a kapitu\u0142a z\u0142o\u017cona z dziennikarzy \u2013 [&hellip;]<\/p>\n","protected":false},"author":1,"featured_media":0,"comment_status":"closed","ping_status":"closed","sticky":false,"template":"","format":"standard","meta":[],"categories":[6],"tags":[24],"_links":{"self":[{"href":"https:\/\/www.reunion68.se\/index.php?rest_route=\/wp\/v2\/posts\/20378"}],"collection":[{"href":"https:\/\/www.reunion68.se\/index.php?rest_route=\/wp\/v2\/posts"}],"about":[{"href":"https:\/\/www.reunion68.se\/index.php?rest_route=\/wp\/v2\/types\/post"}],"author":[{"embeddable":true,"href":"https:\/\/www.reunion68.se\/index.php?rest_route=\/wp\/v2\/users\/1"}],"replies":[{"embeddable":true,"href":"https:\/\/www.reunion68.se\/index.php?rest_route=%2Fwp%2Fv2%2Fcomments&post=20378"}],"version-history":[{"count":13,"href":"https:\/\/www.reunion68.se\/index.php?rest_route=\/wp\/v2\/posts\/20378\/revisions"}],"predecessor-version":[{"id":20392,"href":"https:\/\/www.reunion68.se\/index.php?rest_route=\/wp\/v2\/posts\/20378\/revisions\/20392"}],"wp:attachment":[{"href":"https:\/\/www.reunion68.se\/index.php?rest_route=%2Fwp%2Fv2%2Fmedia&parent=20378"}],"wp:term":[{"taxonomy":"category","embeddable":true,"href":"https:\/\/www.reunion68.se\/index.php?rest_route=%2Fwp%2Fv2%2Fcategories&post=20378"},{"taxonomy":"post_tag","embeddable":true,"href":"https:\/\/www.reunion68.se\/index.php?rest_route=%2Fwp%2Fv2%2Ftags&post=20378"}],"curies":[{"name":"wp","href":"https:\/\/api.w.org\/{rel}","templated":true}]}}