{"id":2066,"date":"2014-06-02T22:00:40","date_gmt":"2014-06-02T20:00:40","guid":{"rendered":"http:\/\/www.reunion68.se\/?p=2066"},"modified":"2014-06-04T06:41:58","modified_gmt":"2014-06-04T04:41:58","slug":"drugie-pokolenie-ela-magenheim-informuje-i-zaprasza","status":"publish","type":"post","link":"https:\/\/www.reunion68.se\/?p=2066","title":{"rendered":"Drugie Pokolenie &#8211; Ela Magenheim informuje i zaprasza."},"content":{"rendered":"<p><a href=\"http:\/\/drugiepokolenie.org.pl\/\"><img decoding=\"async\" class=\"alignright\" src=\"http:\/\/drugiepokolenie.org.pl\/wp-content\/themes\/stowarzyszeniedrugiepokolenie\/img\/top.png\" alt=\"\" width=\"300\" \/><\/a><\/p>\n<p style=\"text-align: left;\"><span style=\"color: #000080;\">Przyslala <strong>El\u017cbieta Magenheim<\/strong> &#8211;<br \/>\nprzewodnicz\u0105ca stowarzyszenia<br \/>\n<span style=\"text-decoration: underline;\"><strong><a href=\"http:\/\/drugiepokolenie.org.pl\/\">Drugie Pokolenie<\/a><\/strong><\/span><\/span><\/p>\n<p><img decoding=\"async\" class=\"alignleft\" src=\"https:\/\/scontent-a-ams.xx.fbcdn.net\/hphotos-ash3\/t1.0-9\/1623575_10203194644933375_229786487_n.jpg\" alt=\"\" width=\"100\" \/><\/p>\n<p><a href=\"http:\/\/www.reunion68.com\/Biuletyn\/img\/piknik.jpg\"><img decoding=\"async\" class=\"aligncenter\" src=\"http:\/\/www.reunion68.com\/Biuletyn\/img\/piknik.jpg\" alt=\"\" width=\"450\" \/><\/a><\/p>\n<hr \/>\n<p><strong><span style=\"color: #000080;\">Drodzy,<\/span><\/strong><br \/>\n<span style=\"color: #000080;\"> po bogatym ko\u0144cu maja, ciut &#8220;lu\u017aniejszy&#8221; pocz\u0105tek czerwca&#8230;..<\/span><\/p>\n<p><span style=\"color: #000080;\">od <strong>2 czerwca<\/strong> \u2013 z inicjatywy Rachel Lei Kesselman dzia\u0142a w Radomsku pierwsze w Europie \u017bydowskie Muzeum Pod Otwartym Niebem &#8220;Yiddele\u2019 Memory&#8221; \u2013 apel o w\u0142\u0105czenie si\u0119 do tego unikatowego projektu w za\u0142\u0105czniku;nades\u0142a\u0142a Bogna, dzi\u0119kujemy!<\/span><\/p>\n<p><span style=\"color: #000080;\"><strong>2 czerwca, poniedzia\u0142ek godz. 18.00 \u017bIH<\/strong>, T\u0142omackie, wr\u0119czenie nagrody im. Marii i \u0141ukasza Hirszowicz\u00f3w dr hab. Jolancie \u017byndul oraz Fundacji Brama Cukermana; laudacje wyg\u0142osz\u0105: prof. Marcin Kula i prof. Pawe\u0142 \u015apiewak; po uroczysto\u015bci lampka wina<\/span><\/p>\n<p><span style=\"color: #000080;\"><strong>3 czerwca wtorek godz. 21.30, Szawuot<\/strong> (upami\u0119tnia nadanie Tory na pustyni po wyzwoleniu z niewoli egipskiej) w Ec Chaim, Al. Jerozolimskie 53, Tikkun do P\u00f3\u0142nocy, studiowanie i wyk\u0142ady poprowadz\u0105 m.in. Bella Szwarcman Czarnota, Stanis\u0142aw Krajewski, Monika Krajewska, Piotr Pazi\u0144ski, Rabin Stas Wojciechowicz o. Marek Nowak.<\/span><\/p>\n<p><span style=\"color: #000080;\"><strong>3 czerwca wtorek godz. 23.30, Szawuot<\/strong> w Synagodze im. No\u017cyk\u00f3w, ca\u0142onocne studiowanie Tory<\/span><\/p>\n<p><span style=\"color: #000080;\"><strong>4 czerwca, \u015broda, godz. 16.30<\/strong> Bia\u0142y Budynek, ul. Twarda, piknik z okazji \u015bwi\u0119ta Szawuot, wi\u0119cej w za\u0142\u0105czniku<\/span><\/p>\n<p><span style=\"color: #000080;\"><strong>5 czerwca, czwartek godz. 18.00 ZIH<\/strong>, promocja ksi\u0105\u017cki Szymona Datnera \u201eWalka i zag\u0142ada bia\u0142ostockiego ghetta\u201d dr Ewa Ko\u017ami\u0144ska-Frejlak, dr Ewa Rogalewska, Katrin Stoll<\/span><\/p>\n<p><span style=\"color: #000080;\"><strong>5 czerwca, czwartek godz. 18.00 Klub Laudera, \u0141\u00f3d\u017a,<\/strong> Narutowicza 24, tel. 501 271 721, , spotkanie z okazji \u015bwi\u0119ta Szawuot \u201e Dlaczego Tora nadana zosta\u0142a na pustyni?&#8221;, wi\u0119cej w za\u0142\u0105czniku<\/span><\/p>\n<p><span style=\"color: #000080;\"><strong>8 czerwca niedziela o godz. 11.00 Centrum Kultury Jidysz<\/strong>, ul. Andersa, Bella Szwarcman-Czarnota &#8211; spotkanie z literatur\u0105 jidysz; &#8220;G\u0142\u00f3d i poezja&#8221; po\u015bwi\u0119cone poetom: Izraelowi Szternowi, Icchakowi Kacenelsonowi i Herszele Danilewiczowi, kt\u00f3rzy dzia\u0142ali w mi\u0119dzywojniu i w getcie warszawskim.<\/span><\/p>\n<p><span style=\"color: #000080;\"><strong>8 czerwca niedziela, godz. 16.00 MHZP<\/strong> oprowadzanie kuratorskie po wystawie Warszawa, Warsze<\/span><\/p>\n<p><span style=\"color: #000080;\"><strong>9 czerwca poniedzia\u0142ek godz. 18.00 MHZP<\/strong> Toeplitzowie &#8211; z Cyklu rozm\u00f3w o warszawskich rodach; wi\u0119cej http:\/\/www.jewishmuseum.org.pl\/pl\/wydarzenie\/rody-warszawskie-toeplitzowie?d=0<\/span><\/p>\n<p><span style=\"color: #000080;\"><strong>12 czerwca godz. (Za pi\u0119\u0107) 12.00 JCC Warszawa<\/strong>, Chmielna 9A, Z kwiat\u00f3w mo\u017cna wszystko!, warsztat florystyczny poprowadzi Aleksandra Laskowska; zapraszam bardzo, bardzo!<\/span><\/p>\n<p><strong><span style=\"color: #000080;\">Inne<br \/>\n<\/span><\/strong><br \/>\n<span style=\"color: #000080;\"><strong> 8 czerwca niedziela godz. 12.00<\/strong> Walne Zebranie warszawskiego Oddzia\u0142u TSKZ.<\/span><\/p>\n<p><span style=\"color: #000080;\"><strong>8 czerwca niedziela, godz. 15.00<\/strong> warszawska Gmina \u017bydowska zaprasza cz\u0142onk\u00f3w (z legitymacjami) na spotkanie &#8220;Nasza spo\u0142eczno\u015b\u0107 wczoraj, dzi\u015b jutro&#8221; z cyklu &#8220;Porozmawiajmy o Gminie&#8221;<\/span><\/p>\n<p><span style=\"color: #000080;\">U nas<\/span><br \/>\n<span style=\"color: #000080;\"><strong> 14 czerwca sobota od godz. 17.00<\/strong> (nie 7.06.) spotykamy si\u0119 przy grillu, w domku fi\u0144skim 5a\/3 przy ul. Jazd\u00f3w w Warszawie. Na ten wiecz\u00f3r domek po\u017cyczamy od \u017bydowskiej Og\u00f3lnopolskiej Organizacji M\u0142odzie\u017cowej (dzi\u0119kujemy!). Spotykamy si\u0119 na po\u017cegnaln\u0105 imprez\u0119 ust\u0119puj\u0105cego Zarz\u0105du Stowarzyszenia Drugie Pokolenie. B\u0119dzie to okazja do rozm\u00f3w m. in. o przysz\u0142o\u015bci Stowarzyszenia.<\/span><br \/>\n<span style=\"color: #000080;\"> Przyjd\u017amy licznie i koniecznie &#8211; cz\u0142onkowie stowarzyszenia, z rodzinami, przyjaci\u00f3\u0142mi i sympatykami.<\/span><br \/>\n<span style=\"color: #000080;\"> Stowarzyszenie funduje jad\u0142o i napitki w ilo\u015bciach rozs\u0105dnych, ale prosimy o przynoszenie tego, co lubicie.<\/span><\/p>\n<p><span style=\"color: #000080;\"><strong>15 czerwca, niedziela, godz. 12.00<\/strong> Walne Zebranie sprawozdawczo-wyborcze, na kt\u00f3rym wybiera\u0107 b\u0119dziemy m. in. nowe w\u0142adze!<\/span><\/p>\n<p><span style=\"color: #000080;\"><strong>28.06. sobota godz. 11.00 Muzeum Narodowe w Warszawie<\/strong>, zwiedzanie wystawy obraz\u00f3w Aleksandra Gierymskiego; przewodnika funduje Stowarzyszenie, bilety 20\/15z\u0142, wyj\u015bcie kulturalne, jak zwykle dzi\u0119ki Ewie \u0141uczy\u0144skiej!<\/span><\/p>\n<p><span style=\"color: #000080;\">Pozdrawiam ciep\u0142o cho\u0107 zimno<\/span><br \/>\n<strong><span style=\"color: #000080;\"> Ela Magenheim<\/span><\/strong><\/p>\n<table align=\"center\">\n<tbody>\n<tr>\n<td align=\"left\"><a href=\"http:\/\/www.reunion68.com\/Biuletyn\/img\/1-projekt.jpg\"><img decoding=\"async\" src=\"http:\/\/www.reunion68.com\/Biuletyn\/img\/1-projekt.jpg\" alt=\"\" width=\"300\" \/><img decoding=\"async\" src=\"http:\/\/www.reunion68.com\/Biuletyn\/ico\/szklo-s.png\" alt=\"\" width=\"35\" \/><\/a><\/td>\n<td align=\"right\"><a href=\"http:\/\/www.reunion68.com\/Biuletyn\/img\/2-projekt.jpg\"><img decoding=\"async\" src=\"http:\/\/www.reunion68.com\/Biuletyn\/img\/2-projekt.jpg\" alt=\"\" width=\"300\" \/><img decoding=\"async\" src=\"http:\/\/www.reunion68.com\/Biuletyn\/ico\/szklo-s.png\" alt=\"\" width=\"35\" \/><\/a><\/td>\n<\/tr>\n<\/tbody>\n<\/table>\n","protected":false},"excerpt":{"rendered":"<p>Przyslala El\u017cbieta Magenheim &#8211; przewodnicz\u0105ca stowarzyszenia Drugie Pokolenie Drodzy, po bogatym ko\u0144cu maja, ciut &#8220;lu\u017aniejszy&#8221; pocz\u0105tek czerwca&#8230;.. od 2 czerwca \u2013 z inicjatywy Rachel Lei Kesselman dzia\u0142a w Radomsku pierwsze w Europie \u017bydowskie Muzeum Pod Otwartym Niebem &#8220;Yiddele\u2019 Memory&#8221; \u2013 apel o w\u0142\u0105czenie si\u0119 do tego unikatowego projektu w za\u0142\u0105czniku;nades\u0142a\u0142a Bogna, dzi\u0119kujemy! 2 czerwca, poniedzia\u0142ek [&hellip;]<\/p>\n","protected":false},"author":1,"featured_media":0,"comment_status":"closed","ping_status":"closed","sticky":false,"template":"","format":"standard","meta":[],"categories":[4],"tags":[24],"_links":{"self":[{"href":"https:\/\/www.reunion68.se\/index.php?rest_route=\/wp\/v2\/posts\/2066"}],"collection":[{"href":"https:\/\/www.reunion68.se\/index.php?rest_route=\/wp\/v2\/posts"}],"about":[{"href":"https:\/\/www.reunion68.se\/index.php?rest_route=\/wp\/v2\/types\/post"}],"author":[{"embeddable":true,"href":"https:\/\/www.reunion68.se\/index.php?rest_route=\/wp\/v2\/users\/1"}],"replies":[{"embeddable":true,"href":"https:\/\/www.reunion68.se\/index.php?rest_route=%2Fwp%2Fv2%2Fcomments&post=2066"}],"version-history":[{"count":36,"href":"https:\/\/www.reunion68.se\/index.php?rest_route=\/wp\/v2\/posts\/2066\/revisions"}],"predecessor-version":[{"id":2245,"href":"https:\/\/www.reunion68.se\/index.php?rest_route=\/wp\/v2\/posts\/2066\/revisions\/2245"}],"wp:attachment":[{"href":"https:\/\/www.reunion68.se\/index.php?rest_route=%2Fwp%2Fv2%2Fmedia&parent=2066"}],"wp:term":[{"taxonomy":"category","embeddable":true,"href":"https:\/\/www.reunion68.se\/index.php?rest_route=%2Fwp%2Fv2%2Fcategories&post=2066"},{"taxonomy":"post_tag","embeddable":true,"href":"https:\/\/www.reunion68.se\/index.php?rest_route=%2Fwp%2Fv2%2Ftags&post=2066"}],"curies":[{"name":"wp","href":"https:\/\/api.w.org\/{rel}","templated":true}]}}