{"id":20662,"date":"2015-05-26T18:05:29","date_gmt":"2015-05-26T16:05:29","guid":{"rendered":"http:\/\/www.reunion68.se\/?p=20662"},"modified":"2015-05-25T17:56:49","modified_gmt":"2015-05-25T15:56:49","slug":"20662","status":"publish","type":"post","link":"https:\/\/www.reunion68.se\/?p=20662","title":{"rendered":"POLIN, MUZEUM HISTORII \u017bYD\u00d3W POLSKICH"},"content":{"rendered":"<h5 style=\"text-align: center;\"><a href=\"http:\/\/culture.pl\/\" target=\"_blank\"><img decoding=\"async\" class=\"center alignleft\" src=\"http:\/\/www.reunion68.com\/Biuletyn\/img\/culture.png\" alt=\"\" \/><\/a><span style=\"text-decoration: underline; color: #000080;\"><span style=\"text-decoration: underline;\"><strong><a style=\"color: #000080; text-decoration: underline;\" href=\"http:\/\/culture.pl\/pl\/culturepl-prezentuje-polin-muzeum-historii-zydow-polskich\" target=\"_blank\">CULTURE.PL PREZENTUJE: POLIN, MUZEUM HISTORII \u017bYD\u00d3W POLSKICH<\/a><\/strong><\/span><\/span><\/h5>\n<hr style=\"height: 15px; background: #d0e6fa; width: 710px;\" \/>\n<p><img decoding=\"async\" class=\" aligncenter\" src=\"http:\/\/culture.pl\/sites\/default\/files\/users\/sylwia.wyslowska\/mhzp_1200_flesz.jpg\" alt=\"\" width=\"710\" \/><\/p>\n<p style=\"text-align: right;\">Sylwia Wyslowska<\/p>\n<p>&nbsp;<\/p>\n<p style=\"text-align: left;\"><span style=\"color: #000080;\">Muzeum Historii \u017byd\u00f3w Polskich w nowoczesnej, multimedialnej formie ma opowiedzie\u0107 tysi\u0105c lat historii \u017byd\u00f3w na polskich ziemiach. Powsta\u0142e na obszarze dawnego getta &#8211; w miejscu najwi\u0119kszej tragedii europejskich \u017byd\u00f3w &#8211; Muzeum ma, w odr\u00f3\u017cnieniu od innych instytucji po\u015bwi\u0119conych \u017cydowskiej historii, pokaza\u0107 jak \u017bydzi tu \u017cyli. Ma u\u015bwiadomi\u0107 Polakom i go\u015bciom z zagranicy, \u017ce ich historia nierozerwalnie wi\u0105\u017ce si\u0119 z histori\u0105 Polski, by\u0107 podr\u00f3\u017c\u0105 do niezwyk\u0142ego \u015bwiata, kt\u00f3ry wbrew pozorom nie nale\u017cy wcale do przesz\u0142o\u015bci. Po ponad 20 latach przygotowa\u0144 Muzeum Polin oficjalnie otwarto 28 pa\u017adziernika 2014.<\/span>\n<\/p>\n<div id=\"content\" class=\"  content-alignment&lt;br \/&gt;&lt;br \/&gt; \">\n<div id=\"watch-description\" class=\"yt-uix-button-panel\">\n<div id=\"watch-description-text\"><center><iframe loading=\"lazy\" id=\"gazetaVideoPlayerEmbed\" src=\"http:\/\/player.vimeo.com\/video\/109913073?byline=0&amp;portrait=0&amp;color=ffffff?embed=0&amp;autoplay=0\" width=\"680\" height=\"400\" frameborder=\"0\" scrolling=\"no\" allowfullscreen=\"allowfullscreen\"><\/iframe><\/center><\/div>\n<\/div>\n<\/div>\n<p>&nbsp;<\/p>\n<p style=\"text-align: right;\"><span style=\"color: #000080;\">Czytaj dalej tu: <span style=\"text-decoration: underline;\"><strong><a style=\"color: #000080; text-decoration: underline;\" href=\"http:\/\/culture.pl\/pl\/culturepl-prezentuje-polin-muzeum-historii-zydow-polskich\" target=\"_blank\">CULTURE.PL PREZENTUJE: POLIN&#8230;<\/a><\/strong><\/span><\/span><\/p>\n<hr style=\"height: 15px; background: #d0e6fa; width: 710px;\" \/>\n<div id=\"content\" class=\"  content-alignment&lt;br \/&gt;&lt;br \/&gt; \">\n<div id=\"watch-description\" class=\"yt-uix-button-panel\">\n<div id=\"watch-description-text\">\n<p style=\"text-align: center;\"><span style=\"color: #808080;\"> twoje uwagi, linki, wlasne artykuly, lub wiadomosci przeslij do: <strong><span style=\"text-decoration: underline;\"><span style=\"color: #808080; text-decoration: underline;\"><a href=\"mailto:webmaster@reunion68.com\">webmaster@reunion68.com<\/a><\/span><\/span><\/strong><\/span><\/p>\n<\/div>\n<\/div>\n<\/div>\n<p>&nbsp;<\/p>\n<hr style=\"width: 710px;\" \/>\n","protected":false},"excerpt":{"rendered":"<p>CULTURE.PL PREZENTUJE: POLIN, MUZEUM HISTORII \u017bYD\u00d3W POLSKICH Sylwia Wyslowska &nbsp; Muzeum Historii \u017byd\u00f3w Polskich w nowoczesnej, multimedialnej formie ma opowiedzie\u0107 tysi\u0105c lat historii \u017byd\u00f3w na polskich ziemiach. Powsta\u0142e na obszarze dawnego getta &#8211; w miejscu najwi\u0119kszej tragedii europejskich \u017byd\u00f3w &#8211; Muzeum ma, w odr\u00f3\u017cnieniu od innych instytucji po\u015bwi\u0119conych \u017cydowskiej historii, pokaza\u0107 jak \u017bydzi tu \u017cyli. [&hellip;]<\/p>\n","protected":false},"author":1,"featured_media":0,"comment_status":"closed","ping_status":"closed","sticky":false,"template":"","format":"standard","meta":[],"categories":[6],"tags":[24],"_links":{"self":[{"href":"https:\/\/www.reunion68.se\/index.php?rest_route=\/wp\/v2\/posts\/20662"}],"collection":[{"href":"https:\/\/www.reunion68.se\/index.php?rest_route=\/wp\/v2\/posts"}],"about":[{"href":"https:\/\/www.reunion68.se\/index.php?rest_route=\/wp\/v2\/types\/post"}],"author":[{"embeddable":true,"href":"https:\/\/www.reunion68.se\/index.php?rest_route=\/wp\/v2\/users\/1"}],"replies":[{"embeddable":true,"href":"https:\/\/www.reunion68.se\/index.php?rest_route=%2Fwp%2Fv2%2Fcomments&post=20662"}],"version-history":[{"count":14,"href":"https:\/\/www.reunion68.se\/index.php?rest_route=\/wp\/v2\/posts\/20662\/revisions"}],"predecessor-version":[{"id":20664,"href":"https:\/\/www.reunion68.se\/index.php?rest_route=\/wp\/v2\/posts\/20662\/revisions\/20664"}],"wp:attachment":[{"href":"https:\/\/www.reunion68.se\/index.php?rest_route=%2Fwp%2Fv2%2Fmedia&parent=20662"}],"wp:term":[{"taxonomy":"category","embeddable":true,"href":"https:\/\/www.reunion68.se\/index.php?rest_route=%2Fwp%2Fv2%2Fcategories&post=20662"},{"taxonomy":"post_tag","embeddable":true,"href":"https:\/\/www.reunion68.se\/index.php?rest_route=%2Fwp%2Fv2%2Ftags&post=20662"}],"curies":[{"name":"wp","href":"https:\/\/api.w.org\/{rel}","templated":true}]}}