{"id":20825,"date":"2015-05-25T18:09:14","date_gmt":"2015-05-25T16:09:14","guid":{"rendered":"http:\/\/www.reunion68.se\/?p=20825"},"modified":"2015-05-25T17:52:57","modified_gmt":"2015-05-25T15:52:57","slug":"natasza-zylska","status":"publish","type":"post","link":"https:\/\/www.reunion68.se\/?p=20825","title":{"rendered":"Natasza Zylska"},"content":{"rendered":"<h5 style=\"text-align: center;\"><a href=\"http:\/\/pl.wikipedia.org\/\" target=\"_blank\"><img decoding=\"async\" class=\"center alignleft\" src=\"http:\/\/www.reunion68.com\/Biuletyn\/img\/wiki.png\" alt=\"\" \/><\/a><span style=\"text-decoration: underline;\"><strong><a style=\"color: #000080; text-decoration: underline;\" href=\"http:\/\/pl.wikipedia.org\/wiki\/Natasza_Zylska\" target=\"_blank\">Natasza Zylska<\/a><\/strong><\/span><\/h5>\n<hr style=\"height: 15px; background: #d0e6fa; width: 710px;\" \/>\n<div id=\"content\" class=\"  content-alignment&lt;br \/&gt;&lt;br \/&gt; \">\n<div id=\"watch-description\" class=\"yt-uix-button-panel\">\n<div id=\"watch-description-text\">\n<p style=\"text-align: left;\"><strong>Natasza Zylska<\/strong> (w\u0142a\u015bciwie <strong>Natasza Zygelman<\/strong>, ur. 13 grudnia 1933 w Wilnie, zm. 29 marca 1995 w Tel Awiwie) \u2014 polska piosenkarka \u017cydowskiego pochodzenia<\/p>\n<\/div>\n<\/div>\n<\/div>\n<p>&nbsp;<\/p>\n<p><strong>\u017byciorys<\/strong><\/p>\n<hr \/>\n<p style=\"text-align: left;\">Natasza Zylska \u2013 Wikipedia, wolna encyklopedia<script src=\"\/\/pl.wikipedia.org\/w\/load.php?debug=false&amp;lang=pl&amp;modules=startup&amp;only=scripts&amp;skin=vector&amp;*\"><\/script><script src=\"\/\/pl.wikipedia.org\/w\/load.php?debug=false&amp;lang=pl&amp;modules=jquery%2Cmediawiki&amp;only=scripts&amp;skin=vector&amp;version=20150520T205847Z\"><\/script><script>\/\/ <![CDATA[\nif(window.mw){ mw.config.set({\"wgCanonicalNamespace\":\"\",\"wgCanonicalSpecialPageName\":false,\"wgNamespaceNumber\":0,\"wgPageName\":\"Natasza_Zylska\",\"wgTitle\":\"Natasza Zylska\",\"wgCurRevisionId\":42267758,\"wgRevisionId\":42267758,\"wgArticleId\":778501,\"wgIsArticle\":true,\"wgIsRedirect\":false,\"wgAction\":\"view\",\"wgUserName\":null,\"wgUserGroups\":[\"*\"],\"wgCategories\":[\"Brak grafiki za\u0142adowanej lokalnie lub w serwisie Wikidata\",\"Polskie wokalistki popowe\",\"Polscy \u017bydzi\",\"Urodzeni w 1933\",\"Zmarli w 1995\"],\"wgBreakFrames\":false,\"wgPageContentLanguage\":\"pl\",\"wgPageContentModel\":\"wikitext\",\"wgSeparatorTransformTable\":[\",\\t.\",\"\u00a0\\t,\"],\"wgDigitTransformTable\":[\"\",\"\"],\"wgDefaultDateFormat\":\"dmy\",\"wgMonthNames\":[\"\",\"stycze\u0144\",\"luty\",\"marzec\",\"kwiecie\u0144\",\"maj\",\"czerwiec\",\"lipiec\",\"sierpie\u0144\",\"wrzesie\u0144\",\"pa\u017adziernik\",\"listopad\",\"grudzie\u0144\"],\"wgMonthNamesShort\":[\"\",\"sty\",\"lut\",\"mar\",\"kwi\",\"maj\",\"cze\",\"lip\",\"sie\",\"wrz\",\"pa\u017a\",\"lis\",\"gru\"],\"wgRelevantPageName\":\"Natasza_Zylska\",\"wgRelevantArticleId\":778501,\"wgIsProbablyEditable\":true,\"wgRestrictionEdit\":[],\"wgRestrictionMove\":[],\"wgWikiEditorEnabledModules\":{\"toolbar\":true,\"dialogs\":true,\"hidesig\":true,\"preview\":false,\"publish\":false},\"wgMediaViewerOnClick\":true,\"wgMediaViewerEnabledByDefault\":true,\"wgVisualEditor\":{\"pageLanguageCode\":\"pl\",\"pageLanguageDir\":\"ltr\",\"usePageImages\":true,\"usePageDescriptions\":true},\"wgPoweredByHHVM\":true,\"wgULSAcceptLanguageList\":[\"pl-pl\",\"pl\",\"en-us\",\"en\"],\"wgULSCurrentAutonym\":\"polski\",\"wgBetaFeaturesFeatures\":[],\"wgFlaggedRevsParams\":{\"tags\":{\"accuracy\":{\"levels\":1,\"quality\":2,\"pristine\":4}}},\"wgStableRevisionId\":42267758,\"wgCategoryTreePageCategoryOptions\":\"{\\\"mode\\\":0,\\\"hideprefix\\\":20,\\\"showcount\\\":true,\\\"namespaces\\\":false}\",\"wgNoticeProject\":\"wikipedia\",\"wgWikibaseItemId\":\"Q6968526\"}); }\n\/\/ ]]><\/script><script>\/\/ <![CDATA[\nif(window.mw){ mw.loader.implement(\"user.options\",function($,jQuery){mw.user.options.set({\"variant\":\"pl\"});}); \/* cache key: plwiki:resourceloader:filter:minify-js:7:6a839bb4b8a45864f8ca9841f1ac8e8f *\/ }\n\/\/ ]]><\/script><script>\/\/ <![CDATA[\nif(window.mw){ mw.loader.implement(\"user.tokens\",function($,jQuery){mw.user.tokens.set({\"editToken\":\"+\\\\\",\"patrolToken\":\"+\\\\\",\"watchToken\":\"+\\\\\"});}); }\n\/\/ ]]><\/script><script>\/\/ <![CDATA[\nif(window.mw){ mw.loader.load([\"mediawiki.page.startup\",\"mediawiki.legacy.wikibits\",\"mediawiki.legacy.ajax\",\"ext.centralauth.centralautologin\",\"mmv.head\",\"ext.imageMetrics.head\",\"ext.visualEditor.viewPageTarget.init\",\"ext.uls.init\",\"ext.uls.interface\",\"ext.gadget.main-page\",\"ext.centralNotice.bannerController\",\"skins.vector.js\"]); }\n\/\/ ]]><\/script><script src=\"\/\/pl.wikipedia.org\/w\/load.php?debug=false&amp;lang=pl&amp;modules=ext.gadget.main-page%7Cext.uls.interface%7Cext.visualEditor.viewPageTarget.init%7Cjquery.accessKeyLabel%2Ctipsy%7Cmediawiki.language%7Cmmv.base%2Chead&amp;skin=vector&amp;version=20150525T041638Z&amp;*\"><\/script><!-- [if lt IE 7]>\n\n\n<style type=\"text\/css\">body{behavior:url(\"\/w\/static\/1.26wmf6\/skins\/Vector\/csshover.min.htc\")}<\/style>\n\n\n\n<![endif]--><script src=\"\/\/en.wikipedia.org\/w\/index.php?title=MediaWiki:Wdsearch.js&amp;action=raw&amp;ctype=text\/javascript\" type=\"text\/javascript\"><\/script><\/p>\n<div id=\"content\" class=\"mw-body\">\n<div id=\"bodyContent\" class=\"mw-body-content\">\n<div id=\"mw-content-text\" class=\"mw-content-ltr\" dir=\"ltr\" lang=\"pl\">\n<p style=\"text-align: left;\">Wojn\u0119 prze\u017cy\u0142a w ukryciu. Mieszka\u0142a na G\u00f3rnym \u015al\u0105sku (ojciec by\u0142 dyrektorem banku w Katowicach). Przez rok studiowa\u0142a w Pa\u0144stwowej Wy\u017cszej Szkole Teatralnej w Warszawie, potem uko\u0144czy\u0142a technikum, uzyskuj\u0105c zaw\u00f3d technika g\u00f3rnika. Zadebiutowa\u0142a w 1954 r. w zespole estradowym, dzia\u0142aj\u0105cym przy Wojew\u00f3dzkim Domu Kultury w Katowicach. Wyst\u0119powa\u0142a z orkiestrami tanecznymi <span style=\"text-decoration: underline;\"><strong><a title=\"Jerzy Harald\" href=\"http:\/\/pl.wikipedia.org\/wiki\/Jerzy_Harald\">Jerzego Haralda<\/a><\/strong><\/span>, <span style=\"text-decoration: underline;\"><strong><a title=\"Jan Cajmer\" href=\"http:\/\/pl.wikipedia.org\/wiki\/Jan_Cajmer\">Jana Cajmera<\/a><\/strong><\/span>, <a title=\"Waldemar Kazanecki\" href=\"http:\/\/pl.wikipedia.org\/wiki\/Waldemar_Kazanecki\">Waldemara <span style=\"text-decoration: underline;\"><strong>Kazaneckiego<\/strong><\/span><\/a> i Zygmunta Wicharego. Wyst\u0119powa\u0142a m.in. z <span style=\"text-decoration: underline;\"><strong><a title=\"Janusz Gniatkowski\" href=\"http:\/\/pl.wikipedia.org\/wiki\/Janusz_Gniatkowski\">Januszem Gniatkowskim<\/a><\/strong><\/span>.<\/p>\n<p style=\"text-align: left;\">W <span style=\"text-decoration: underline;\"><strong><a title=\"1963\" href=\"http:\/\/pl.wikipedia.org\/wiki\/1963\">1963<\/a><\/strong><\/span> wyemigrowa\u0142a do <span style=\"text-decoration: underline;\"><strong><a title=\"Izrael\" href=\"http:\/\/pl.wikipedia.org\/wiki\/Izrael\">Izraela<\/a><\/strong><\/span>, gdzie pocz\u0105tkowo wyst\u0119powa\u0142a jako piosenkarka, a po wycofaniu si\u0119 z zawodu w latach siedemdziesi\u0105tych, po\u015bwi\u0119ci\u0142a si\u0119 plastyce.\u00a0By\u0142a jedn\u0105 z najpopularniejszych piosenkarek <span style=\"text-decoration: underline;\"><strong><a title=\"Lata 50. XX wieku\" href=\"http:\/\/pl.wikipedia.org\/wiki\/Lata_50._XX_wieku\">lat 50. XX wieku<\/a><\/strong><\/span> w Polsce.<\/p>\n<\/div>\n<\/div>\n<\/div>\n<p><img decoding=\"async\" class=\"center aligncenter\" src=\"http:\/\/www.reunion68.com\/Biuletyn\/img\/break.png\" alt=\"\" \/><\/p>\n<h5 style=\"text-align: center;\"><a href=\"http:\/\/natemat.pl\/\" target=\"_blank\"><img decoding=\"async\" class=\"center alignleft\" src=\"http:\/\/www.reunion68.com\/Biuletyn\/img\/temat.png\" alt=\"\" \/><\/a><span style=\"text-decoration: underline; color: #000080;\"><strong><a style=\"color: #000080; text-decoration: underline;\" href=\"http:\/\/natemat.pl\/27189,natasza-zylska-kim-byla-najwieksza-gwiazda-polskiej-muzyki-rozrywkowej-lat-50-i-dlaczego-zniknela\" target=\"_blank\">Natasza Zylska \u2013 kim by\u0142a najwi\u0119ksza gwiazda polskiej muzyki rozrywkowej lat 50.?<\/a><\/strong><\/span><\/h5>\n<p style=\"text-align: center;\"><span style=\"color: #333333;\"><strong>Karolina Sulej<\/strong><\/span><\/p>\n<hr style=\"height: 15px; background: #d0e6fa; width: 710px;\" \/>\n<div style=\"width: 705px\" class=\"wp-caption aligncenter\"><img decoding=\"async\" src=\"http:\/\/m.natemat.pl\/71b0d7d238c2febffdfbd40c2c7dab38,640,0,0,0.jpg\" alt=\"\" width=\"695\" \/><p class=\"wp-caption-text\">ok\u0142adka p\u0142yty wydanej przez Polskie Nagrania<\/p><\/div>\n<p>&nbsp;<\/p>\n<p style=\"text-align: left;\"><span style=\"color: #000080;\">Bajo Bongo, Mambo Italiano, Mexicana, Czy pani ta\u0144czy twista, Kasztany. Polska muzyka pop w latach 50. wci\u0105\u017c zachowa\u0142a sw\u00f3j szarm, elegancj\u0119 i humor. Kr\u00f3low\u0105 tej epoki by\u0142a za\u015b Natasza Zylska. Zaw\u00f3d wyuczony \u2013 technik g\u00f3rniczy. Zaw\u00f3d wykonywany \u2013 piosenkarka. Zapominana gwiazda polskiej muzyki rozrywkowej.<\/span><\/p>\n<p style=\"text-align: left;\"><span style=\"color: #000080;\">&#8220;Gdyby muzyka pani Nataszy by\u0142a bardziej popularna, w Polsce by\u0142oby mniej samob\u00f3jstw&#8221; mia\u0142 powiedzie\u0107 kiedy\u015b Marek Stanis\u0142aw Kargul, aktor, piosenkarz i dziennikarz. Naprawd\u0119 nazywa\u0142a si\u0119 Natalia Zygelman. Urodzi\u0142a si\u0119 13 grudnia 1933 roku w Wilnie. By\u0142a &#8220;cudownym dzieckiem&#8221;, od najm\u0142odszych lat utalentowana muzycznie, uwielbia\u0142a wyst\u0119py na scenie. Potem wybuch\u0142a wojna. Ma\u0142a Natasza wyemigrowa\u0142a z rodzin\u0105 do Katowic. Okupacj\u0119 przetrwa\u0142a w ukryciu w jednej z katowickich kamienic. Po wojnie zda\u0142a do technikum g\u00f3rniczego. Praca w zawodzie jednak jej nie interesowa\u0142a \u2013 wola\u0142a z wyst\u0119powa\u0107 z zespo\u0142em rozrykowym zwi\u0105zku zawodowego g\u00f3rnik\u00f3w. Jako piosenkark\u0119 odkry\u0142 j\u0105 Waldemar Kazanecki z katowickiej orkiestry Polskiego Radia \u2013 da\u0142 jej do za\u015bpiewania melodi\u0119 o uroczym tytule &#8220;Piosenka frontowego szofera&#8221;.<\/span><\/p>\n<div id=\"content\" class=\"  content-alignment&lt;br \/&gt;&lt;br \/&gt; \">\n<div id=\"watch-description\" class=\"yt-uix-button-panel\">\n<div id=\"watch-description-text\"><center><\/p>\n<p><iframe loading=\"lazy\" src=\"https:\/\/www.youtube.com\/embed\/5A7xwkG-3fM?feature=player_embedded\" width=\"680\" height=\"400\" frameborder=\"0\" allowfullscreen=\"allowfullscreen\"><\/iframe><\/center><\/p>\n<\/div>\n<\/div>\n<\/div>\n<p>&nbsp;<\/p>\n<p style=\"text-align: right;\"><span style=\"color: #000080;\">Czytaj dalej tu: <span style=\"text-decoration: underline;\"><strong><a style=\"text-decoration: underline; color: #000080;\" href=\"http:\/\/natemat.pl\/27189,natasza-zylska-kim-byla-najwieksza-gwiazda-polskiej-muzyki-rozrywkowej-lat-50-i-dlaczego-zniknela\" target=\"_blank\">Natasza Zylska \u2013 kim by\u0142a&#8230;<\/a><\/strong><\/span><\/span><\/p>\n<hr style=\"height: 15px; background: #d0e6fa; width: 710px;\" \/>\n<div id=\"content\" class=\"  content-alignment&lt;br \/&gt;&lt;br \/&gt; \">\n<div id=\"watch-description\" class=\"yt-uix-button-panel\">\n<div id=\"watch-description-text\">\n<p style=\"text-align: center;\"><span style=\"color: #808080;\"> twoje uwagi, linki, wlasne artykuly, lub wiadomosci przeslij do: <strong><span style=\"text-decoration: underline;\"><span style=\"color: #808080; text-decoration: underline;\"><a href=\"mailto:webmaster@reunion68.com\">webmaster@reunion68.com<\/a><\/span><\/span><\/strong><\/span><\/p>\n<\/div>\n<\/div>\n<\/div>\n<p>&nbsp;<\/p>\n<hr style=\"width: 710px;\" \/>\n","protected":false},"excerpt":{"rendered":"<p>Natasza Zylska Natasza Zylska (w\u0142a\u015bciwie Natasza Zygelman, ur. 13 grudnia 1933 w Wilnie, zm. 29 marca 1995 w Tel Awiwie) \u2014 polska piosenkarka \u017cydowskiego pochodzenia &nbsp; \u017byciorys Natasza Zylska \u2013 Wikipedia, wolna encyklopedia Wojn\u0119 prze\u017cy\u0142a w ukryciu. Mieszka\u0142a na G\u00f3rnym \u015al\u0105sku (ojciec by\u0142 dyrektorem banku w Katowicach). Przez rok studiowa\u0142a w Pa\u0144stwowej Wy\u017cszej Szkole Teatralnej [&hellip;]<\/p>\n","protected":false},"author":1,"featured_media":0,"comment_status":"closed","ping_status":"closed","sticky":false,"template":"","format":"standard","meta":[],"categories":[6],"tags":[24],"_links":{"self":[{"href":"https:\/\/www.reunion68.se\/index.php?rest_route=\/wp\/v2\/posts\/20825"}],"collection":[{"href":"https:\/\/www.reunion68.se\/index.php?rest_route=\/wp\/v2\/posts"}],"about":[{"href":"https:\/\/www.reunion68.se\/index.php?rest_route=\/wp\/v2\/types\/post"}],"author":[{"embeddable":true,"href":"https:\/\/www.reunion68.se\/index.php?rest_route=\/wp\/v2\/users\/1"}],"replies":[{"embeddable":true,"href":"https:\/\/www.reunion68.se\/index.php?rest_route=%2Fwp%2Fv2%2Fcomments&post=20825"}],"version-history":[{"count":35,"href":"https:\/\/www.reunion68.se\/index.php?rest_route=\/wp\/v2\/posts\/20825\/revisions"}],"predecessor-version":[{"id":20855,"href":"https:\/\/www.reunion68.se\/index.php?rest_route=\/wp\/v2\/posts\/20825\/revisions\/20855"}],"wp:attachment":[{"href":"https:\/\/www.reunion68.se\/index.php?rest_route=%2Fwp%2Fv2%2Fmedia&parent=20825"}],"wp:term":[{"taxonomy":"category","embeddable":true,"href":"https:\/\/www.reunion68.se\/index.php?rest_route=%2Fwp%2Fv2%2Fcategories&post=20825"},{"taxonomy":"post_tag","embeddable":true,"href":"https:\/\/www.reunion68.se\/index.php?rest_route=%2Fwp%2Fv2%2Ftags&post=20825"}],"curies":[{"name":"wp","href":"https:\/\/api.w.org\/{rel}","templated":true}]}}