{"id":2145,"date":"2014-06-04T00:00:33","date_gmt":"2014-06-03T22:00:33","guid":{"rendered":"http:\/\/www.reunion68.se\/?p=2145"},"modified":"2014-06-04T07:21:49","modified_gmt":"2014-06-04T05:21:49","slug":"pokazal-oaze-ocalonych-z-holokaustu-to-nadal-temat-tabu","status":"publish","type":"post","link":"https:\/\/www.reunion68.se\/?p=2145","title":{"rendered":"Pokaza\u0142 oaz\u0119 ocalonych z Holokaustu. &#8220;To nadal temat tabu&#8221;"},"content":{"rendered":"<table width=\"100%\">\n<tbody>\n<tr>\n<td><img decoding=\"async\" class=\"alignleft\" src=\"http:\/\/s2.tvn24.cdntvn.pl\/apple-touch-icon-57x57.png\" alt=\"\" \/><\/td>\n<td>\n<h3 style=\"text-align: center;\"><span style=\"color: #000080; text-decoration: underline;\"><strong><a href=\"http:\/\/www.tvn24.pl\/pokazal-oaze-ocalonych-z-holokaustu-to-nadal-temat-tabu%2c435303%2cs.html\">Pokaza\u0142 oaz\u0119 ocalonych z Holokaustu. &#8220;To nadal temat tabu&#8221;<\/a><\/strong><\/span><\/h3>\n<\/td>\n<td style=\"text-align: right; vertical-align: top;\"><span style=\"color: #000080; text-decoration: underline;\"><img decoding=\"async\" class=\"alignright\" src=\"http:\/\/www.interkulturforum.org\/film05\/pics\/Marta.jpg\" alt=\"\" \/><br \/>\n<\/span><span style=\"color: #000080;\">Nadeslala:<br \/>\n<\/span><strong>\u00a0\u00a0\u00a0\u00a0\u00a0\u00a0\u00a0\u00a0\u00a0\u00a0\u00a0\u00a0\u00a0\u00a0 <span style=\"color: #000080;\">Marta Prochwicz<\/span> <\/strong><\/td>\n<\/tr>\n<\/tbody>\n<\/table>\n<p><span style=\"color: #000080;\">Leo Kantor, re\u017cyser i dokumentalista \u017cydowskiego pochodzenia, spotka\u0142 si\u0119 w poniedzia\u0142ek z wroc\u0142awianami po projekcji filmu &#8220;W poszukiwaniu utraconego krajobrazu&#8221;. &#8211; Chc\u0119 pokaza\u0107 to, co pami\u0119tam i opowiedzie\u0107 histori\u0119 swoj\u0105, a tak\u017ce tych 100 tys. dolno\u015bl\u0105skich \u017byd\u00f3w. To nadal temat tabu &#8211; wyja\u015bni\u0142 re\u017cyser. A zachwyceni widzowie m\u00f3wili: &#8211; \u0141za si\u0119 kr\u0119ci w oku. Ju\u017c w zesz\u0142ym roku re\u017cyser zapowiada\u0142, \u017ce to b\u0119dzie trudny film dla &#8220;prawdziwych Polak\u00f3w&#8221;.<\/span><\/p>\n<p><span style=\"color: #000080;\">Trudny, bo tematu dolno\u015bl\u0105skich \u017byd\u00f3w w szerokim kontek\u015bcie nikt jeszcze nie podejmowa\u0142. Autor chce r\u00f3wnie\u017c udowodni\u0107 to, co wiedz\u0105 tylko nieliczni naukowcy, zajmuj\u0105cy si\u0119 t\u0105 tematyk\u0105.<\/span><\/p>\n<p><span style=\"color: #000080;\"><strong>&#8220;M\u00f3wi\u0119 to jako pierwszy, ostro&#8221;<\/strong><\/span><\/p>\n<p><span style=\"color: #000080;\"><img decoding=\"async\" class=\"alignright\" src=\"http:\/\/festiwal2012.dwabrzegi.pl\/wp-content\/uploads\/2012\/07\/tam_gdzie_rosna_porzeczki_1.jpg\" alt=\"\" width=\"300\" \/><\/span><\/p>\n<p><span style=\"color: #000080;\">&#8211; W Polsce z Holokaustu ocala\u0142o 250 tys. \u017byd\u00f3w, z czego ponad 100 tys. osiedli\u0142o si\u0119 w\u0142a\u015bnie na Dolnym \u015al\u0105sku. Ponad 90 tys. w 40 miasteczkach, a 17 tys. w samym Wroc\u0142awiu. Ten film jest w\u0142a\u015bnie o tych miasteczkach i ich mieszka\u0144cach. Wywo\u0142uje ogromne wzruszenie poprzez po\u0142\u0105czenie dolno\u015bl\u0105skiego krajobrazu z faktami dokumentalnymi &#8211; m\u00f3wi Leo Kantor.<\/span><br \/>\n<span style=\"color: #000080;\"> Jak zaznacza, przez lata nikt nie interesowa\u0142 si\u0119 histori\u0105<br \/>\ndolno\u015bl\u0105skich \u017byd\u00f3w.<\/span><\/p>\n<p><span style=\"color: #000080;\">&#8211; M\u00f3wi\u0119 to jako pierwszy i bardzo ostro, \u017ce to by\u0142a najwi\u0119ksza oaza uratowanych z holokaustu w Europie &#8211; dodaje re\u017cyser.<\/span><\/p>\n<p><span style=\"color: #000080;\">Czytaj wiecej <span style=\"text-decoration: underline;\"><strong><a href=\"http:\/\/www.tvn24.pl\/pokazal-oaze-ocalonych-z-holokaustu-to-nadal-temat-tabu%2c435303%2cs.html\" target=\"_blank\"><span style=\"color: #000080; text-decoration: underline;\">TVN24<\/span><\/a><\/strong><\/span><\/span><\/p>\n<hr \/>\n","protected":false},"excerpt":{"rendered":"<p>Pokaza\u0142 oaz\u0119 ocalonych z Holokaustu. &#8220;To nadal temat tabu&#8221; Nadeslala: \u00a0\u00a0\u00a0\u00a0\u00a0\u00a0\u00a0\u00a0\u00a0\u00a0\u00a0\u00a0\u00a0\u00a0 Marta Prochwicz Leo Kantor, re\u017cyser i dokumentalista \u017cydowskiego pochodzenia, spotka\u0142 si\u0119 w poniedzia\u0142ek z wroc\u0142awianami po projekcji filmu &#8220;W poszukiwaniu utraconego krajobrazu&#8221;. &#8211; Chc\u0119 pokaza\u0107 to, co pami\u0119tam i opowiedzie\u0107 histori\u0119 swoj\u0105, a tak\u017ce tych 100 tys. dolno\u015bl\u0105skich \u017byd\u00f3w. To nadal temat tabu &#8211; [&hellip;]<\/p>\n","protected":false},"author":1,"featured_media":0,"comment_status":"closed","ping_status":"closed","sticky":false,"template":"","format":"standard","meta":[],"categories":[5],"tags":[24],"_links":{"self":[{"href":"https:\/\/www.reunion68.se\/index.php?rest_route=\/wp\/v2\/posts\/2145"}],"collection":[{"href":"https:\/\/www.reunion68.se\/index.php?rest_route=\/wp\/v2\/posts"}],"about":[{"href":"https:\/\/www.reunion68.se\/index.php?rest_route=\/wp\/v2\/types\/post"}],"author":[{"embeddable":true,"href":"https:\/\/www.reunion68.se\/index.php?rest_route=\/wp\/v2\/users\/1"}],"replies":[{"embeddable":true,"href":"https:\/\/www.reunion68.se\/index.php?rest_route=%2Fwp%2Fv2%2Fcomments&post=2145"}],"version-history":[{"count":44,"href":"https:\/\/www.reunion68.se\/index.php?rest_route=\/wp\/v2\/posts\/2145\/revisions"}],"predecessor-version":[{"id":2256,"href":"https:\/\/www.reunion68.se\/index.php?rest_route=\/wp\/v2\/posts\/2145\/revisions\/2256"}],"wp:attachment":[{"href":"https:\/\/www.reunion68.se\/index.php?rest_route=%2Fwp%2Fv2%2Fmedia&parent=2145"}],"wp:term":[{"taxonomy":"category","embeddable":true,"href":"https:\/\/www.reunion68.se\/index.php?rest_route=%2Fwp%2Fv2%2Fcategories&post=2145"},{"taxonomy":"post_tag","embeddable":true,"href":"https:\/\/www.reunion68.se\/index.php?rest_route=%2Fwp%2Fv2%2Ftags&post=2145"}],"curies":[{"name":"wp","href":"https:\/\/api.w.org\/{rel}","templated":true}]}}