{"id":21913,"date":"2015-06-18T18:09:37","date_gmt":"2015-06-18T16:09:37","guid":{"rendered":"http:\/\/www.reunion68.se\/?p=21913"},"modified":"2015-06-18T17:50:07","modified_gmt":"2015-06-18T15:50:07","slug":"21913","status":"publish","type":"post","link":"https:\/\/www.reunion68.se\/?p=21913","title":{"rendered":"Kobieta Przedsi\u0119biorcza: Bezprecedensowy Mini-Reunion&#8217;68"},"content":{"rendered":"<h5 style=\"text-align: center;\"><a href=\"http:\/\/www.gs24.pl\/\" target=\"_blank\"><img decoding=\"async\" loading=\"lazy\" class=\"center alignleft\" src=\"http:\/\/www.reunion68.com\/Biuletyn\/img\/kobieta.png\" alt=\"\" width=\"180\" height=\"77\" \/><\/a><span style=\"text-decoration: underline; color: #000080;\"><strong><a style=\"color: #000080; text-decoration: underline;\" href=\"http:\/\/www.gs24.pl\/apps\/pbcs.dll\/article?AID=\/20130228\/KOBIETAPRZEDSIEBIORCZA\/130229560\" target=\"_blank\">Kobieta Przedsi\u0119biorcza: Bezprecedensowy Mini-Reunion &#8217;68<\/a><\/strong><\/span><\/h5>\n<p style=\"text-align: center;\"><span style=\"color: #333333;\"><strong>Marek Rudnicki<\/strong><\/span><\/p>\n<hr style=\"height: 15px; background: #d0e6fa; width: 710px;\" \/>\n<p><img decoding=\"async\" class=\" aligncenter\" title=\"R\u00f3\u017ca Kr\u00f3l\" src=\"http:\/\/www.gs24.pl\/apps\/pbcsi.dll\/bilde?Site=GS&amp;Date=20130228&amp;Category=KOBIETAPRZEDSIEBIORCZA&amp;ArtNo=130229560&amp;Ref=AR&amp;border=0&amp;MaxW=580\" alt=\"R\u00f3\u017ca Kr\u00f3l\" \/><br \/>\n<span style=\"color: #333333;\"><strong>R\u00f3\u017ca Kr\u00f3l, kobieta instytucja, kt\u00f3rej dzia\u0142alno\u015b\u0107 bardziej rozs\u0142awia Szczecin na \u015bwiecie, ni\u017c wszystkie oficjalne inne imprezy.<\/strong><\/span><\/p>\n<p style=\"text-align: left;\"><span style=\"color: #000080;\">Pozornie twarda, w rzeczywisto\u015bci bardzo przyjazna, rzetelna i konsekwentna w dzia\u0142aniu.<\/span><\/p>\n<p style=\"text-align: left;\"><span style=\"color: #000080;\">Zazwyczaj tego nie czynimy, ale tym razem robimy wyj\u0105tek. Jej kandydatur\u0119 do plebiscytu wysun\u0105\u0142 dr Micha\u0142 Paziewski, znany historyk szczeci\u0144ski.<\/span><\/p>\n<p style=\"text-align: left;\"><span style=\"color: #000080;\">&#8211; Proponuj\u0119 kandydatur\u0119 pani R\u00f3\u017cy Kr\u00f3l, wieloletniej przewodnicz\u0105cej Towarzystwa Spo\u0142eczno-Kulturalnego \u017byd\u00f3w w Szczecinie. Przyk\u0142adowo, w ubieg\u0142ym roku zorganizowa\u0142a w naszym grodzie I Festiwal Kultury \u017bydowskiej, kt\u00f3ry by\u0142 sporym wydarzeniem nie tylko artystycznym. Uwa\u017cam, i\u017c by\u0142by to te\u017c pi\u0119kny gest pod adresem bardzo ju\u017c nielicznej spo\u0142eczno\u015bci, kt\u00f3ra swego czasu mia\u0142a w Szczecinie swoj\u0105 dzielnic\u0119 Niebuszewo, a pod koniec lat 40-tych liczy\u0142a ponad 30 tysi\u0119cy szczecinian.<\/span><\/p>\n<p style=\"text-align: left;\"><span style=\"color: #000080;\">To ona jest organizatorem wielu imprez, znanych i dyskutowanych nie tylko w Polsce. W tym roku odb\u0119dzie si\u0119 te\u017c z jej inicjatywy festiwal kultury \u017cydowskiej. Prawdopodobnie za najwa\u017cniejsze uwa\u017ca jednak zorganizowanie trzech edycji niezwyk\u0142ego spotkania po latach \u017byd\u00f3w w Szczecinie, zlotu Mini-Reunion &#8217;68. Pierwszy w Szczecinie i pierwszy taki w Polsce odby\u0142 si\u0119 w 2003 r. Przyjecha\u0142o na\u0144 160 os\u00f3b z ca\u0142ego \u015bwiata, kt\u00f3re po raz pierwszy od 1968 r. zdecydowa\u0142y si\u0119 odwiedzi\u0107 Polsk\u0119.<\/span><\/p>\n<p style=\"text-align: left;\"><span style=\"color: #000080;\">&#8211; Dzi\u0119ki szczeci\u0144skim dzia\u0142aczom TSK\u017b dosz\u0142o do bezprecedensowego wydarzenia w powojennej historii spo\u0142eczno\u015bci \u017cydowskiej w Polsce &#8211; pisa\u0142 o spotkaniach &#8220;Mini Reunion 68&#8221; prof. dr hab. Janusz Mieczkowski.<\/span><\/p>\n<p style=\"text-align: left;\"><span style=\"color: #000080;\">&#8211; By\u0142o to szalenie wzruszaj\u0105ce, gdy\u017c nie wiedzieli\u015bmy, ile tak naprawd\u0119 odpowie na nasze zaproszeni. P\u00f3\u017aniej poszli\u015bmy za ciosem i powt\u00f3rzyli\u015bmy ten projekt w 2007 r. I to by\u0142 najwi\u0119kszy sukces, bo zjecha\u0142o do Szczecina ju\u017c 300 os\u00f3b. W\u00f3wczas rozszerzyli\u015bmy formu\u0142\u0119 o emigrant\u00f3w z lat 50., roku 1957 oraz 1968.<\/span><\/p>\n<p style=\"text-align: left;\"><span style=\"color: #000080;\">Trzeci zjazd odby\u0142 si\u0119 dwa lata temu, ale tym razem pojawi\u0142o si\u0119 mniej uczestnik\u00f3w.<\/span><\/p>\n<p style=\"text-align: left;\"><span style=\"color: #000080;\">Z Towarzystwem Spo\u0142eczno-Kulturalnym \u017byd\u00f3w w Szczecinie zwi\u0105zana jest od 11 lat.<\/span><\/p>\n<p style=\"text-align: left;\"><span style=\"color: #000080;\">&#8211; Dosta\u0142am prac\u0119 jesieni\u0105 1982 roku dzi\u0119ki pani Haliny Szyma\u0144skiej, kt\u00f3ra pe\u0142ni\u0142a w\u00f3wczas funkcj\u0119 sekretarza TSK\u017b. To by\u0142 dla ca\u0142ej Polski specyficzny, trudny okres z butelkami octu na p\u00f3\u0142kach i niczym wi\u0119cej.<\/span><\/p>\n<p style=\"text-align: left;\"><span style=\"color: #000080;\">Takich trudnych okres\u00f3w prze\u017cy\u0142a wiele. W tym ten najgorszy, gdy w 1968 roku w \u00f3wczesnym &#8220;G\u0142osie Szczeci\u0144skim&#8221;, organie KW PZPR, ukaza\u0142y si\u0119 artyku\u0142y m\u00f3wi\u0105ce o tym, \u017ce TSK\u017b pot\u0119pia\u0142 Izrael.<\/span><\/p>\n<p style=\"text-align: left;\"><span style=\"color: #000080;\">&#8211; R\u00f3wnie\u017c od nas dw\u00f3ch mocno partyjnych te\u017c napisa\u0142o takie wiernopodda\u0144cze ho\u0142dy.<\/span><br \/>\n<span style=\"color: #000080;\"> W\u00f3wczas wyst\u0105pi\u0142a z TSK\u017b na znak protestu. Dopiero we wspomnianym 1982 r. powr\u00f3ci\u0142a i zosta\u0142a do dzi\u015b. Uda\u0142o jej si\u0119 zorganizowa\u0107 wiele g\u0142o\u015bnych imprez. Dzi\u0119ki niej wyst\u0105pi\u0142a tu S\u0142awa Przybylska oraz wielu innych znanych aktor\u00f3w. Towarzystwo podj\u0119\u0142o wsp\u00f3\u0142prac\u0119 z r\u00f3\u017cnymi instytucjami kultury, w tym z Uniwersytetem Szczeci\u0144skim, Ksi\u0105\u017cnic\u0105 Pomorsk\u0105 i Zamkiem Ksi\u0105\u017c\u0105t Pomorskich. Kilkukrotnie organizowali z Ambasad\u0105 Izraelsk\u0105 uroczysto\u015bci nadania medali Sprawiedliwym W\u015br\u00f3d Narod\u00f3w \u015awiata,a tak\u017ce z ich inicjatywy IPN zorganizowa\u0142 wystaw\u0119 o Sprawiedliwych w Zachodniopomorskim.<\/span><\/p>\n<p style=\"text-align: left;\"><span style=\"color: #000080;\">Siedziba Towarzystwa mie\u015bci si\u0119 na Niebuszewie. Tu te\u017c, w tej dzielnicy mieszka\u0142a pani R\u00f3\u017c\u0105 Kr\u00f3l do roku 1968.<\/span><\/p>\n<p style=\"text-align: left;\"><span style=\"color: #000080;\">&#8211; Do dzisiaj dobrze wspominam ten okres. Nigdy nie spotka\u0142o mnie tam nic z\u0142ego<\/span><\/p>\n<hr style=\"height: 15px; background: #d0e6fa; width: 710px;\" \/>\n<div id=\"content\" class=\"  content-alignment&lt;br \/&gt;&lt;br \/&gt; \">\n<div id=\"watch-description\" class=\"yt-uix-button-panel\">\n<div id=\"watch-description-text\">\n<p style=\"text-align: center;\"><span style=\"color: #808080;\"> twoje uwagi, linki, wlasne artykuly, lub wiadomosci przeslij do: <strong><span style=\"text-decoration: underline;\"><span style=\"color: #808080; text-decoration: underline;\"><a href=\"mailto:webmaster@reunion68.com\">webmaster@reunion68.com<\/a><\/span><\/span><\/strong><\/span><\/p>\n<\/div>\n<\/div>\n<\/div>\n<p>&nbsp;<\/p>\n<hr style=\"width: 710px;\" \/>\n","protected":false},"excerpt":{"rendered":"<p>Kobieta Przedsi\u0119biorcza: Bezprecedensowy Mini-Reunion &#8217;68 Marek Rudnicki R\u00f3\u017ca Kr\u00f3l, kobieta instytucja, kt\u00f3rej dzia\u0142alno\u015b\u0107 bardziej rozs\u0142awia Szczecin na \u015bwiecie, ni\u017c wszystkie oficjalne inne imprezy. Pozornie twarda, w rzeczywisto\u015bci bardzo przyjazna, rzetelna i konsekwentna w dzia\u0142aniu. Zazwyczaj tego nie czynimy, ale tym razem robimy wyj\u0105tek. Jej kandydatur\u0119 do plebiscytu wysun\u0105\u0142 dr Micha\u0142 Paziewski, znany historyk szczeci\u0144ski. &#8211; [&hellip;]<\/p>\n","protected":false},"author":1,"featured_media":0,"comment_status":"closed","ping_status":"closed","sticky":false,"template":"","format":"standard","meta":[],"categories":[6],"tags":[26,24],"_links":{"self":[{"href":"https:\/\/www.reunion68.se\/index.php?rest_route=\/wp\/v2\/posts\/21913"}],"collection":[{"href":"https:\/\/www.reunion68.se\/index.php?rest_route=\/wp\/v2\/posts"}],"about":[{"href":"https:\/\/www.reunion68.se\/index.php?rest_route=\/wp\/v2\/types\/post"}],"author":[{"embeddable":true,"href":"https:\/\/www.reunion68.se\/index.php?rest_route=\/wp\/v2\/users\/1"}],"replies":[{"embeddable":true,"href":"https:\/\/www.reunion68.se\/index.php?rest_route=%2Fwp%2Fv2%2Fcomments&post=21913"}],"version-history":[{"count":14,"href":"https:\/\/www.reunion68.se\/index.php?rest_route=\/wp\/v2\/posts\/21913\/revisions"}],"predecessor-version":[{"id":21917,"href":"https:\/\/www.reunion68.se\/index.php?rest_route=\/wp\/v2\/posts\/21913\/revisions\/21917"}],"wp:attachment":[{"href":"https:\/\/www.reunion68.se\/index.php?rest_route=%2Fwp%2Fv2%2Fmedia&parent=21913"}],"wp:term":[{"taxonomy":"category","embeddable":true,"href":"https:\/\/www.reunion68.se\/index.php?rest_route=%2Fwp%2Fv2%2Fcategories&post=21913"},{"taxonomy":"post_tag","embeddable":true,"href":"https:\/\/www.reunion68.se\/index.php?rest_route=%2Fwp%2Fv2%2Ftags&post=21913"}],"curies":[{"name":"wp","href":"https:\/\/api.w.org\/{rel}","templated":true}]}}