{"id":22035,"date":"2015-06-28T17:00:27","date_gmt":"2015-06-28T15:00:27","guid":{"rendered":"http:\/\/www.reunion68.se\/?p=22035"},"modified":"2015-06-27T06:44:49","modified_gmt":"2015-06-27T04:44:49","slug":"22035","status":"publish","type":"post","link":"https:\/\/www.reunion68.se\/?p=22035","title":{"rendered":"Tadeusz Mazowiecki in Memoriam."},"content":{"rendered":"<h5 style=\"text-align: center;\"><a href=\"https:\/\/vimeo.com\/\" target=\"_blank\"><img decoding=\"async\" class=\"center alignleft\" src=\"http:\/\/www.reunion68.com\/Biuletyn\/img\/vimeo.png\" alt=\"\" \/><\/a><span style=\"text-decoration: underline; color: #000080;\"><span style=\"text-decoration: underline;\"><strong><a style=\"color: #000080; text-decoration: underline;\" href=\"https:\/\/vimeo.com\/80045766\" target=\"_blank\">Tadeusz Mazowiecki in Memoriam. &#8220;Antysemityzm ludzi \u0142agodnych i dobrych&#8221; &#8211; z perspektywy p\u00f3\u0142wiecza<\/a><\/strong><\/span><\/span><\/h5>\n<hr style=\"height: 15px; background: #d0e6fa; width: 710px;\" \/>\n<p style=\"text-align: center;\"><strong><span style=\"color: #333333;\">Zapis audio seminarium Centrum Bada\u0144 nad Zag\u0142\u0105d\u0105 \u017byd\u00f3w IFiS PAN: TADEUSZ MAZOWIECKI IN MEMORIAM. &#8220;Antysemityzm ludzi \u0142agodnych i dobrych &#8211; z perspektywy p\u00f3\u0142wiecza z udzia\u0142em Adama Michnika, Zbigniewa Nosowskiego i ks. Wojciecha Lema\u0144skiego, prowadzone przez Dariusza Libionk\u0119<\/span><\/strong><\/p>\n<div id=\"content\" class=\"  content-alignment&lt;br \/&gt;&lt;br \/&gt; \">\n<div id=\"watch-description\" class=\"yt-uix-button-panel\">\n<div id=\"watch-description-text\"><center><br \/>\n<iframe loading=\"lazy\" id=\"gazetaVideoPlayerEmbed\" src=\"https:\/\/player.vimeo.com\/video\/80045766?autoplay=0\" width=\"680\" height=\"500\" frameborder=\"0\" scrolling=\"no\" allowfullscreen=\"allowfullscreen\"><\/iframe><\/center><\/div>\n<\/div>\n<\/div>\n<p>&nbsp;<\/p>\n<hr style=\"height: 15px; background: #d0e6fa; width: 710px;\" \/>\n<div id=\"content\" class=\"  content-alignment&lt;br \/&gt;&lt;br \/&gt; \">\n<div id=\"watch-description\" class=\"yt-uix-button-panel\">\n<div id=\"watch-description-text\">\n<p style=\"text-align: center;\"><span style=\"color: #808080;\"> twoje uwagi, linki, wlasne artykuly, lub wiadomosci przeslij do: <strong><span style=\"text-decoration: underline;\"><span style=\"color: #808080; text-decoration: underline;\"><a href=\"mailto:webmaster@reunion68.com\">webmaster@reunion68.com<\/a><\/span><\/span><\/strong><\/span><\/p>\n<\/div>\n<\/div>\n<\/div>\n<p>&nbsp;<\/p>\n<hr style=\"width: 710px;\" \/>\n","protected":false},"excerpt":{"rendered":"<p>Tadeusz Mazowiecki in Memoriam. &#8220;Antysemityzm ludzi \u0142agodnych i dobrych&#8221; &#8211; z perspektywy p\u00f3\u0142wiecza Zapis audio seminarium Centrum Bada\u0144 nad Zag\u0142\u0105d\u0105 \u017byd\u00f3w IFiS PAN: TADEUSZ MAZOWIECKI IN MEMORIAM. &#8220;Antysemityzm ludzi \u0142agodnych i dobrych &#8211; z perspektywy p\u00f3\u0142wiecza z udzia\u0142em Adama Michnika, Zbigniewa Nosowskiego i ks. Wojciecha Lema\u0144skiego, prowadzone przez Dariusza Libionk\u0119 &nbsp; twoje uwagi, linki, wlasne [&hellip;]<\/p>\n","protected":false},"author":1,"featured_media":0,"comment_status":"closed","ping_status":"closed","sticky":false,"template":"","format":"standard","meta":[],"categories":[6],"tags":[26,24],"_links":{"self":[{"href":"https:\/\/www.reunion68.se\/index.php?rest_route=\/wp\/v2\/posts\/22035"}],"collection":[{"href":"https:\/\/www.reunion68.se\/index.php?rest_route=\/wp\/v2\/posts"}],"about":[{"href":"https:\/\/www.reunion68.se\/index.php?rest_route=\/wp\/v2\/types\/post"}],"author":[{"embeddable":true,"href":"https:\/\/www.reunion68.se\/index.php?rest_route=\/wp\/v2\/users\/1"}],"replies":[{"embeddable":true,"href":"https:\/\/www.reunion68.se\/index.php?rest_route=%2Fwp%2Fv2%2Fcomments&post=22035"}],"version-history":[{"count":8,"href":"https:\/\/www.reunion68.se\/index.php?rest_route=\/wp\/v2\/posts\/22035\/revisions"}],"predecessor-version":[{"id":22059,"href":"https:\/\/www.reunion68.se\/index.php?rest_route=\/wp\/v2\/posts\/22035\/revisions\/22059"}],"wp:attachment":[{"href":"https:\/\/www.reunion68.se\/index.php?rest_route=%2Fwp%2Fv2%2Fmedia&parent=22035"}],"wp:term":[{"taxonomy":"category","embeddable":true,"href":"https:\/\/www.reunion68.se\/index.php?rest_route=%2Fwp%2Fv2%2Fcategories&post=22035"},{"taxonomy":"post_tag","embeddable":true,"href":"https:\/\/www.reunion68.se\/index.php?rest_route=%2Fwp%2Fv2%2Ftags&post=22035"}],"curies":[{"name":"wp","href":"https:\/\/api.w.org\/{rel}","templated":true}]}}