{"id":22491,"date":"2015-06-18T18:00:45","date_gmt":"2015-06-18T16:00:45","guid":{"rendered":"http:\/\/www.reunion68.se\/?p=22491"},"modified":"2015-06-18T07:59:49","modified_gmt":"2015-06-18T05:59:49","slug":"22491","status":"publish","type":"post","link":"https:\/\/www.reunion68.se\/?p=22491","title":{"rendered":"Ludzko\u015b\u0107 w \u0142apach humanist\u00f3w"},"content":{"rendered":"<h5 style=\"text-align: center;\"><a href=\"http:\/\/www.listyznaszegosadu.pl\" target=\"_blank\"><img decoding=\"async\" class=\"center alignleft\" src=\"http:\/\/www.reunion68.com\/Biuletyn\/img\/z-naszego.jpg\" alt=\"\" width=\"350\" \/><\/a><span style=\"text-decoration: underline; color: #000080;\"><strong><a style=\"color: #000080; text-decoration: underline;\" href=\"http:\/\/www.listyznaszegosadu.pl\/listy-do-pani-z\/ludzkosc-w-lapach-humanistow\" target=\"_blank\">Ludzko\u015b\u0107 w \u0142apach humanist\u00f3w<\/a><\/strong><\/span><\/h5>\n<p style=\"text-align: center;\"><span style=\"color: #333333;\"><strong>Andrzej Koraszewski<\/strong><\/span><\/p>\n<hr style=\"height: 15px; background: #d0e6fa; width: 710px;\" \/>\n<p style=\"text-align: left;\"><img decoding=\"async\" class=\" alignright\" src=\"http:\/\/www.listyznaszegosadu.pl\/upload\/article\/bild\/7823\/627284\/Gaza-Kids-During-Party-300x226_s.jpg\" alt=\"\" border=\"0\" \/><strong><span style=\"color: #333333;\">Czy zwr\u00f3ci\u0142a Pani uwag\u0119 na wiadomo\u015b\u0107 o mordzie pope\u0142nionym w Warszawie przez dw\u00f3ch nastolatk\u00f3w? Dw\u00f3ch gimnazjalist\u00f3w w wieku 14 i 15 lat zamordowa\u0142o m\u0119\u017cczyzn\u0119. Cia\u0142o zamordowanego wrzucili do Wis\u0142y. Wiele wskazuje na to, \u017ce ich jedynym motywem by\u0142a ch\u0119\u0107 mordu. 23 maja m\u0119\u017cczyzna wyszed\u0142 z domu i wi\u0119cej nie wr\u00f3ci\u0142. Zw\u0142oki znaleziono w Bo\u017ce Cia\u0142o. Wiadomo\u015bci przekaza\u0142y informacj\u0119 o tej zbrodni pod tytu\u0142em Dzieci zabi\u0142y przypadkowego cz\u0142owieka. Definicja dziecka jest k\u0142opotliwa, w szczeg\u00f3lno\u015bci w kontek\u015bcie zbrodni. M\u0142odociani mordercy nie s\u0105 rzadko\u015bci\u0105. Gdzie zaczyna si\u0119 premedytacja i pe\u0142na \u015bwiadomo\u015b\u0107 czynu? Jaka jest r\u00f3\u017cnica mi\u0119dzy mordem pope\u0142nionym przez dziesi\u0119ciolatka i przez czternastolatka? Prokurator chce, aby starszy z ch\u0142opc\u00f3w odpowiada\u0142 jak doros\u0142y. Za kilka dni sko\u0144czy szesna\u015bcie lat.<\/span><\/strong><\/p>\n<p style=\"text-align: left;\"><span style=\"color: #000080;\">Na Bliskim Wschodzie, podobnie jak w Afryce, dzieci masowo bior\u0105 udzia\u0142 w dzia\u0142aniach wojennych. ISIS niedawno powierzy\u0142 egzekucj\u0119 wi\u0119\u017ania ma\u0142emu ch\u0142opcu. Co jest wrodzone, a co kulturowe? Afryka\u0144ska Armia Boga sk\u0142ada\u0142a si\u0119 g\u0142\u00f3wnie z dzieci porwanych z wiosek. Natychmiast po porwaniu wdra\u017cano je do mordowania. By\u0142y przypadki, \u017ce kazano im zabi\u0107 swoich rodzic\u00f3w, w obozie kazano im zabija\u0107 je\u0144c\u00f3w, te, kt\u00f3re si\u0119 opiera\u0142y, spada\u0142y do kategorii ofiar przeznaczonych do zabicia. Czy to znaczy, \u017ce z ka\u017cdego lub prawie ka\u017cdego dziecka mo\u017cna zrobi\u0107 morderc\u0119? Wysoce prawdopodobne.<\/span><\/p>\n<p style=\"text-align: left;\"><span style=\"color: #000080;\">W przypadku m\u0142odocianych zab\u00f3jc\u00f3w z Warszawy psycholodzy b\u0119d\u0105 zapewne pr\u00f3bowali okre\u015bli\u0107, na ile mamy tu do czynienia z patologi\u0105 osobowo\u015bci, a na ile z patologi\u0105 spo\u0142eczn\u0105? Cz\u0119sto trudno to rozdzieli\u0107. Wielu rzeczy nie wiemy, wiemy jednak, \u017ce wp\u0142yw \u015brodowiska, w szczeg\u00f3lno\u015bci w pierwszych latach \u017cycia jest ogromny.<\/span><\/p>\n<p style=\"text-align: left;\"><span style=\"color: #000080;\">By\u0107 mo\u017ce mo\u017cna to odwr\u00f3ci\u0107 i powiedzie\u0107, \u017ce jeste\u015bmy zab\u00f3jcami z natury i dopiero kultura uczy nas empatii? To nie mo\u017ce by\u0107 ca\u0142a prawda, poniewa\u017c empati\u0119 obserwujemy r\u00f3wnie\u017c w\u015br\u00f3d zwierz\u0105t.<\/span><\/p>\n<p style=\"text-align: left;\"><span style=\"color: #000080;\">Kilka razy w roku (ale w Dzie\u0144 Niepodleg\u0142o\u015bci mo\u017cemy by\u0107 tego pewni), telewizja pokazuje obrazy m\u0142odych ludzi dysz\u0105cych ch\u0119ci\u0105 mordu. Rzucaj\u0105 kamieniami, maj\u0105c nadziej\u0119, \u017ce trafi\u0105 i zabij\u0105, podobn\u0105 nadziej\u0105 \u017cyj\u0105 m\u0142odzi ludzie zrzucaj\u0105cy bry\u0142y lodu lub kamienie z wiadukt\u00f3w. R\u00f3\u017cnica z morderstwem z premedytacj\u0105 jest zasadnicza, to jest tylko zabawa. Mo\u017ce si\u0119 uda trafi\u0107. S\u0119dziowie w s\u0105dach dla nieletnich maj\u0105 powa\u017cny problem z kwalifikacj\u0105 czynu.<\/span><\/p>\n<p style=\"text-align: left;\"><span style=\"color: #000080;\">W 2013 roku by\u0142y w Polsce tylko 4 zab\u00f3jstwa pope\u0142nione przez nieletnich, w 1997 by\u0142o takich zab\u00f3jstw 36. Nieletnich skazanych za spowodowanie uszczerbku na zdrowiu 2624, za\u015b kradzie\u017c rozb\u00f3jnicza by\u0142a powodem postawienia nieletnich przed s\u0105dem 9700 razy. \u0141\u0105cznie czyny karalne nieletnich w 2013 roku to 71 642 przypadki. (\u0179r\u00f3d\u0142o: http:\/\/statystyka.policja.pl\/st\/wybrane-statystyki\/przestepczosc-nieletni\/50256,dok.html)<\/span><\/p>\n<p style=\"text-align: left;\"><span style=\"color: #000080;\">Polska nie nale\u017cy do region\u00f3w najwy\u017cszej przest\u0119pczo\u015bci nieletnich. Obserwujemy nawet pewien spadek tej przest\u0119pczo\u015bci, chocia\u017c trudno powiedzie\u0107, czy jest to trend, czy tylko wahania. Tak czy inaczej Miasta Boga le\u017c\u0105 pod inn\u0105 szeroko\u015bci\u0105 geograficzn\u0105. Mordercze m\u0142odzie\u017cowe gangi kojarz\u0105 si\u0119 g\u0142\u00f3wnie z slumsami i kultur\u0105 gwa\u0142tu. Cz\u0119sto stanowi\u0105 si\u0142y pomocnicze narkotykowych mafii. Niekt\u00f3re dzieci lubi\u0105 zabija\u0107, niekt\u00f3re ideologie wychowuj\u0105 legiony morderc\u00f3w.<\/span><\/p>\n<p style=\"text-align: left;\"><span style=\"color: #000080;\">Czy ogl\u0105da\u0142a Pani materia\u0142y na temat militarnych oboz\u00f3w treningowych dla dzieci w Gazie? Nauka nienawi\u015bci i nauka zabijania id\u0105 w parze, do zabijania trzeba mie\u0107 motywacj\u0119. W Gazie, podobnie jak w obozach szkolenia m\u0142odzie\u017cy Hezbollahu w Libanie, uczy si\u0119 sztuki nienawi\u015bci i mordu od przedszkola. (Na Zachodnim Brzegu r\u00f3wnie\u017c, chocia\u017c nie tak intensywnie i nieco dyskretniej. Cz\u0142onkowie r\u00f3\u017cnych stowarzysze\u0144 \u201eSolidarno\u015bci z Palestyn\u0105\u201d udaj\u0105, \u017ce nic o tym nie s\u0142yszeli. Ciekawe, bo podobn\u0105 niezdolno\u015b\u0107 dostrze\u017cenia tych szk\u00f3\u0142 nienawi\u015bci i mordu wykazuj\u0105 dziennikarze szacownych pism.)<\/span><\/p>\n<p style=\"text-align: left;\"><span style=\"color: #000080;\">Nauka nienawi\u015bci i mordu mog\u0142aby by\u0107 uwa\u017cana przez wra\u017cliwych na los dziecka zachodnich libera\u0142\u00f3w za zbrodni\u0119 przeciwko prawom dziecka do normalnego \u017cycia. Nie jest jednak tak, \u017ce los dziecka nikogo nie obchodzi.<\/span><\/p>\n<p style=\"text-align: left;\"><span style=\"color: #000080;\">Czy m\u00f3wi Pani co\u015b nazwisko Betty McCollum? Ja sam, zbiegiem okoliczno\u015bci, dowiedzia\u0142em si\u0119 o jej istnieniu przez Amnesty International. Betty McCollum reprezentuje Minnesot\u0119 w ameryka\u0144skim Kongresie. Urodzona w 1954 roku nale\u017cy do stowarzyszonej z Parti\u0105 Demokrat\u00f3w Minnesota Democratic-Farmer-Labor Party. To chyba jaki\u015b ameryka\u0144ski sojusz robotniczo-ch\u0142opski, ale wra\u017cliwy na los dzieci. Betty Collum zanim zaj\u0119\u0142a si\u0119 polityk\u0105 uczy\u0142a w szkole \u015bredniej o opiece spo\u0142ecznej i technikach sprzeda\u017cy. Musz\u0119 przyzna\u0107, \u017ce zafrapowa\u0142o mnie to po\u0142\u0105czenie, by\u0107 mo\u017ce jednak nie zwr\u00f3ci\u0142bym na nie uwagi gdyby nie Amnesty International. AI zauwa\u017cy\u0142a wa\u017cny list Betty McCollum do Johna Kerry\u2019ego, w kt\u00f3rym zwraca mu ona uwag\u0119 na przera\u017caj\u0105cy fakt, i\u017c od 2003 roku izraelskie si\u0142y bezpiecze\u0144stwa aresztowa\u0142y lub zatrzyma\u0142y ponad 7 tysi\u0119cy palesty\u0144skich dzieci. T\u0119 wiadomo\u015b\u0107 reprezentantka Minnesoty przekaza\u0142a ameryka\u0144skiemu Sekretarzowi Stanu za UNICEF, za\u015b Amnesty International zrobi\u0142a z tego akcj\u0119 pod has\u0142em \u201ePowiedz Kongresowi: Chro\u0144 palesty\u0144skie dzieci\u201d.<\/span><\/p>\n<p><img decoding=\"async\" loading=\"lazy\" class=\" alignleft\" style=\"margin-right: 20px;\" src=\"http:\/\/www.listyznaszegosadu.pl\/upload\/article\/bild\/754\/627285\/amnesty_kids_s.png\" alt=\"\" width=\"500\" height=\"371\" border=\"0\" \/><\/p>\n<p style=\"text-align: left;\"><span style=\"color: #000080;\">(Zastanawiam si\u0119 troch\u0119, czy by\u0142 to list specjalistki od opieki spo\u0142ecznej czy specjalistki od technik sprzeda\u017cy?)<\/span><\/p>\n<p style=\"text-align: left;\"><span style=\"color: #000080;\">Nie musz\u0119 Pani m\u00f3wi\u0107, \u017ce ciekawszy jest dla mnie fenomen Amnesty International ni\u017c fenomen Betty McCollun. By\u0142em dzia\u0142aczem AI, kiedy to by\u0142a jeszcze bardzo m\u0142oda organizacja, zajmuj\u0105ca si\u0119 wy\u0142\u0105cznie wi\u0119\u017aniami sumienia, czyli lud\u017ami pozbawionymi wolno\u015bci tylko za to, co m\u00f3wili. To by\u0142y same pocz\u0105tki naszego \u017cycia w Szwecji, w Amnesty International szczeg\u00f3lnie silnie reprezentowan\u0105 grup\u0105 zawodow\u0105 byli nauczyciele i to ci najlepsi z najlepszych. Z czasem, kiedy Amnesty International sta\u0142a si\u0119 podziwianym autorytetem moralnym, nawia\u0142o w jej szeregi rewolucjonist\u00f3w, kt\u00f3rzy zmienili zar\u00f3wno statut, jak i cele. Troska o wi\u0119\u017ani\u00f3w sumienia zesz\u0142a na margines, na czo\u0142o wybi\u0142y si\u0119 zupe\u0142nie inne troski. Kradzie\u017c autorytet\u00f3w moralnych przez ludzi g\u0142\u0119boko wierz\u0105cych w swoj\u0105 moraln\u0105 najwy\u017cszo\u015b\u0107 jest histori\u0105 star\u0105 jak \u015bwiat, a przynajmniej tak star\u0105 jak religia.<\/span><\/p>\n<p style=\"text-align: left;\"><span style=\"color: #000080;\">Wr\u00f3\u0107my jednak do listu Betty McCollun. Ameryka\u0144ski bloger podpisuj\u0105cy si\u0119 przekornie Elder of Ziyon, zestawi\u0142 statystyki tych ameryka\u0144skich stan\u00f3w, kt\u00f3re maj\u0105 wielko\u015b\u0107 populacji podobn\u0105 jak Zachodni Brzeg, czyli dla Kentucky, Oregon i Oklahomy.<\/span><\/p>\n<p style=\"text-align: left;\"><span style=\"color: #000080;\">W Kentucky w latach 2010 \u2013 2012 aresztowano 7 tysi\u0119cy dzieci ka\u017cdego roku, a nie przez 12 lat. Kentucky to bardzo spokojny stan. Rzadko czytamy o nim w wiadomo\u015bciach, w Polsce kojarzy si\u0119 g\u0142\u00f3wnie z kurczakami. W r\u00f3wnie\u017c do\u015b\u0107 spokojnym stanie Oklahoma w analogicznym okresie dwunastu lat aresztowano ponad 200 tysi\u0119cy nieletnich. Policja stanu Oregon aresztowa\u0142a w tym samym czasie o 70 tysi\u0119cy nieletnich wi\u0119cej ni\u017c Oklahoma.<\/span><\/p>\n<p style=\"text-align: left;\"><span style=\"color: #000080;\">Palesty\u0144skie dzieci s\u0105 wyra\u017anie dzie\u0107mi specyficznej troski, zar\u00f3wno swoich wychowawc\u00f3w, jak i reszty \u015bwiata.<\/span><\/p>\n<p style=\"text-align: left;\"><span style=\"color: #000080;\">Elder of Ziyon zwr\u00f3ci\u0142 uwag\u0119 na ciekawy element graficzny apelu Amnesty International. Apel ozdobiony jest zdj\u0119ciem dw\u00f3ch nastolatek prowadzonych przez izraelskich \u017co\u0142nierzy. Ot\u00f3\u017c jedn\u0105 z nich jest Ahed Tamimi. (Nazywana r\u00f3wnie\u017c palesty\u0144sk\u0105 Shirley Temper). Jej rodzina znana by\u0142a ju\u017c wcze\u015bniej, ale ona sama zadebiutowa\u0142a jako ma\u0142a dziewczynka w filmie nakr\u0119conym w 2012 roku. Zrobili\u015bmy wtedy do tego filmu polskie napisy i polskiej wersji da\u0142em nieco prowokacyjny tytu\u0142 \u201eCo izraelscy \u017co\u0142nierze robi\u0105 palesty\u0144skim dzieciom?\u201d. Filmy ilustruj\u0105ce k\u0142amstwa o Izraelu, g\u0142osy arabskich polityk\u00f3w i duchownych, g\u0142osy muzu\u0142ma\u0144skich dysydent\u00f3w, wrzucone do sieci z polskimi napisami maj\u0105 od kilkudziesi\u0119ciu do kilku tysi\u0119cy ogl\u0105da\u0144. Ten jednak cieszy\u0142 si\u0119 wyj\u0105tkow\u0105 popularno\u015bci\u0105 i od listopada 2012 do 14 czerwca 2015 obejrzany by\u0142 przez 867 752 \u017c\u0105dnych wiedzy Polak\u00f3w. Z komentarzy wynika, \u017ce \u015bci\u0105ga ich pon\u0119tny tytu\u0142. Niekt\u00f3rzy pisali z oburzeniem, \u017ce przecie\u017c ci \u017co\u0142nierze nic im nie robi\u0105, a inni, \u017ce to musi by\u0107 oszustwo, bo palesty\u0144skie dzieci nie maj\u0105 jasnych w\u0142os\u00f3w. (T\u0142umaczenie, \u017ce Palesty\u0144czycy to ludzie i jak to ludzie, s\u0105 r\u00f3\u017cni, to rzucanie per\u0142ami w wieprze.) Tak czy inaczej, musz\u0119 Pani przyzna\u0107, \u017ce mam troch\u0119 wyrzut\u00f3w sumienia, przez ten tytu\u0142 sprawi\u0142em zaw\u00f3d setkom tysi\u0119cy moich rodak\u00f3w, szczeg\u00f3lnie tym ze Stowarzyszenia polsko-palesty\u0144skiej przyja\u017ani. Sam film warto obejrze\u0107, bo dobrze ilustruje poziom tolerancji na agresj\u0119 dzieci szczutych przez doros\u0142ych.)<\/span><\/p>\n<div id=\"content\" class=\"  content-alignment&lt;br \/&gt;&lt;br \/&gt; \">\n<div id=\"watch-description\" class=\"yt-uix-button-panel\">\n<div id=\"watch-description-text\"><center><\/p>\n<p><iframe loading=\"lazy\" src=\"https:\/\/www.youtube.com\/embed\/BFbIF_6yHHw?feature=player_embedded\" width=\"680\" height=\"400\" frameborder=\"0\" allowfullscreen=\"allowfullscreen\"><\/iframe><\/center><\/p>\n<\/div>\n<\/div>\n<\/div>\n<p>&nbsp;<\/p>\n<p style=\"text-align: right;\"><span style=\"color: #000080;\">Czytaj dalej tu: <span style=\"text-decoration: underline;\"><strong><a style=\"color: #000080; text-decoration: underline;\" href=\"http:\/\/www.listyznaszegosadu.pl\/listy-do-pani-z\/ludzkosc-w-lapach-humanistow\" target=\"_blank\">Ludzko\u015b\u0107 w \u0142apach humanist\u00f3w<\/a><\/strong><\/span><\/span><\/p>\n<hr style=\"height: 15px; background: #d0e6fa; width: 710px;\" \/>\n<div id=\"content\" class=\"  content-alignment&lt;br \/&gt;&lt;br \/&gt; \">\n<div id=\"watch-description\" class=\"yt-uix-button-panel\">\n<div id=\"watch-description-text\">\n<p style=\"text-align: center;\"><span style=\"color: #808080;\"> twoje uwagi, linki, wlasne artykuly, lub wiadomosci przeslij do: <strong><span style=\"text-decoration: underline;\"><span style=\"color: #808080; text-decoration: underline;\"><a href=\"mailto:webmaster@reunion68.com\">webmaster@reunion68.com<\/a><\/span><\/span><\/strong><\/span><\/p>\n<\/div>\n<\/div>\n<\/div>\n<p>&nbsp;<\/p>\n<hr style=\"width: 710px;\" \/>\n","protected":false},"excerpt":{"rendered":"<p>Ludzko\u015b\u0107 w \u0142apach humanist\u00f3w Andrzej Koraszewski Czy zwr\u00f3ci\u0142a Pani uwag\u0119 na wiadomo\u015b\u0107 o mordzie pope\u0142nionym w Warszawie przez dw\u00f3ch nastolatk\u00f3w? Dw\u00f3ch gimnazjalist\u00f3w w wieku 14 i 15 lat zamordowa\u0142o m\u0119\u017cczyzn\u0119. Cia\u0142o zamordowanego wrzucili do Wis\u0142y. Wiele wskazuje na to, \u017ce ich jedynym motywem by\u0142a ch\u0119\u0107 mordu. 23 maja m\u0119\u017cczyzna wyszed\u0142 z domu i wi\u0119cej nie [&hellip;]<\/p>\n","protected":false},"author":1,"featured_media":0,"comment_status":"closed","ping_status":"closed","sticky":false,"template":"","format":"standard","meta":[],"categories":[6],"tags":[26,24],"_links":{"self":[{"href":"https:\/\/www.reunion68.se\/index.php?rest_route=\/wp\/v2\/posts\/22491"}],"collection":[{"href":"https:\/\/www.reunion68.se\/index.php?rest_route=\/wp\/v2\/posts"}],"about":[{"href":"https:\/\/www.reunion68.se\/index.php?rest_route=\/wp\/v2\/types\/post"}],"author":[{"embeddable":true,"href":"https:\/\/www.reunion68.se\/index.php?rest_route=\/wp\/v2\/users\/1"}],"replies":[{"embeddable":true,"href":"https:\/\/www.reunion68.se\/index.php?rest_route=%2Fwp%2Fv2%2Fcomments&post=22491"}],"version-history":[{"count":22,"href":"https:\/\/www.reunion68.se\/index.php?rest_route=\/wp\/v2\/posts\/22491\/revisions"}],"predecessor-version":[{"id":22498,"href":"https:\/\/www.reunion68.se\/index.php?rest_route=\/wp\/v2\/posts\/22491\/revisions\/22498"}],"wp:attachment":[{"href":"https:\/\/www.reunion68.se\/index.php?rest_route=%2Fwp%2Fv2%2Fmedia&parent=22491"}],"wp:term":[{"taxonomy":"category","embeddable":true,"href":"https:\/\/www.reunion68.se\/index.php?rest_route=%2Fwp%2Fv2%2Fcategories&post=22491"},{"taxonomy":"post_tag","embeddable":true,"href":"https:\/\/www.reunion68.se\/index.php?rest_route=%2Fwp%2Fv2%2Ftags&post=22491"}],"curies":[{"name":"wp","href":"https:\/\/api.w.org\/{rel}","templated":true}]}}