{"id":22625,"date":"2015-06-20T18:00:18","date_gmt":"2015-06-20T16:00:18","guid":{"rendered":"http:\/\/www.reunion68.se\/?p=22625"},"modified":"2015-06-18T19:19:40","modified_gmt":"2015-06-18T17:19:40","slug":"22625","status":"publish","type":"post","link":"https:\/\/www.reunion68.se\/?p=22625","title":{"rendered":"Film about Holocaust-era hero Jan Karski debuts in Jerusalem"},"content":{"rendered":"<h5 style=\"text-align: center;\"><a href=\"http:\/\/www.ynetnews.com\/\" target=\"_blank\"><img decoding=\"async\" class=\"center alignleft\" src=\"http:\/\/www.reunion68.com\/Biuletyn\/img\/ynetnews.png\" alt=\"\" \/><\/a><span style=\"text-decoration: underline; color: #000080;\"><strong><a style=\"color: #000080; text-decoration: underline;\" href=\"http:\/\/www.ynetnews.com\/articles\/0,7340,L-4669462,00.html\" target=\"_blank\"><br \/>\nFilm about Holocaust-era hero Jan Karski debuts in Jerusalem<\/a><\/strong><\/span><\/h5>\n<hr style=\"height: 15px; background: #d0e6fa; width: 710px;\" \/>\n<div style=\"width: 360px\" class=\"wp-caption alignright\"><img decoding=\"async\" src=\"http:\/\/www.yadvashem.org\/yv\/en\/righteous\/stories\/images\/poland\/karski\/01.jpg\" alt=\"\" width=\"350\" \/><p class=\"wp-caption-text\">Jan Karski<\/p><\/div>\n<p style=\"text-align: left;\"><span style=\"color: #333333;\"><strong>Film about Holocaust-era hero Jan Karski debuts in Jerusalem<\/strong><\/span><\/p>\n<p style=\"text-align: left;\"><span style=\"color: #000080;\"><strong>WJC President Ronald Lauder<\/strong> says during event, &#8216;<strong>Karski<\/strong> is my hero because he spoke up when most people remained silent. We Jews know what happens when the world is silent.&#8217;<\/span><\/p>\n<p style=\"text-align: left;\"><span style=\"color: #000080;\">The film &#8220;<strong>Karski and the Lords of Humanity<\/strong>&#8221; was screened for the first time outside Poland this week at Jerusalem\u2019s <strong>Menachem Begin Heritage Center.<\/strong><\/span><\/p>\n<p style=\"text-align: left;\"><span style=\"color: #000080;\">The event was sponsored by the Israel Council on Foreign Relations, which operates under the auspices of the World Jewish Congress (WJC), and the Polish Institute in Tel Aviv.<\/span><br \/>\n<span style=\"color: #000080;\"> More than 300 guests, including Poland\u2019s Foreign Minister Grzegorz Schetyna and the WJC leadership, which is holding a meeting of its Steering Committee in the Israeli capital this week, attended the screening Sunday night.<\/span><\/p>\n<p style=\"text-align: left;\"><span style=\"color: #000080;\">WJC President Ronald S. Lauder told them, &#8220;Just as Jan Karski sought to draw attention to the horrifying plight of the Jews in German-occupied Poland, so do I now feel compelled to highlight the precarious situation of our Christian brothers and sisters. Karski is my hero because he spoke up when most people remained silent. We Jews know what happens when the world is silent.&#8221;<\/span><\/p>\n<p style=\"text-align: left;\"><span style=\"color: #000080;\">Lauder added that &#8220;there could be no more fitting way to mark the 25th anniversary of the resumption of diplomatic relations between Israel and Poland.&#8221;<\/span><\/p>\n<div style=\"width: 140px\" class=\"wp-caption alignleft\"><img decoding=\"async\" loading=\"lazy\" class=\"center\" style=\"margin-right: 20px;\" src=\"http:\/\/www.reunion68.com\/Biuletyn\/img\/wlodek-roz.jpg\" alt=\"\" width=\"130\" height=\"201\" \/><p class=\"wp-caption-text\">polecil: Vlady Rozenbaum<\/p><\/div>\n<p style=\"text-align: left;\"><span style=\"color: #000080;\">The Polish foreign minister said, &#8220;This is a must-see film for government officials in every country because passivity can lead to horror.&#8221;<\/span><\/p>\n<p style=\"text-align: left;\"><span style=\"color: #000080;\">The film\u2019s director, S\u0142awomir Gr\u00fcnberg, was present for the screening, as were the producers. Gr\u00fcnberg noted, &#8220;Karski\u2019s dream was to become a diplomat. That dream was dashed by the war. Today, however, through this film, his message of compassion in diplomacy is being spread and his dream has, in effect, come true.&#8221;<\/span><\/p>\n<p style=\"text-align: left;\"><span style=\"color: #000080;\">Jan Karski (1914\u20132001), the heroic courier of the Polish underground state, was an eyewitness to the destruction of Polish Jewry and was among the first to personally bring detailed information to the attention of to Anglo-American leaders, including President Franklin D. Roosevelt.<\/span><\/p>\n<p style=\"text-align: left;\"><span style=\"color: #000080;\">He wrote one of the first books about Nazi atrocities, and after the war he taught two generations of students at Georgetown University in Washington, DC.<\/span><\/p>\n<hr style=\"height: 15px; background: #d0e6fa; width: 710px;\" \/>\n<div id=\"content\" class=\"  content-alignment&lt;br \/&gt;&lt;br \/&gt; \">\n<div id=\"watch-description\" class=\"yt-uix-button-panel\">\n<div id=\"watch-description-text\">\n<p style=\"text-align: center;\"><span style=\"color: #808080;\"> twoje uwagi, linki, wlasne artykuly, lub wiadomosci przeslij do: <strong><span style=\"text-decoration: underline;\"><span style=\"color: #808080; text-decoration: underline;\"><a href=\"mailto:webmaster@reunion68.com\">webmaster@reunion68.com<\/a><\/span><\/span><\/strong><\/span><\/p>\n<\/div>\n<\/div>\n<\/div>\n<p>&nbsp;<\/p>\n<hr style=\"width: 710px;\" \/>\n","protected":false},"excerpt":{"rendered":"<p>Film about Holocaust-era hero Jan Karski debuts in Jerusalem Film about Holocaust-era hero Jan Karski debuts in Jerusalem WJC President Ronald Lauder says during event, &#8216;Karski is my hero because he spoke up when most people remained silent. We Jews know what happens when the world is silent.&#8217; The film &#8220;Karski and the Lords of [&hellip;]<\/p>\n","protected":false},"author":1,"featured_media":0,"comment_status":"closed","ping_status":"closed","sticky":false,"template":"","format":"standard","meta":[],"categories":[6],"tags":[26,24],"_links":{"self":[{"href":"https:\/\/www.reunion68.se\/index.php?rest_route=\/wp\/v2\/posts\/22625"}],"collection":[{"href":"https:\/\/www.reunion68.se\/index.php?rest_route=\/wp\/v2\/posts"}],"about":[{"href":"https:\/\/www.reunion68.se\/index.php?rest_route=\/wp\/v2\/types\/post"}],"author":[{"embeddable":true,"href":"https:\/\/www.reunion68.se\/index.php?rest_route=\/wp\/v2\/users\/1"}],"replies":[{"embeddable":true,"href":"https:\/\/www.reunion68.se\/index.php?rest_route=%2Fwp%2Fv2%2Fcomments&post=22625"}],"version-history":[{"count":15,"href":"https:\/\/www.reunion68.se\/index.php?rest_route=\/wp\/v2\/posts\/22625\/revisions"}],"predecessor-version":[{"id":22640,"href":"https:\/\/www.reunion68.se\/index.php?rest_route=\/wp\/v2\/posts\/22625\/revisions\/22640"}],"wp:attachment":[{"href":"https:\/\/www.reunion68.se\/index.php?rest_route=%2Fwp%2Fv2%2Fmedia&parent=22625"}],"wp:term":[{"taxonomy":"category","embeddable":true,"href":"https:\/\/www.reunion68.se\/index.php?rest_route=%2Fwp%2Fv2%2Fcategories&post=22625"},{"taxonomy":"post_tag","embeddable":true,"href":"https:\/\/www.reunion68.se\/index.php?rest_route=%2Fwp%2Fv2%2Ftags&post=22625"}],"curies":[{"name":"wp","href":"https:\/\/api.w.org\/{rel}","templated":true}]}}