{"id":22786,"date":"2015-06-29T17:09:16","date_gmt":"2015-06-29T15:09:16","guid":{"rendered":"http:\/\/www.reunion68.se\/?p=22786"},"modified":"2015-06-27T06:38:11","modified_gmt":"2015-06-27T04:38:11","slug":"22786","status":"publish","type":"post","link":"https:\/\/www.reunion68.se\/?p=22786","title":{"rendered":"Islamska imigracja o\u017cywia antysemityzm w Europie"},"content":{"rendered":"<h5 style=\"text-align: center;\"><a href=\"http:\/\/www.euroislam.pl\/\" target=\"_blank\"><img decoding=\"async\" class=\"center alignleft\" src=\"http:\/\/www.reunion68.com\/Biuletyn\/img\/euroeurop.gif\" alt=\"\" \/><\/a><span style=\"text-decoration: underline; color: #000080;\"><strong><a style=\"color: #000080; text-decoration: underline;\" href=\"http:\/\/www.euroislam.pl\/index.php\/2015\/06\/islamska-imigracja-ozywia-antysemityzm-w-europie\/\" target=\"_blank\">Islamska imigracja o\u017cywia antysemityzm w Europie<\/a><\/strong><\/span><\/h5>\n<p style=\"text-align: center;\"><span style=\"color: #808080;\"><strong>Annika Hernroth-Rothstein.<\/strong><\/span><\/p>\n<hr style=\"height: 15px; background: #d0e6fa; width: 710px;\" \/>\n<p style=\"text-align: left;\"><span style=\"color: #333333;\"><strong>\u201eChcesz, \u017cebym przeliterowa\u0142a? Boj\u0119 si\u0119 muzu\u0142man\u00f3w\u201d, powiedzia\u0142a szwedzko-\u017cydowska pisarka i doradczyni polityczna, Annika Hernroth-Rothstein.<\/strong><\/span><\/p>\n<div id=\"attachment_51378\" style=\"width: 310px\" class=\"wp-caption alignright\"><img aria-describedby=\"caption-attachment-51378\" decoding=\"async\" loading=\"lazy\" class=\"wp-image-51378 size-medium\" src=\"http:\/\/www.euroislam.pl\/wp-content\/uploads\/2015\/06\/sztokholm-300x201.jpg\" alt=\"sztokholm\" width=\"300\" height=\"201\" \/><p id=\"caption-attachment-51378\" class=\"wp-caption-text\">Proizraelska demonstracja w Sztokholmie (2012). Annika Hernroth-Rothstein w \u015brodku, w bia\u0142ym p\u0142aszczu.<\/p><\/div>\n<p style=\"text-align: left;\"><span style=\"color: #000080;\">Powiedzia\u0142a to, zanim sala w Waszyngtonie wype\u0142ni\u0142a si\u0119 czterdziestoosobow\u0105 publiczno\u015bci\u0105 podczas wydarzenia \u201eThe Israel Project\u201d. Jej prezentacja: \u201ePrzysz\u0142o\u015b\u0107 \u017byd\u00f3w w Europie: w jaki spos\u00f3b zar\u00f3wno ukryty jak i gwa\u0142towny antysemityzm powoduj\u0105, \u017ce \u017cydowskie \u017cycie jest nie do zniesienia\u201d, podkre\u015bla jak islamska imigracja doda\u0142a europejskiemu antysemityzmowi nowej zajad\u0142o\u015bci.<\/span><\/p>\n<p style=\"text-align: left;\"><span style=\"color: #000080;\">Obraz sytuacji 15.000 szwedzkich \u017byd\u00f3w ilustruje wst\u0119pny komentarz Davida Hazony, z \u201eTower Magazine\u201d, \u017ce antysemityzm \u201ep\u0142ynnie przechodzi z jednej formy w drug\u0105, zmieniaj\u0105c uk\u0142ad si\u0142 w naszym \u015bwiecie\u201d. Antysemityzm \u201erozpocz\u0105\u0142 si\u0119, kiedy \u017bydzi przybyli\u201d pod koniec XVIII wieku do Szwecji, stwierdzi\u0142a Rothstein, gdzie protestancki reformator Marcin Luter, \u201eniezbyt wielki fan \u017byd\u00f3w\u201d, pom\u00f3g\u0142 ukszta\u0142towa\u0107 \u201estar\u0105 szko\u0142\u0119 antysemityzmu\u201d w szwedzkim luteranizmie. P\u00f3\u017aniej by\u0142a II wojna \u015bwiatowa \u201ebardzo trudny czas, aby by\u0107 \u017bydem\u201d w \u201eneutralnej\u201d Szwecji, kt\u00f3ra w rzeczywisto\u015bci wsp\u00f3\u0142pracowa\u0142a z hitlerowskimi Niemcami. To, \u017ce w 2009 roku Szwedzi rzeczywi\u015bcie uwierzyli w histori\u0119 szwedzkiego dziennikarza \u2013 \u201eoszczerstwo krwi\u201d \u2013 jakoby \u017co\u0142nierze izraelscy zbierali cz\u0119\u015bci cia\u0142a Palesty\u0144czyk\u00f3w dla cel\u00f3w rytualnych, \u201epokazuje spos\u00f3b my\u015blenia jaki tutaj panuje.\u201d<\/span><\/p>\n<p style=\"text-align: left;\"><span style=\"color: #000080;\">Hernroth-Rothstein opisa\u0142a, jak by\u0142a osobi\u015bcie prze\u015bladowana przez neonazist\u00f3w w szwedzkiej szkole, w ma\u0142ym miasteczku, co zosta\u0142o szczeg\u00f3\u0142owo opisane w jej artykule w \u201eTower Magazine\u201d. Sze\u015bciu kolegom ze szko\u0142y uda\u0142o si\u0119 jakim\u015b sposobem wej\u015b\u0107 w posiadanie replik mundur\u00f3w Hitlerjugend i nosili je przy niej w szkole w celu zastraszenia. Wszyscy wiedzieli, \u017ce mia\u0142a \u017cydowskie pochodzenie. Taka nienawi\u015b\u0107 podczas II wojny \u015bwiatowej i po niej przekona\u0142a jej matk\u0119, \u017ce \u201ebycie \u017bydem jest uci\u0105\u017cliwe\u201d i spowodowa\u0142a, \u017ce prowadzili \u017cycie \u201eca\u0142kowicie zasymilowanej rodziny\u201d. Logiczn\u0105 konkluzj\u0105 by\u0142o, \u017ce Hernroth-Rothstein pr\u00f3bowa\u0142a osobi\u015bcie doprowadzi\u0107 do asymilacji ekstremalnej. Pr\u00f3bowa\u0142a ukry\u0107 wszystkie swoje \u017cydowskie cechy, takie jak ciemne, nienordycko \u201e\u017cydowskie\u201d w\u0142osy, najpierw je utleniaj\u0105c (okaza\u0142y si\u0119 \u017c\u00f3\u0142te i \u201ewygl\u0105da\u0142y przera\u017caj\u0105co\u201d), a \u015bcinaj\u0105c gol\u0105c przez kilka lat. Jednak dowiedzia\u0142a si\u0119, \u017ce neonazi\u015bci \u201enienawidzili mnie, tak czy inaczej\u201d, wi\u0119c zdecydowa\u0142a, \u017ce \u201er\u00f3wnie dobrze mog\u0119 by\u0107 najbardziej \u017cydowska jak to mo\u017cliwe\u201d, co by\u0142o pocz\u0105tkiem jej podr\u00f3\u017cy w kierunku ortodoksyjnego judaizmu.<\/span><\/p>\n<p style=\"text-align: left;\"><span style=\"color: #000080;\">Hernroth-Rothstein odkry\u0142a, \u017ce judaizm w miejscach publicznych ma swoje niebezpieczne strony. Przekona\u0142a si\u0119 o tym podczas jazdy poci\u0105giem ze swoimi synami, czteroletnim i dziewi\u0119cioletnim, kt\u00f3rzy mieli na g\u0142owach kipy (jarmu\u0142ki). Kiedy poprosi\u0142a m\u0119\u017cczyzn\u0119 o ust\u0105pienie jej miejsca, na kt\u00f3re mia\u0142a rezerwacj\u0119, ten odpar\u0142 \u201eWy zawsze bierzecie to, co chcecie\u201d. Zajad\u0142y cz\u0142owiek podczas czterdziestominutowej podr\u00f3\u017cy bez przerwy kopa\u0142 z s\u0105siedniego fotela w siedzenie jednego z jej syn\u00f3w, a wsp\u00f3\u0142pasa\u017cerowie woleli by\u0107 zaj\u0119ci swoimi sprawami, i \u201enie zrobili absolutnie niczego\u201d. \u201eNie nosimy kip na ulicach\u201d, powiedzieli p\u00f3\u017aniej inni \u017bydzi zdumionej pisarce. Teraz otwiera paczki na poczcie, nie w domu. W ubieg\u0142ym roku zdj\u0119\u0142a z balkonu izraelsk\u0105 flag\u0119 \u2013 to \u015brodek zaradczy, taki jak kuloodporne szyby w \u017cydowsko-szwedzkich przedszkolach.<\/span><\/p>\n<p style=\"text-align: left;\"><span style=\"color: #000080;\">Problemy ortodoksyjnych \u017byd\u00f3w, takich jak Hernroth-Rothstein, maj\u0105 r\u00f3wnie\u017c \u017ar\u00f3d\u0142o w szwedzkim prawie, takim jak zakaz koszernego uboju z 1937 (islamski ub\u00f3j rytualny, podczas kt\u00f3rego zwierz\u0119ta s\u0105 og\u0142uszane tak, aby straci\u0142y \u015bwiadomo\u015b\u0107, jest dopuszczalny).* W \u015bwietle liberalnych przepis\u00f3w \u0142owieckich obowi\u0105zuj\u0105cych w Szwecji, \u201enie wierz\u0119, \u017ce to kwestia praw zwierz\u0105t\u201d. Liczne projekty ustaw pr\u00f3bowa\u0142y wprowadzi\u0107 zakaz obrzezania przed 18 rokiem \u017cycia, mimo \u017ce rodzice mogli si\u0119 stara\u0107 o przeprowadzenie czysto kosmetycznych zabieg\u00f3w medycznych na ma\u0142ych dzieciach. Akceptacja szwedzkiego spo\u0142ecze\u0144stwa dla kultury \u017cydowskiej, na przyk\u0142ad festiwali filmowych, nie rozci\u0105ga si\u0119 na \u201ebycie irytuj\u0105co \u017cydowskim\u201d, czy te\u017c \u201edziwne religijne sprawy\u201d.<\/span><br \/>\n<span style=\"color: #000080;\"> To co jest w ustawodawstwie \u201epraktycznie anty\u017cydowskie\u201d cz\u0119sto pochodzi od rosn\u0105cej w si\u0142\u0119 prawicowej partii Szwedzkich Demokrat\u00f3w, zauwa\u017cy\u0142a Hernroth-Rothstein w p\u00f3\u017aniejszym wywiadzie. S\u0105 oni w Szwecji \u201enajbardziej proizraelsk\u0105 parti\u0105\u201d, do tego \u201ebardzo g\u0142o\u015bno proizraelsk\u0105\u201d, ale jest to jedynie \u201espos\u00f3b na gn\u0119bienie muzu\u0142man\u00f3w\u201d i \u201epow\u00f3d do chwa\u0142y\u201d dla Szwedzkich Demokrat\u00f3w. Jednak Szwedzcy Demokraci \u201eniekoniecznie s\u0105 pro\u017cydowscy\u201d i zaproponowali wprowadzenie zakazu importu koszernego mi\u0119sa, kt\u00f3re Hernroth-Rothstein sprowadza z Belgii. Szwedzcy Demokraci u\u017cywaj\u0105 r\u00f3wnie\u017c \u201es\u0142\u00f3w z podtekstem\u201d, takich jak \u201ebarbarzy\u0144skie, archaiczne\u201d, aby po\u0142\u0105czy\u0107 \u0142amanie praw cz\u0142owieka zwi\u0105zanych z okaleczaniem \u017ce\u0144skich narz\u0105d\u00f3w p\u0142ciowych, cz\u0119sto praktykowanym przez muzu\u0142man\u00f3w i obrzezania \u017cydowskiego \u2013 dwie rzeczy pochodz\u0105ce z \u201er\u00f3\u017cnych planet\u201d.<\/span><\/p>\n<p style=\"text-align: right;\"><span style=\"color: #000080;\">Czytaj dalej tu:<span style=\"text-decoration: underline;\"><strong> <a style=\"color: #000080; text-decoration: underline;\" href=\"http:\/\/www.euroislam.pl\/index.php\/2015\/06\/islamska-imigracja-ozywia-antysemityzm-w-europie\/\" target=\"_blank\">Islamska imigracja o\u017cywia&#8230;.<\/a><\/strong><\/span><\/span><\/p>\n<hr style=\"height: 15px; background: #d0e6fa; width: 710px;\" \/>\n<div id=\"content\" class=\"  content-alignment&lt;br \/&gt;&lt;br \/&gt; \">\n<div id=\"watch-description\" class=\"yt-uix-button-panel\">\n<div id=\"watch-description-text\">\n<p style=\"text-align: center;\"><span style=\"color: #808080;\"> twoje uwagi, linki, wlasne artykuly, lub wiadomosci przeslij do: <strong><span style=\"text-decoration: underline;\"><span style=\"color: #808080; text-decoration: underline;\"><a href=\"mailto:webmaster@reunion68.com\">webmaster@reunion68.com<\/a><\/span><\/span><\/strong><\/span><\/p>\n<\/div>\n<\/div>\n<\/div>\n<p>&nbsp;<\/p>\n<hr style=\"width: 710px;\" \/>\n","protected":false},"excerpt":{"rendered":"<p>Islamska imigracja o\u017cywia antysemityzm w Europie Annika Hernroth-Rothstein. \u201eChcesz, \u017cebym przeliterowa\u0142a? Boj\u0119 si\u0119 muzu\u0142man\u00f3w\u201d, powiedzia\u0142a szwedzko-\u017cydowska pisarka i doradczyni polityczna, Annika Hernroth-Rothstein. Powiedzia\u0142a to, zanim sala w Waszyngtonie wype\u0142ni\u0142a si\u0119 czterdziestoosobow\u0105 publiczno\u015bci\u0105 podczas wydarzenia \u201eThe Israel Project\u201d. Jej prezentacja: \u201ePrzysz\u0142o\u015b\u0107 \u017byd\u00f3w w Europie: w jaki spos\u00f3b zar\u00f3wno ukryty jak i gwa\u0142towny antysemityzm powoduj\u0105, \u017ce \u017cydowskie [&hellip;]<\/p>\n","protected":false},"author":1,"featured_media":0,"comment_status":"closed","ping_status":"closed","sticky":false,"template":"","format":"standard","meta":[],"categories":[6],"tags":[26,24],"_links":{"self":[{"href":"https:\/\/www.reunion68.se\/index.php?rest_route=\/wp\/v2\/posts\/22786"}],"collection":[{"href":"https:\/\/www.reunion68.se\/index.php?rest_route=\/wp\/v2\/posts"}],"about":[{"href":"https:\/\/www.reunion68.se\/index.php?rest_route=\/wp\/v2\/types\/post"}],"author":[{"embeddable":true,"href":"https:\/\/www.reunion68.se\/index.php?rest_route=\/wp\/v2\/users\/1"}],"replies":[{"embeddable":true,"href":"https:\/\/www.reunion68.se\/index.php?rest_route=%2Fwp%2Fv2%2Fcomments&post=22786"}],"version-history":[{"count":12,"href":"https:\/\/www.reunion68.se\/index.php?rest_route=\/wp\/v2\/posts\/22786\/revisions"}],"predecessor-version":[{"id":22799,"href":"https:\/\/www.reunion68.se\/index.php?rest_route=\/wp\/v2\/posts\/22786\/revisions\/22799"}],"wp:attachment":[{"href":"https:\/\/www.reunion68.se\/index.php?rest_route=%2Fwp%2Fv2%2Fmedia&parent=22786"}],"wp:term":[{"taxonomy":"category","embeddable":true,"href":"https:\/\/www.reunion68.se\/index.php?rest_route=%2Fwp%2Fv2%2Fcategories&post=22786"},{"taxonomy":"post_tag","embeddable":true,"href":"https:\/\/www.reunion68.se\/index.php?rest_route=%2Fwp%2Fv2%2Ftags&post=22786"}],"curies":[{"name":"wp","href":"https:\/\/api.w.org\/{rel}","templated":true}]}}