{"id":23022,"date":"2015-07-03T17:09:44","date_gmt":"2015-07-03T15:09:44","guid":{"rendered":"http:\/\/www.reunion68.se\/?p=23022"},"modified":"2015-07-01T07:10:52","modified_gmt":"2015-07-01T05:10:52","slug":"23022","status":"publish","type":"post","link":"https:\/\/www.reunion68.se\/?p=23022","title":{"rendered":"Saudyjscy dziennikarze: Przy\u0142\u0105czenie si\u0119 saudyjskiej m\u0142odzie\u017cy do ISIS wymaga ponownej rewizji naszej kultury"},"content":{"rendered":"<h5 style=\"text-align: center;\"><a href=\"http:\/\/www2.memri.org\/\" target=\"_blank\"><img decoding=\"async\" class=\"center alignleft\" src=\"http:\/\/www.reunion68.com\/Biuletyn\/img\/memri1.png\" alt=\"\" \/><\/a><span style=\"text-decoration: underline; color: #000080;\"><strong><a style=\"color: #000080; text-decoration: underline;\" href=\"http:\/\/www2.memri.org\/bin\/polish\/latestnews.cgi?ID=IA117215\" target=\"_blank\">Saudyjscy dziennikarze: Przy\u0142\u0105czenie si\u0119 saudyjskiej m\u0142odzie\u017cy do ISIS wymaga ponownej rewizji naszej kultury <\/a><\/strong><\/span><\/h5>\n<p style=\"text-align: center;\"><span style=\"color: #333333;\">Autor:<strong> E. Ezrahi<\/strong><\/span><\/p>\n<hr style=\"height: 15px; background: #d0e6fa; width: 710px;\" \/>\n<p style=\"text-align: left;\"><span style=\"color: #333333;\"><em>Saudyjski minister spraw wewn\u0119trznych ujawni\u0142, \u017ce w sk\u0142ad kom\u00f3rki terrorystycznej, aresztowanej ostatnio w Arabii Saudyjskiej, wchodzi\u0142o dw\u00f3ch pi\u0119tnastolatk\u00f3w i jeden szesnastolatek. 22 maja 2015 r. kom\u00f3rka dokona\u0142a bombardowania szyickiego meczetu w Al-Qatif we wschodnim Saabie, podczas kt\u00f3rego zgin\u0119\u0142y 22 osoby, a 12 zosta\u0142o rannych. Kom\u00f3rka planowa\u0142a te\u017c kilka innych atak\u00f3w w kraju. [1]<\/em><\/span><\/p>\n<div style=\"width: 470px\" class=\"wp-caption aligncenter\"><img decoding=\"async\" loading=\"lazy\" src=\"http:\/\/www.memri.org\/image\/23880.JPG\" alt=\"\" width=\"460\" height=\"186\" border=\"0\" \/><p class=\"wp-caption-text\">Od lewej do prawej:&#8217;Abdallah Al-Sa&#8217;awi, 16 lat; Abdallah Al-Taleq, 15 lat; Saleh Al-Sa&#8217;awi, 15 lat. \u0179r\u00f3d\u0142o: Al-Riyadh, Arabia Saudyjska, 26 maja 2015 r.<\/p><\/div>\n<p style=\"text-align: left;\"><span style=\"color: #333333;\"><em>Zaanga\u017cowanie si\u0119 m\u0142odzie\u017cy w terrorystyczn\u0105 dzia\u0142alno\u015b\u0107 Pa\u0144stwa Islamskiego (ISIS) w Arabii Saudyjskiej spowodowa\u0142o poruszenie w tamtejszej prasie. W artyku\u0142ach na ten temat ostro krytykowano saudyjsk\u0105 kultur\u0119, twierdzono, \u017ce jest nasycona sekciarsk\u0105 nienawi\u015bci\u0105 i umi\u0142owaniem przemocy oraz nawo\u0142ywano do wprowadzenia w niej podstawowych zmian. Twierdzono r\u00f3wnie\u017c, \u017ce saudyjskie spo\u0142ecze\u0144stwo t\u0142umi instynkty i potrzeby m\u0142odych Saudyjczyk\u00f3w, nak\u0142ania ich do szukania uj\u015bcia swoich emocji w destrukcyjnych alternatywach, takich jak przy\u0142\u0105czanie si\u0119 do grup terrorystycznych oraz \u017ce saudyjski re\u017cim musi jeszcze raz zrewidowa\u0107 \u015brodki, kt\u00f3re dotychczas podj\u0105\u0142, by zwalcza\u0107 terroryzm, poniewa\u017c wyra\u017anie wci\u0105\u017c jest bezsilny w walce z obecnymi dzia\u0142aniami terroryst\u00f3w.<\/em><\/span><\/p>\n<p style=\"text-align: left;\"><span style=\"color: #333333;\"><em>Jednocze\u015bnie pojawi\u0142y si\u0119 kontrowersje dotycz\u0105ce nara\u017cenia ma\u0142ych dzieci na kontakt z broni\u0105 paln\u0105 i przemoc\u0105. Nast\u0105pi\u0142o to po tym, jak w mediach spo\u0142eczno\u015bciowych pojawi\u0142y si\u0119 filmy, na kt\u00f3rych ma\u0142e dziewczynki strzelaj\u0105 z karabin\u00f3w, a nastoletni ch\u0142opcy wymachuj\u0105 broni\u0105 paln\u0105.<\/em><\/span><\/p>\n<p style=\"text-align: left;\"><span style=\"color: #333333;\"><em>Poni\u017cej zamieszczamy fragmenty artyku\u0142\u00f3w na ten temat:<\/em><\/span><\/p>\n<p style=\"text-align: left;\"><span style=\"color: #333333;\"><strong>Saudyjski uczony: Nasza kultura, j\u0119zyk i programy szkolne gloryfikuj\u0105 przemoc i zniszczenie<\/strong><\/span><\/p>\n<p style=\"text-align: left;\"><span style=\"color: #000080;\">Dr Saghir Al-Anzi, pracownik naukowy w saudyjskim Northern Borders University napisa\u0142, \u017ce saudyjska kultura, j\u0119zyk i programy szkolne gloryfikuj\u0105 zabijanie i przemoc oraz \u017ce dop\u00f3ki ten fakt b\u0119dzie ignorowany, nak\u0142anianie rodzin i szk\u00f3\u0142 do bardziej intensywnego kszta\u0142cenia i nadzorowania dzieci nie ma sensu. Jak powiedzia\u0142, potrzeba powa\u017cnej reformy saudyjskiej kultury by pokona\u0107 ISIS:<\/span><\/p>\n<p style=\"text-align: left;\"><span style=\"color: #000080;\">\u201eNaszej kulturze spo\u0142ecznej, kt\u00f3ra nak\u0142ania do przemocy, ukazuj\u0105c j\u0105 w korzystnym \u015bwietle, uda\u0142o si\u0119 sprawi\u0107, \u017ce nie zrozumieli\u015bmy niebezpiecznych skutk\u00f3w [przemocy], gdy\u017c od dzieci\u0144stwa przyzwyczaili\u015bmy si\u0119 do idei [przemocy] i nigdy ich nie kwestionowali\u015bmy ani si\u0119 nad nimi nie zastanawiali\u015bmy, a przyzwyczajenie za\u015blepia wzrok cz\u0142owieka i zamyka jego uszy. [&#8230;]<\/span><\/p>\n<p style=\"text-align: left;\"><span style=\"color: #000080;\">Nasze rodziny i szko\u0142y daj\u0105 racj\u0119 bytu destruktywnemu heroizmowi i go wywy\u017cszaj\u0105. Powodem, dla kt\u00f3rego \u2018bohater\u2019- nasz nadrz\u0119dny symbol spo\u0142eczny &#8211; wywiera na nas takie wra\u017cenie, jest jego umiej\u0119tno\u015b\u0107 tworzenia i rozprzestrzeniania przemocy. Nasze poj\u0119cie heroizmu sprowadza si\u0119 niemal wy\u0142\u0105cznie do nasilenia przemocy i krwawych rozwi\u0105za\u0144. Ekscytuj\u0105 nas historie, w kt\u00f3rych bohater obcina g\u0142owy [swoim wrogom], a im bardziej udaje mu si\u0119 sia\u0107 przemoc, tym bardziej zdobywa sobie [nasze] serca. [&#8230;] Jako teksty literackie mamy heroiczne qasidas[2], [przy czytaniu kt\u00f3rych] radujemy si\u0119 pi\u0119knem morderstwa i zniszczenia i upajamy si\u0119 nimi. Zostaj\u0105 one w nas, [chocia\u017c] nawet tego nie zauwa\u017camy. Wiele z narz\u0119dzi kulturowych, z kt\u00f3rych korzystamy do kszta\u0142cenia w domu i w szkole, zawiera wyj\u0105tkowo brutalne metody, kt\u00f3re zaszczepiaj\u0105 ekstremizm.<\/span><\/p>\n<p style=\"text-align: left;\"><span style=\"color: #000080;\">To nasuwa wa\u017cne pytanie: gdy prosimy rodziny o intensywniejsze kszta\u0142cenie dzieci i wzmocnienie nadzoru nad nimi, [lub] gdy nak\u0142aniamy szko\u0142y i uniwersytety do tego samego, eliminujemy ekstremizm czy go nasilamy? [&#8230;]<\/span><\/p>\n<p style=\"text-align: left;\"><span style=\"color: #000080;\">Zanim [zaczniemy] namawia\u0107 kogokolwiek, by wype\u0142ni\u0142 swoj\u0105 rol\u0119 w nadzorze i kszta\u0142ceniu, musimy ponownie zrewidowa\u0107 nasz\u0105 kultur\u0119, warto\u015bci, obyczaje i powiedzenia, a [potem] stwierdzi\u0107, kt\u00f3re [z nich] s\u0105 naprawd\u0119 humanistyczne i zakorzenione w religii, a kt\u00f3re [jedyne] wykorzystuj\u0105 religi\u0119 dla swoich w\u0142asnych cel\u00f3w, a jednak omy\u0142kowo postrzegamy je jako warto\u015bci nadrz\u0119dne, podczas gdy [w rzeczywisto\u015bci] s\u0105 ich przeciwie\u0144stwem. [\u2026] Je\u015bli pragniemy reformy, nie powinni\u015bmy nazywa\u0107 rewizji pope\u0142nionych przez nas b\u0142\u0119d\u00f3w kulturowych i edukacyjnych \u201esamobiczowaniem\u201d. Nie powinni\u015bmy [te\u017c] waha\u0107 si\u0119, je\u015bli chodzi o ods\u0142onienie brak\u00f3w w tych metodach [edukacyjnych] i ich reformowanie. Nie umniejsza to naszej warto\u015bci &#8211; przeciwnie, sprawia, \u017ce jeste\u015bmy lepszym spo\u0142ecze\u0144stwem. \u0141atwo jest by\u0107 samokrytycznym; pozb\u0105d\u017acie si\u0119 z naszego \u015brodowiska rozwi\u0105za\u0144, w kt\u00f3rych przemoc to jedyny \u015brodek samorealizacji, szukajcie pozytywnych rozwi\u0105za\u0144, kt\u00f3re [pomog\u0105 w] edukacji m\u0142odzie\u017cy, [&#8230;] a [tak\u017ce] stw\u00f3rzcie powiedzenia, parabole i j\u0119zyk, kt\u00f3re s\u0142u\u017c\u0105 wsp\u00f3\u0142\u017cyciu [z innymi] i kt\u00f3re przedk\u0142adaj\u0105 intelekt i wizj\u0119 nad rozwi\u0105zaniem \u2018przymusowym\u2019.<\/span><\/p>\n<p style=\"text-align: left;\"><span style=\"color: #000080;\">Wiele warto\u015bci, nad kt\u00f3rymi si\u0119 nie pochylono, paraboli, kt\u00f3re przyj\u0119to jako m\u0105dre i powiedze\u0144, kt\u00f3re sta\u0142y si\u0119 sztywnymi prawami, czynnie przyczyni\u0142o si\u0119 do stworzenia ma\u0142ych aktywist\u00f3w ISIS w ka\u017cdym z nas, a wi\u0119c tak\u017ce w umys\u0142ach m\u0142odszej generacji, tworz\u0105c [typ osobowo\u015bci], kt\u00f3ry raduje mordowanie. Je\u015bli naprawd\u0119 chcemy pozby\u0107 si\u0119 wielkich aktywist\u00f3w ISIS, najpierw musimy pozby\u0107 si\u0119 ma\u0142ych aktywist\u00f3w ISIS w nas samych. [3]<\/span><\/p>\n<p style=\"text-align: right;\"><span style=\"color: #000080;\">Czytaj dalej tu: <span style=\"text-decoration: underline;\"><strong><a style=\"color: #000080; text-decoration: underline;\" href=\"http:\/\/www2.memri.org\/bin\/polish\/latestnews.cgi?ID=IA117215\" target=\"_blank\">Saudyjscy dziennikarze: Przy\u0142\u0105czenie si\u0119 saudyjskiej\u00a0<\/a>&#8230;.<\/strong><\/span><\/span><\/p>\n<hr style=\"height: 15px; background: #d0e6fa; width: 710px;\" \/>\n<div id=\"content\" class=\"  content-alignment&lt;br \/&gt;&lt;br \/&gt; \">\n<div id=\"watch-description\" class=\"yt-uix-button-panel\">\n<div id=\"watch-description-text\">\n<p style=\"text-align: center;\"><span style=\"color: #808080;\"> twoje uwagi, linki, wlasne artykuly, lub wiadomosci przeslij do: <strong><span style=\"text-decoration: underline;\"><span style=\"color: #808080; text-decoration: underline;\"><a href=\"mailto:webmaster@reunion68.com\">webmaster@reunion68.com<\/a><\/span><\/span><\/strong><\/span><\/p>\n<\/div>\n<\/div>\n<\/div>\n<p>&nbsp;<\/p>\n<hr style=\"width: 710px;\" \/>\n","protected":false},"excerpt":{"rendered":"<p>Saudyjscy dziennikarze: Przy\u0142\u0105czenie si\u0119 saudyjskiej m\u0142odzie\u017cy do ISIS wymaga ponownej rewizji naszej kultury Autor: E. Ezrahi Saudyjski minister spraw wewn\u0119trznych ujawni\u0142, \u017ce w sk\u0142ad kom\u00f3rki terrorystycznej, aresztowanej ostatnio w Arabii Saudyjskiej, wchodzi\u0142o dw\u00f3ch pi\u0119tnastolatk\u00f3w i jeden szesnastolatek. 22 maja 2015 r. kom\u00f3rka dokona\u0142a bombardowania szyickiego meczetu w Al-Qatif we wschodnim Saabie, podczas kt\u00f3rego zgin\u0119\u0142y 22 [&hellip;]<\/p>\n","protected":false},"author":1,"featured_media":0,"comment_status":"closed","ping_status":"closed","sticky":false,"template":"","format":"standard","meta":[],"categories":[6],"tags":[26,24],"_links":{"self":[{"href":"https:\/\/www.reunion68.se\/index.php?rest_route=\/wp\/v2\/posts\/23022"}],"collection":[{"href":"https:\/\/www.reunion68.se\/index.php?rest_route=\/wp\/v2\/posts"}],"about":[{"href":"https:\/\/www.reunion68.se\/index.php?rest_route=\/wp\/v2\/types\/post"}],"author":[{"embeddable":true,"href":"https:\/\/www.reunion68.se\/index.php?rest_route=\/wp\/v2\/users\/1"}],"replies":[{"embeddable":true,"href":"https:\/\/www.reunion68.se\/index.php?rest_route=%2Fwp%2Fv2%2Fcomments&post=23022"}],"version-history":[{"count":13,"href":"https:\/\/www.reunion68.se\/index.php?rest_route=\/wp\/v2\/posts\/23022\/revisions"}],"predecessor-version":[{"id":23025,"href":"https:\/\/www.reunion68.se\/index.php?rest_route=\/wp\/v2\/posts\/23022\/revisions\/23025"}],"wp:attachment":[{"href":"https:\/\/www.reunion68.se\/index.php?rest_route=%2Fwp%2Fv2%2Fmedia&parent=23022"}],"wp:term":[{"taxonomy":"category","embeddable":true,"href":"https:\/\/www.reunion68.se\/index.php?rest_route=%2Fwp%2Fv2%2Fcategories&post=23022"},{"taxonomy":"post_tag","embeddable":true,"href":"https:\/\/www.reunion68.se\/index.php?rest_route=%2Fwp%2Fv2%2Ftags&post=23022"}],"curies":[{"name":"wp","href":"https:\/\/api.w.org\/{rel}","templated":true}]}}