{"id":232,"date":"2014-05-05T06:35:31","date_gmt":"2014-05-05T04:35:31","guid":{"rendered":"http:\/\/reunion68blog.wordpress.com\/?p=232"},"modified":"2014-05-05T06:35:31","modified_gmt":"2014-05-05T04:35:31","slug":"232","status":"publish","type":"post","link":"https:\/\/www.reunion68.se\/?p=232","title":{"rendered":"10 Filmowy Festival &#8211; \u017bydowskie Motywy"},"content":{"rendered":"<table border=\"0\" width=\"100%\" cellspacing=\"0\" cellpadding=\"0\">\n<tbody>\n<tr>\n<td style=\"text-align:center;vertical-align:top;\" width=\"150\"><img decoding=\"async\" src=\"http:\/\/www.reunion68.com\/Biuletyn\/img\/renata.jpg\" alt=\"\" height=\"200\" \/><\/p>\n<address><span style=\"color:#000080;\">Nadeslala i robila zdjecia:<br \/>\nRenata Zawadzka Ben Dor<\/span><\/address>\n<\/td>\n<td style=\"text-align:center;vertical-align:top;\"><span style=\"color:#000080;font-size:13px;\"><strong>Jury 10. edycji Mi\u0119dzynarodowego Festiwalu Filmowego \u017bydowskie Motywyprzyzna\u0142o nast\u0119puj\u0105ce nagrody:<\/strong><\/span><span style=\"color:#000080;font-size:13px;\"><br \/>\n<strong>GRAND PRIX \u2013 Z\u0142oty Warszawski Feniks<\/strong><br \/>\noraz nagroda w wysoko\u015bci 15 000 z\u0142<br \/>\nufundowana przez<br \/>\nPrezydent miasta sto\u0142ecznego Warszawy Hann\u0119 Gronkiewicz-Waltz:<br \/>\n<strong><em>\u017bo\u0142nierz na dachu<\/em><\/strong><strong>, re\u017c. Esther Hertog<\/strong><\/span><\/p>\n<p style=\"text-align:center;\"><span style=\"color:#000080;\"><strong>Warszawski Feniks<\/strong><\/span><br \/>\n<span style=\"color:#000080;\"> za najlepszy film fabularny<\/span><br \/>\n<span style=\"color:#000080;\"> oraz nagroda w wysoko\u015bci 5 000 z\u0142<\/span><br \/>\n<span style=\"color:#000080;\"> ufundowana przez Prezesa Telewizji Polskiej SA Juliusza Brauna:<\/span><br \/>\n<span style=\"color:#000080;\"> <strong><em>M\u0142odo\u015b\u0107<\/em><\/strong><strong>, re\u017c. Tom Shoval<\/strong><\/span><br \/>\n<span style=\"color:#000080;\"> <strong><br \/>\n<\/strong><strong>Warszawski Feniks<\/strong><\/span><br \/>\n<span style=\"color:#000080;\"> za najlepszy film dokumentalny<\/span><br \/>\n<span style=\"color:#000080;\"> oraz nagroda w wysoko\u015bci 5 000 z\u0142<\/span><br \/>\n<span style=\"color:#000080;\"> ufundowana przez Prezesa Telewizji Polskiej SA Juliusza Brauna:<\/span><br \/>\n<span style=\"color:#000080;\"> <strong><em>Czas Poniewie\u017ca<\/em><\/strong><strong>, re\u017c. Yehonatan Indursky<\/strong><\/span><br \/>\n<span style=\"color:#000080;\"> <strong><br \/>\n<\/strong><strong>Warszawski Feniks<\/strong><\/span><br \/>\n<span style=\"color:#000080;\"> za najlepszy film eksperymentalny<\/span><br \/>\n<span style=\"color:#000080;\"> oraz nagroda w wysoko\u015bci 5 000 z\u0142<\/span><br \/>\n<span style=\"color:#000080;\"> ufundowana przez Dyrektor Polskiego Instytutu Sztuki Filmowej Agnieszk\u0119 Odorowicz:<\/span><br \/>\n<span style=\"color:#000080;\"> <strong><em>Pionierki<\/em><\/strong><strong>, re\u017c. Michal Aviad<\/strong><\/span><\/p>\n<p style=\"text-align:center;\"><span style=\"color:#000080;\">Nasi widzowie <strong>Nagrod\u0119 Publiczno\u015bci<\/strong> przyznali filmowi:<\/span><br \/>\n<span style=\"color:#000080;\"> <strong><em>Ta\u0144cz\u0105c w Jaffie<\/em><\/strong><strong>, re\u017c. Hilla Medalia<\/strong><\/span><\/p>\n<p style=\"text-align:center;\"><span style=\"color:#000080;\"><strong>NAGRODY SPECJALNE:<\/strong><\/span><\/p>\n<p style=\"text-align:center;\"><span style=\"color:#000080;\"><strong>Warszawski Feniks<\/strong><strong><br \/>\n<\/strong><strong>Nagroda im. Antoniego Marianowicza dla najlepszego polskiego filmu<\/strong><\/span><br \/>\n<span style=\"color:#000080;\"> oraz nagroda w wysoko\u015bci 10 000 z\u0142<\/span><br \/>\n<span style=\"color:#000080;\"> ufundowana przez Stowarzyszenie Autor\u00f3w ZAiKS:<\/span><br \/>\n<span style=\"color:#000080;\"> <strong><em>Ojciec i syn<\/em><\/strong><strong>, re\u017c. Pawe\u0142 \u0141ozi\u0144ski<\/strong><\/span><\/p>\n<p style=\"text-align:center;\"><span style=\"color:#000080;\"><strong>Warszawski Feniks<\/strong><\/span><br \/>\n<span style=\"color:#000080;\"> dla filmu najlepiej obrazuj\u0105cego wsp\u00f3\u0142czesne \u017cycie \u017cydowskie<\/span><br \/>\n<span style=\"color:#000080;\"> oraz nagroda w wysoko\u015bci 8 000z\u0142<\/span><br \/>\n<span style=\"color:#000080;\"> ufundowana przez Warszawsk\u0105 Wyznaniow\u0105 Gmin\u0119 \u017bydowsk\u0105:<\/span><br \/>\n<span style=\"color:#000080;\"> <em><strong>Regina<\/strong><\/em>, <strong>re\u017c. Diana Gro\u00f3<\/strong><\/span><\/p>\n<p style=\"text-align:center;\"><span style=\"color:#000080;\"><strong>Nagroda Specjalna Orkiestry Mandolinowej z G\u00f3ry Kalwarii<\/strong><\/span><br \/>\n<span style=\"color:#000080;\"> za najlepszy film lub przedsi\u0119wzi\u0119cie maj\u0105ce na celu ochron\u0119 muzycznego dziedzictwa<\/span><br \/>\n<span style=\"color:#000080;\"> kulturalnego, ufundowana przez Avnera Yonaia:<\/span><br \/>\n<span style=\"color:#000080;\"> <strong><em>Pani spod sz\u00f3stki<\/em><\/strong>, re\u017c. <span lang=\"en-US\"><strong>Malcolm Clarke<\/strong><\/span><\/span><\/p>\n<\/td>\n<\/tr>\n<\/tbody>\n<\/table>\n<p style=\"text-align:left;\"><span style=\"color:#000080;\"><strong>Wi\u0119cej ciekawostek tutaj:<\/strong><a href=\"http:\/\/www.jewishmotifs.org.pl\/index.php?s=pl\"><span style=\"color:#000080;\"><br \/>\n<span style=\"color:#000080;\"> http:\/\/www.jewishmotifs.org.pl\/index.php?s=pl<\/span><\/span><\/a><\/span><\/p>\n<h2 style=\"text-align:center;\"><span style=\"color:#000080;\"><strong>\u00a0<\/strong><\/span><\/h2>\n<p style=\"text-align:center;\"><span style=\"color:#000080;\">\u00a0<\/span><span style=\"text-decoration:underline;\"><span style=\"color:#000080;\"><strong>Po raz dziesi\u0105ty rozdano Warszawskie Feniksy<\/strong><\/span><\/span><\/p>\n<p><span style=\"color:#000080;\">Tegoroczny Festiwal &#8211; jubileuszowy\u00a0 &#8211; powinien by\u0107 mo\u017ce bardziej uroczysty ale\u2026 nie. Wszystko odby\u0142o si\u0119 jak zwykle. Filmy sp\u0142ywa\u0142y sukcesywnie. Zesp\u00f3\u0142 selekcjoner\u00f3w (to ja, Witek i jeszcze kilka os\u00f3b) ogl\u0105da\u0142, charakteryzowa\u0142, stawia\u0142 oceny i\u2026wyk\u0142\u00f3ca\u0142 si\u0119 o filmy, kt\u00f3re &#8220;musz\u0105 by\u0107&#8221;. Jednak przyj\u0119te (a czasem narzucone nam) zasady s\u0105 nieub\u0142agane. Musi by\u0107 ile\u015b polskich produkcji, ile\u015b film\u00f3w kr\u00f3tkich, dokument\u00f3w, fabu\u0142. Najwi\u0119cej problem\u00f3w mieli\u015bmy\/mamy\/b\u0119dziemy mieli z uznaniem, ze film ma te tytu\u0142owe &#8220;\u017cydowskie motywy&#8221;. Jako\u015b nad tym panujemy ale ile przedtem jest\u00a0 dyskusji\u2026 Tak czy siak nie da si\u0119 ukry\u0107, \u017ce od pocz\u0105tku ka\u017cdy z nas ma swoich faworyt\u00f3w. Nie zawsze niestety udaje si\u0119 przekona\u0107 do nich szacowne gremium selekcjoner\u00f3w. Na ratunek wzywamy w\u00f3wczas najwy\u017csz\u0105 instancj\u0119: Magd\u0119 \u0141azarkiewicz &#8211; dyrektork\u0119 artystyczn\u0105 festiwalu. Jak ona &#8220;klepnie&#8221; to na og\u00f3\u0142 ju\u017c film z listy nie wypada, chyba \u017ce nagle dystrybutor chce na nim zarobi\u0107. My nie zarabiamy &#8211; wszyscy ogl\u0105daj\u0105 u nas filmy za friko &#8211; nie mo\u017cemy wi\u0119c p\u0142aci\u0107.<\/span><\/p>\n<p><span style=\"color:#000080;\">W tym roku wp\u0142yn\u0119\u0142y na festiwal 163 filmy. Zakwalifikowali\u015bmy 30. Wybory nie by\u0142y \u0142atwe. Od pocz\u0105tku faworyzowa\u0142am dwa filmy: <a href=\"http:\/\/www.jewishmotifs.org.pl\/index.php?s=pl-lista_filmow\/106-2014\"><span style=\"color:#000080;\"><strong>Czas Poniewie\u017ca \/ Ponevezh Time<\/strong><\/span><\/a>\u00a0i <a href=\"http:\/\/www.jewishmotifs.org.pl\/index.php?s=pl-lista_filmow\/129-2014\"><span style=\"color:#000080;\"><strong>Pani spod sz\u00f3stki \/ The Lady in Number 6<\/strong><\/span><\/a>. Obydwa nagrodzono. Niestety znakomity hiszpa\u0144ski dokument\u00a0 <a href=\"http:\/\/www.jewishmotifs.org.pl\/index.php?s=pl-lista_filmow\/055-2014\"><span style=\"color:#000080;\"><strong>Pi\u0119tno? \/ The Stigma?<\/strong><\/span><\/a>nie zosta\u0142 przez jury dostrze\u017cony. Nie dosta\u0142 te\u017c \u017cadnej nagrody naprawd\u0119 dobry film Leo Kantora <a href=\"http:\/\/www.jewishmotifs.org.pl\/index.php?s=pl-lista_filmow\/159-2014\"><span style=\"color:#000080;\"><strong>W poszukiwaniu utraconego krajobrazu \/ In Search of the Lost Landscape<\/strong><\/span><\/a>ani <a href=\"http:\/\/www.jewishmotifs.org.pl\/index.php?s=pl-lista_filmow\/016-2014\"><span style=\"color:#000080;\"><strong>Zydowska spu\u015bcizna na Broadwayu \/ Broadway Musicals: A Jewish Legacy<\/strong><\/span><\/a>nomen omen te\u017c Kantora, tyle \u017ce Michaela . Te trzy obrazy mo\u017cna &#8220;oskar\u017cy\u0107&#8221; o to, \u017ce ich &#8220;urod\u0119&#8221; zdominowa\u0142 walor edukacyjny, a to zgodnie z zasadami\u00a0 naszego festiwalu pewien grzech.<\/span><\/p>\n<p><span style=\"color:#000080;\">Takich &#8220;przegranych&#8221; jednak jak zwykle by\u0142o wi\u0119cej ni\u017c zwyci\u0119zc\u00f3w. Ja bardzo \u017ca\u0142uje, \u017ce nie za\u0142apa\u0142 si\u0119 na \u017cadne wyr\u00f3\u017cnienie\u00a0 film <a href=\"http:\/\/www.jewishmotifs.org.pl\/index.php?s=pl-lista_filmow\/115-2014\"><span style=\"color:#000080;\"><strong>Pomi\u0119dzy \/ In Between<\/strong><\/span><\/a>, Witek \u017ca\u0142uje <a href=\"http:\/\/www.jewishmotifs.org.pl\/index.php?s=pl-lista_filmow\/113-2014\"><span style=\"color:#000080;\"><strong>Drugi raz do tej samej rzeki \/ Same river twice<\/strong><\/span><\/a>\u00a0a nasi koledzy pewnie jeszcze paru innych. Przecie\u017c wybierali\u015bmy najlepsze z najlepszych!\u00a0 A jednak nie\u00a0 zosta\u0142y w og\u00f3le zakwalifikowane izraelski\u00a0 film <strong>2Night<\/strong>, czy francuski <strong>For a Woman (Pour une femme)<\/strong>, kt\u00f3re obydwojgu nam podoba\u0142y si\u0119 bardzo,. No ale nie czas \u017ca\u0142owa\u0107 r\u00f3\u017c\u2026<\/span><\/p>\n<p><span style=\"color:#000080;\">Go\u015bciem Honorowym tegorocznego Festiwalu by\u0142 Andrzej Wajda. Na spotkaniu z nim sala by\u0142a pe\u0142na. Po spotkaniu pan Andrzej podpisywa\u0142 niedawno wydan\u0105 ksi\u0105\u017ck\u0119 &#8220;Jaros\u0142aw Iwaszkiewicz, Andrzej Wajda &#8211; Korespondencje. Po autograf ustawi\u0142a si\u0119 niema\u0142a kolejka. Widzowie mieli zapewne nieraz dylemat czy obejrze\u0107 film pana Andrzeja, czy jak\u0105\u015b festiwalow\u0105 produkcj\u0119. Na szcz\u0119\u015bcie dla film\u00f3w festiwalowych przewidziano po dwie projekcje.<\/span><\/p>\n<p><span style=\"color:#000080;\">Festiwalowi towarzyszy\u0142y dwie debaty z udzia\u0142em widz\u00f3w, zainspirowane zg\u0142oszonymi na festiwal filmami: <a href=\"http:\/\/www.jewishmotifs.org.pl\/index.php?s=pl-lista_filmow\/027-2014\"><span style=\"color:#000080;\"><strong>Pionierki \/ The Women Pioneers<\/strong><\/span><\/a>\u00a0Michal Aviad oraz <a href=\"http:\/\/www.jewishmotifs.org.pl\/index.php?s=pl-lista_filmow\/139-2014\"><span style=\"color:#000080;\"><strong>Nigdy nie zapomnij k\u0142ama\u0107 \/ Never Forget to Lie<\/strong><\/span><\/a><span style=\"text-decoration:underline;\">\u00a0Mariana Marzy\u0144skiego.\u00a0 Obie udane. Na debaty i otwarcie Festiwalu ju\u017c od ubieg\u0142ego roku udost\u0119pnia nam &#8220;wypasione&#8221; audytorium\u00a0 Muzeum Historii \u017byd\u00f3w Polskich. Projekcje festiwalowe maja od lat miejsce w kinie Muran\u00f3w i\u2026niech tak b\u0119dzie jak najd\u0142u\u017cej. I niech jak najd\u0142u\u017cej towarzyszy nam J\u00f3zef Hen. To on zawsze\u00a0 razem z Andrzejem Wajd\u0105 otwiera festiwal a na zako\u0144czenie opowiada jak tu &#8211; na Muranowie &#8211; przed wojn\u0105 wspaniale si\u0119 \u017cy\u0142o. Tymi opowie\u015bciami i tradycyjn\u0105 formu\u0142\u0105\u00a0 zamyka Festiwal.<\/span><\/span><\/p>\n<p><strong><span style=\"color:#000080;\">Na migawki z Festiwalu? Zaprasza Natka: <\/span><\/strong><\/p>\n<p><a href=\"https:\/\/picasaweb.google.com\/115249757480243129872\/XMiedzynarodowyFestiwalFilmowyZydowskieMotywyOtwarcie\" target=\"_blank\"><span style=\"color:#000080;\"><span style=\"text-decoration:underline;\">Otwarcie<\/span><\/span><\/a>\u00a0\u00a0 <a href=\"https:\/\/picasaweb.google.com\/115249757480243129872\/XMiedzynarodowyFestiwalFilmowyZydowskieMotywyDzienPierwszy\" target=\"_blank\"><span style=\"color:#000080;\"><span style=\"text-decoration:underline;\">Dzien Pierwszy<\/span><\/span><\/a>\u00a0\u00a0\u00a0 <a href=\"https:\/\/picasaweb.google.com\/115249757480243129872\/XMiedzynarodowyFestiwalFilmowyZydowskieMotywyDzienDrugi\" target=\"_blank\"><span style=\"color:#000080;\"><span style=\"text-decoration:underline;\">Dzien Drugi<\/span><\/span><\/a>\u00a0\u00a0 <a href=\"https:\/\/picasaweb.google.com\/115249757480243129872\/XMiedzynarodowyFestiwalFilmowyZydowskieMotywyDzienTrzeci\" target=\"_blank\"><span style=\"color:#000080;\"><span style=\"text-decoration:underline;\">Dzien Trzeci<\/span><\/span><\/a>\u00a0\u00a0 <a href=\"https:\/\/picasaweb.google.com\/115249757480243129872\/XMiedzynarodowyFestiwalFilmowyZydowskieMotywyDzienCzwarty#\" target=\"_blank\"><span style=\"color:#000080;\"><span style=\"text-decoration:underline;\">Dzien Czwarty<\/span><\/span><\/a>\u00a0\u00a0 <span style=\"text-decoration:underline;\"><a href=\"https:\/\/picasaweb.google.com\/115249757480243129872\/XMiedzynarodowyFastiwalFilmowyZydowskieMotywyFinaY\" target=\"_blank\"><span style=\"color:#000080;text-decoration:underline;\">Finaly<\/span><\/a><\/span><\/p>\n","protected":false},"excerpt":{"rendered":"<p>Nadeslala i robila zdjecia: Renata Zawadzka Ben Dor Jury 10. edycji Mi\u0119dzynarodowego Festiwalu Filmowego \u017bydowskie Motywyprzyzna\u0142o nast\u0119puj\u0105ce nagrody: GRAND PRIX \u2013 Z\u0142oty Warszawski Feniks oraz nagroda w wysoko\u015bci 15 000 z\u0142 ufundowana przez Prezydent miasta sto\u0142ecznego Warszawy Hann\u0119 Gronkiewicz-Waltz: \u017bo\u0142nierz na dachu, re\u017c. Esther Hertog Warszawski Feniks za najlepszy film fabularny oraz nagroda w wysoko\u015bci [&hellip;]<\/p>\n","protected":false},"author":1,"featured_media":0,"comment_status":"closed","ping_status":"open","sticky":false,"template":"","format":"standard","meta":[],"categories":[4],"tags":[],"_links":{"self":[{"href":"https:\/\/www.reunion68.se\/index.php?rest_route=\/wp\/v2\/posts\/232"}],"collection":[{"href":"https:\/\/www.reunion68.se\/index.php?rest_route=\/wp\/v2\/posts"}],"about":[{"href":"https:\/\/www.reunion68.se\/index.php?rest_route=\/wp\/v2\/types\/post"}],"author":[{"embeddable":true,"href":"https:\/\/www.reunion68.se\/index.php?rest_route=\/wp\/v2\/users\/1"}],"replies":[{"embeddable":true,"href":"https:\/\/www.reunion68.se\/index.php?rest_route=%2Fwp%2Fv2%2Fcomments&post=232"}],"version-history":[{"count":0,"href":"https:\/\/www.reunion68.se\/index.php?rest_route=\/wp\/v2\/posts\/232\/revisions"}],"wp:attachment":[{"href":"https:\/\/www.reunion68.se\/index.php?rest_route=%2Fwp%2Fv2%2Fmedia&parent=232"}],"wp:term":[{"taxonomy":"category","embeddable":true,"href":"https:\/\/www.reunion68.se\/index.php?rest_route=%2Fwp%2Fv2%2Fcategories&post=232"},{"taxonomy":"post_tag","embeddable":true,"href":"https:\/\/www.reunion68.se\/index.php?rest_route=%2Fwp%2Fv2%2Ftags&post=232"}],"curies":[{"name":"wp","href":"https:\/\/api.w.org\/{rel}","templated":true}]}}