{"id":23528,"date":"2015-07-19T18:05:11","date_gmt":"2015-07-19T16:05:11","guid":{"rendered":"http:\/\/www.reunion68.se\/?p=23528"},"modified":"2015-07-19T08:34:12","modified_gmt":"2015-07-19T06:34:12","slug":"23528","status":"publish","type":"post","link":"https:\/\/www.reunion68.se\/?p=23528","title":{"rendered":"Pod sztandarami d\u017cihadu"},"content":{"rendered":"<h5 style=\"text-align: center;\"><a href=\"http:\/\/www.listyznaszegosadu.pl\/\" target=\"_blank\"><img decoding=\"async\" class=\"center alignleft\" src=\"http:\/\/www.reunion68.com\/Biuletyn\/img\/z-naszego.jpg\" alt=\"\" width=\"350\" \/><\/a><span style=\"text-decoration: underline; color: #000080;\"><strong><a style=\"color: #000080; text-decoration: underline;\" href=\"http:\/\/www.listyznaszegosadu.pl\/listy-do-pani-z\/pod-sztandarami-dzihadu\" target=\"_blank\">Pod sztandarami d\u017cihadu<\/a><\/strong><\/span><\/h5>\n<p style=\"text-align: center;\"><span style=\"color: #333333;\"><strong>Andrzej Koraszewski<\/strong><\/span><\/p>\n<hr style=\"height: 15px; background: #d0e6fa; width: 710px;\" \/>\n<p style=\"text-align: left;\"><img decoding=\"async\" class=\" alignright\" src=\"http:\/\/www.listyznaszegosadu.pl\/upload\/article\/bild\/6043\/629278\/63d9fcf8-6ad9-45a3-a6a2-170213752098_s.jpg\" alt=\"\" width=\"350\" border=\"0\" \/><br \/>\n<strong><span style=\"color: #333333;\">Jeden z Pani czytelnik\u00f3w z\u0142o\u017cy\u0142 na mnie doniesienie do prokuratury. Gdyby przypadkiem prokuratura potraktowa\u0142a go powa\u017cnie, mia\u0142bym pewien problem z pe\u0142n\u0105 dokumentacj\u0105 jego elektronicznego d\u017cihadu. Zamieszcza setki komentarzy pod wieloma pseudonimami, wiele jego komentarzy zosta\u0142o usuni\u0119tych przez moderatora ze wzgl\u0119du na ich antysemicki charakter. Zebranie i prezentacja dost\u0119pnej dokumentacji by\u0142oby zaj\u0119ciem czasoch\u0142onnym i uczciwie m\u00f3wi\u0105c, nudnym jak flaki z olejem.<\/span><\/strong><\/p>\n<p style=\"text-align: left;\"><span style=\"color: #000080;\">D\u017cihad naszych nadwi\u015bla\u0144skich antysemit\u00f3w to nasza sprawa wewn\u0119trzna, nie wp\u0142ywa na losy \u015bwiata, mo\u017cemy najwy\u017cej prowadzi\u0107 badania nad stanem umys\u0142\u00f3w mieszka\u0144c\u00f3w naszego za\u015bcianka na obrze\u017cach (zachodniej) Europy.<\/span><\/p>\n<p style=\"text-align: left;\"><span style=\"color: #000080;\">Czy zwr\u00f3ci\u0142a Pani uwag\u0119 na nazistowskie saluty jednego z polskich reprezentant\u00f3w w Parlamencie Europejskim? Janusz Korwin-Mikke nie ukrywa swojej wrogo\u015bci do demokracji, jest zwolennikiem dyktatury, rz\u0105d\u00f3w silnej r\u0119ki, publikowane przez niego pismo ma r\u00f3wnie\u017c silne w\u0105tki antysemickie. Oddaj\u0105c salut nazistowski z trybuny Parlamentu Europejskiego ten pan w muszce twierdzi, \u017ce zwalcza totalitarne tendencje w Unii Europejskiej.<\/span><\/p>\n<p style=\"text-align: left;\"><span style=\"color: #000080;\">Wielu ludzi krytykuje nadmiern\u0105 biurokracj\u0119 w unijnych instytucjach, sk\u0142onno\u015b\u0107 do regulowania wszystkiego, brak umiej\u0119tno\u015bci zastosowania zasad federalizmu. Gospodarczy centralizm by\u0142 znacznie silniejszy w Zwi\u0105zku Radzieckim ni\u017c w III Rzeszy i mimo wszystkich zapewnie\u0144, nasz reprezentant w PE pozostawia nas w niepewno\u015bci, czy oddaj\u0105c ten salut z unijnej trybuny robi to jako zwolennik nazizmu, czy jako jego krytyk, czy tylko jako gro\u017any pajac na mi\u0119dzynarodowej arenie politycznej.<\/span><\/p>\n<p style=\"text-align: left;\"><span style=\"color: #000080;\">Deklarowany d\u017cihad Janusza Korwina-Mikke to \u201erozwali\u0107 Uni\u0119 Europejsk\u0105\u201d. Demokracja umo\u017cliwia realizowanie takich cel\u00f3w metodami demokratycznymi.<\/span><\/p>\n<p style=\"text-align: left;\"><span style=\"color: #000080;\">Interesuj\u0105cy jest d\u017cihad Amnesty International, organizacji niegdy\u015b bardzo mi bliskiej. Chcia\u0142bym Pani opowiedzie\u0107 o jednym z setek incydent\u00f3w informuj\u0105cych o d\u017cihadzie obecnych przyw\u00f3dc\u00f3w organizacji niegdy\u015b broni\u0105cej wi\u0119\u017ani\u00f3w sumienia.<\/span><\/p>\n<p><span style=\"color: #000080;\">Ci obro\u0144cy czego\u015b innego zakochali si\u0119 w kampaniach na twitterze.<\/span><\/p>\n<p><span style=\"color: #000080;\">Jeden z nich wygl\u0105da\u0142 tak:<\/span><\/p>\n<p style=\"padding-left: 150px;\"><em>AmnestyInternational\u200f@AmnestyOnline\u00a0<\/em><br \/>\n<em>12 July #GazaCity: 17 family<\/em> members killed when Israeli warplanes bombarded house as worshippers left nearby mosque http:\/\/amn.st\/6017B8fcb ;<\/p>\n<p style=\"padding-left: 150px;\"><em>(17 lipca #GazaCity: 17 cz\u0142onk\u00f3w rodziny zabitych kiedy izraelski samolot wojskowy zbombardowa\u0142 dom podczas gdy wierni wychodzili z pobliskiego meczetu.)<\/em><\/p>\n<p style=\"text-align: left;\"><span style=\"color: #000080;\">Informacja kr\u00f3tka, rzeczowa, zamieszczona w kilka miesi\u0119cy po wydarzeniu, o kt\u00f3rym wszystko by\u0142o od dawna wiadomo, ale dzia\u0142acze organizacji niegdy\u015b broni\u0105cej wi\u0119\u017ani\u00f3w sumienia, chcieliby poruszy\u0107 nasze sumienia dzi\u015b. Czy link w tweecie informuje lepiej? Nie, ale AI nie zajmuje si\u0119 informowaniem.<\/span><\/p>\n<p style=\"text-align: left;\"><span style=\"color: #000080;\">No to mo\u017ce spr\u00f3bujmy dowiedzie\u0107 si\u0119 wi\u0119cej. Chodzi o rodzin\u0119 Al Batsh, kt\u00f3rej dom w dzielnicy Szed\u017caija zosta\u0142 istotnie zbombardowany. Zgin\u0119\u0142o 18 os\u00f3b (jedna osoba zmar\u0142a p\u00f3\u017aniej wskutek odniesionych ran).<\/span><\/p>\n<p style=\"text-align: left;\"><span style=\"color: #000080;\">Na czele rodziny sta\u0142 Nahed Na\u2019im al-Batsh, a Hamas wyprodukowa\u0142 nawet kr\u00f3tki film o m\u0119cze\u0144stwie tego oficera Brygad Kassam. (film jest tylko w wersji arabskiej, ale zdj\u0119cia informuj\u0105 obszerniej ni\u017c tweet AI). Z zabitych 18 os\u00f3b sze\u015b\u0107 by\u0142o cz\u0142onkami \u201eruchu oporu\u201d (poj\u0119cie ukradzione z czas\u00f3w walki z nazizmem, a w tym kontek\u015bcie oznaczaj\u0105ce cz\u0142onk\u00f3w organizacji terrorystycznych). Zgin\u0119\u0142o, r\u00f3wnie\u017c dziesi\u0119cioletnie dziecko, ch\u0142opiec, kt\u00f3rego zdj\u0119cie w mundurze polowym i z karabinem automatycznym wskazuje na indoktrynowanie dzieci do zabijania.<\/span><\/p>\n<p><img decoding=\"async\" loading=\"lazy\" class=\" alignright\" src=\"http:\/\/www.listyznaszegosadu.pl\/upload\/article\/bild\/592\/629279\/anas2_s.jpg\" alt=\"\" width=\"360\" height=\"640\" border=\"0\" \/><\/p>\n<p style=\"text-align: left;\"><span style=\"color: #000080;\">Warto zwr\u00f3ci\u0107 uwag\u0119 na eleganckie po\u0142\u0105czenie wychodz\u0105cej w\u0142a\u015bnie z meczetu gromady wiernych i zbombardowania domu (w domy\u015ble niewinnych cywil\u00f3w), z kt\u00f3rego prowadzono operacje terrorystyczne, ale udajemy, \u017ce o tym nie wiemy. Czy Pani r\u00f3wnie\u017c uwa\u017ca, \u017ce pytanie o d\u017cihad Amnesty International jest uzasadnione?<\/span><\/p>\n<p style=\"text-align: left;\"><span style=\"color: #000080;\">S\u0142owo \u201ed\u017cihad\u201d stosunkowo najcz\u0119\u015bciej t\u0142umaczone jest jako \u201e\u015bwi\u0119ta wojna\u201d. Zwolennicy reformacji w islamie s\u0105 na \u015bcie\u017cce wojennej z tym t\u0142umaczeniem i woleliby, \u017ceby t\u0142umaczy\u0107 je jako drog\u0119 do Boga, czyli zmagania o doskonalenie si\u0119 duchowe. Nie wiem, czy Korwin-Mikke prowadzi \u015bwi\u0119t\u0105 wojn\u0119, czy tylko doskonali si\u0119 duchowo, ale u\u017cycie tego s\u0142owa w wyst\u0105pieniach dzia\u0142aczy islamskich organizacji religijnych i militarnych zazwyczaj nie pozostawia wiele w\u0105tpliwo\u015bci co do tego, kt\u00f3re znaczenie mu przypisuj\u0105.<\/span><\/p>\n<p style=\"text-align: left;\"><span style=\"color: #000080;\">Dla zachodniego odbiorcy strawy medialnej spory o r\u00f3\u017cne interpretacje tego poj\u0119cia nie maj\u0105 wi\u0119kszego znaczenia. D\u017cihad kojarzy si\u0119 jednoznacznie z motywowanym przez religi\u0119 islamskim terroryzmem. W Stanach Zjednoczonych w\u0142a\u015bnie zatrzymano m\u0142odego cz\u0142owieka, kt\u00f3ry podobno planowa\u0142 zamach bombowy w studenckiej sto\u0142\u00f3wce. Alexander Ciccolo konstruowa\u0142 bomb\u0119, by\u0142 w posiadaniu niezarejestrowanej broni, o swoich sympatiach pisa\u0142 na Facebooku, planowa\u0142 zamach w imieniu Pa\u0144stwa Islamskiego.<\/span><\/p>\n<p style=\"text-align: left;\"><span style=\"color: #000080;\">Sto lat temu m\u0142odych ludzi z duszami rewolucjonist\u00f3w kusi\u0142 anarchizm, kt\u00f3ry r\u00f3wnie\u017c g\u0142osi\u0142 drog\u0119 do \u015bwietlanej przysz\u0142o\u015bci prowadz\u0105c\u0105 przez zamachy bombowe. Pewn\u0105 zalet\u0105 tamtego terroryzmu by\u0142o jego ograniczenie do w\u0142adc\u00f3w i polityk\u00f3w, chocia\u017c efekty ko\u0144cowe liczy\u0142y si\u0119 w milionach ofiar. (Mo\u017cemy si\u0119 zastanawia\u0107 nad pytaniem, jak zasadne jest \u0142\u0105czenie zab\u00f3jstwa Sto\u0142ypina z bolszewick\u0105 rewolucj\u0105, czy zab\u00f3jstwa austriackiego arcyksi\u0119cia z wybuchem pierwszej wojny \u015bwiatowej? By\u0142y to wydarzenia marginalne, ale nie bez znaczenia. Domy\u015blam si\u0119 jednak, \u017ce dla Pani ciekawsze by\u0142y wynurzenia Chomsky\u2019ego ni\u017c przerwane reformy Sto\u0142ypina.<\/span><\/p>\n<p style=\"text-align: left;\"><span style=\"color: #000080;\">Czy lubi Pani okre\u015blenie \u201ebadacze owadzich nog\u00f3w\u201d? Noam Chomsky jest interesuj\u0105cym lingwist\u0105, lingwi\u015bci to te\u017c \u201ebadacze owadzich nog\u00f3w\u201d, wi\u0119c lingwistyczne teorie Chomsky\u2019ego nie interesuj\u0105 studenckich mas, studenckie masy porywa jego anarchistyczna mi\u0142o\u015b\u0107 do morderc\u00f3w. D\u017cihad Noama Chomsky\u2019ego jest wsp\u00f3lny z d\u017cihadem przyw\u00f3dcy Hezbollahu (Partii Boga), Nasrallaha, kt\u00f3rego osobi\u015bcie odwiedzi\u0142, i kt\u00f3rego gor\u0105co popiera. Nasrallah nie ukrywa, \u017ce jego d\u017cihad to d\u017cihad Eichmanna, uzupe\u0142niony o mi\u0142o\u015b\u0107 do Allaha. (Tej ostatniej Chomsky nie podziela, ale wa\u017cna jest wsp\u00f3lna sprawa.)<\/span><\/p>\n<p style=\"text-align: left;\"><span style=\"color: #000080;\">Badacze owadzich nog\u00f3w to ludzie przyziemni, bez wizji, mo\u017cna powiedzie\u0107, \u017ce bez serca i bez ducha. D\u017cihad to wizja nadaj\u0105ce sens zar\u00f3wno \u017cyciu, jak i \u015bmierci.<\/span><\/p>\n<p style=\"text-align: left;\"><span style=\"color: #000080;\">D\u017cihad fanatycznego islamu obserwujemy na wszystkich kontynentach. Wi\u0119c pojawia si\u0119 pytanie, co \u0142\u0105czy syna wysokiego oficera ameryka\u0144skiej policji, Alexandra Ciccolo, z synem wiejskiego duchownego afga\u0144skiego?<\/span><\/p>\n<p style=\"text-align: left;\"><span style=\"color: #000080;\">Inny ameryka\u0144ski d\u017cihadysta, urodzony w Ameryce Adam Yahiye Gadahn, zosta\u0142 zabity uderzeniem dronu 19 stycznia 2015. Ciekawa posta\u0107, \u017cydowska rodzina, dziadek znany urolog, ojciec muzyk, matka chrze\u015bcijanka, (dziennikarka), ojciec nawr\u00f3cony na chrze\u015bcija\u0144stwo ateista. Adam Gadahn studiowa\u0142, troch\u0119 muzykowa\u0142, szuka\u0142 siebie. Nawr\u00f3ci\u0142 si\u0119 na islam, a nast\u0119pnie w 1997 roku pojecha\u0142 do Pakistanu i do\u0142\u0105czy\u0142 tam do Al-Kaidy.<\/span><\/p>\n<p style=\"text-align: left;\"><span style=\"color: #000080;\">Literatura mo\u017ce nam czasem pomaga\u0107 w rozwi\u0105zywaniu zagadek, czasem wpuszcza na fa\u0142szywe tropy, czasem zmusza do zastanowienia si\u0119. Rodzice Adama Gadhana zmienili nazwisko z Pearlman na Gadhan, co jest innym zapisem znanego z Biblii Gideona, niszczyciela. (Ciekawe, ale w tym w\u0105tku dalej mo\u017cemy tylko spekulowa\u0107.) Tak czy inaczej ameryka\u0144ski \u017byd, Adam Gadhan, by\u0142 przed \u015bmierci\u0105 rzecznikiem Al-Kaidy.<\/span><\/p>\n<p style=\"text-align: left;\"><span style=\"color: #000080;\">W\u0142a\u015bnie angielskoj\u0119zyczny magazyn tej organizacji opublikowa\u0142 nieznan\u0105 wcze\u015bniej rozmow\u0119 z Gadhanem, podczas kt\u00f3rej odpowiada\u0142 na pytanie dlaczego do\u0142\u0105czy\u0142 do d\u017cihadu:<\/span><\/p>\n<p style=\"text-align: left; padding-left: 60px;\"><span style=\"color: #333333;\"><em>\u201ePoza pragnieniem dope\u0142nienia jednostkowego obowi\u0105zku d\u017cihadu, s\u0105dz\u0119, \u017ce szczeg\u00f3lnie kierowa\u0142y mn\u0105 dwie rzeczy, kt\u00f3re s\u0105 wsp\u00f3lne niemal dla wszystkich, kt\u00f3rzy si\u0119 zg\u0142aszaj\u0105: potrzeba pomocy i obrony prze\u015bladowanych i uciskanych muzu\u0142man\u00f3w, gdziekolwiek oni si\u0119 znajduj\u0105 oraz pragnienie, by pom\u00f3c w ustanowieniu islamskiego pa\u0144stwa. W moim przypadku by\u0142o to r\u00f3wnie\u017c pragnienie zobaczenia islamskiego rz\u0105du &#8211; rz\u0105du talib\u00f3w \u2013 w dzia\u0142aniu.\u201d<\/em><\/span><\/p>\n<p style=\"text-align: left;\"><span style=\"color: #000080;\">Prawda, \u017ce pi\u0119kne, wr\u0119cz rozczulaj\u0105ce. O rz\u0105dach talib\u00f3w w dzia\u0142aniu s\u0105 t\u0142umaczone na j\u0119zyk polski dwie bardzo pi\u0119kne ksi\u0105\u017cki afga\u0144skiego pisarza, Khaleda Hosseiniego. Czyta\u0142a je Pani? Pyta\u0142em o nie polskiego muzu\u0142manina (nie, nie polskiego Tatara, polskiego inteligenta, kt\u00f3ry nawr\u00f3ci\u0142 si\u0119 na islam). Najpierw odpowiedzia\u0142, \u017ce s\u0105 ciekawsze ksi\u0105\u017cki, potem, \u017ce owszem s\u0142ysza\u0142 o tych wszystkich okrucie\u0144stwach muzu\u0142man\u00f3w wobec muzu\u0142man\u00f3w i te\u017c mu przykro, ale zapewnia mnie, \u017ce islam ceni ludzkie \u017cycie.<\/span><\/p>\n<p style=\"text-align: left;\"><span style=\"color: #000080;\">D\u017cihad jest ide\u0105 imperialn\u0105. By\u0142 ide\u0105 imperialn\u0105 w pocz\u0105tkach islamu, pozwoli\u0142 zjednoczy\u0107 najpierw arabskie plemiona i b\u0142yskawicznie podbi\u0107 obszary znacznie wi\u0119ksze od imperium rzymskiego. Dzisiejsze odrodzenie tej idei to nie jest li tylko ciekawostka dla politolog\u00f3w.<\/span><\/p>\n<p style=\"text-align: left;\"><span style=\"color: #000080;\">Jeste\u015bmy ignorantami, jeste\u015bmy skazani na obcowanie z informacjami, kt\u00f3re nie s\u0105 pewne i kt\u00f3re nigdy nie s\u0105 kompletne. Czytamy opinie, ale opinie s\u0105 ska\u017cone wiar\u0105, uprzedzeniami ich autor\u00f3w, tym, \u017ce ich autorzy s\u0105 r\u00f3wnie\u017c ignorantami, czasem nazbyt przekonanymi, \u017ce wiedz\u0105 wi\u0119cej ni\u017c inni. Mamy r\u00f3wnie\u017c sk\u0142onno\u015b\u0107 do my\u015blenia przez analogi\u0119, ale te analogie mog\u0105 by\u0107 myl\u0105ce.<\/span><\/p>\n<p style=\"text-align: left;\"><span style=\"color: #000080;\">Informacje o opublikowanym po\u015bmiertnie wywiadzie Adama Gadhara zaczerpn\u0105\u0142em z artyku\u0142u Tufaila Ahmada, jednego z pracownik\u00f3w badawczych MEMRI, kt\u00f3ry ukaza\u0142 si\u0119 pierwotnie w jednym z indyjskich periodyk\u00f3w. Ahmad pisze, \u017ce idea mi\u0119dzynarodowego d\u017cihadu od 1980 roku porywa umys\u0142y m\u0142odych muzu\u0142man\u00f3w od Kalifornii do Kandaharu i od Kaukazu do Kabulu. D\u017cihadystyczne ugrupowania mog\u0105 si\u0119 koncentrowa\u0107 pocz\u0105tkowo na jednym kraju czy regionie, ale nieodmiennie okazywa\u0142y si\u0119 cz\u0119\u015bci\u0105 globalnego d\u017cihadu.<\/span><\/p>\n<p style=\"text-align: left;\"><span style=\"color: #000080;\">Ta islamska mi\u0119dzynarod\u00f3wka, jak pisze Tufail Ahmad, jak si\u0119 wydaje zacz\u0119\u0142a si\u0119 rodzi\u0107 wraz z powstaniem Islamskiej Republiki Iranu w 1979 roku, sunnicka Al-Kaida zrodzi\u0142a swoj\u0105 bardziej radykaln\u0105 wersj\u0119 Islamskie Pa\u0144stwo. Adam Gadhan m\u00f3wi w tym wywiadzie, \u017ce Al-Kaida nigdy nie zamierza\u0142a ogranicza\u0107 si\u0119 do jednego kraju lub regionu. Na jej czele stali arabscy dow\u00f3dcy, ale pocz\u0105tkowo by\u0142a to organizacja g\u0142\u00f3wnie pakista\u0144ska, za\u0142o\u017cona w 1988 roku w Peszawarze, inspirowana i nadzorowana przez pakista\u0144ski wywiad.<\/span><\/p>\n<p style=\"text-align: left;\"><span style=\"color: #000080;\">Cel Bractwa Muzu\u0142ma\u0144skiego, Iranu, Al-Kaidy, ISIS, Boko Haram jest jeden i ten sam \u2013 wszech\u015bwiatowy islamski kalifat. Ch\u0119tni rekruci garn\u0105 si\u0119 do tych, kt\u00f3rzy s\u0105 bardziej brutalni i maj\u0105 wi\u0119cej zwyci\u0119stw. W cieniu czai si\u0119 Turcja, marz\u0105ca o odbudowie osma\u0144skiego imperium i, podobnie jak niegdy\u015b Japonia, marz\u0105ca o rzuceniu r\u0119kawicy Zachodowi. Tu my\u015blenie jest strategiczne, d\u0142ugofalowe, obliczone na wykorzystanie zwyci\u0119stw harcownik\u00f3w i wzajemne wyczerpanie si\u0119 pretendent\u00f3w do przewodzenia mi\u0119dzynarodowemu d\u017cihadowi.<\/span><\/p>\n<p style=\"text-align: left;\"><span style=\"color: #000080;\">Pisz\u0105c ten list do Pani dosta\u0142em dwie wiadomo\u015bci \u2013 pierwsz\u0105 od znajomego muzu\u0142manina z Egiptu, kt\u00f3ry przes\u0142a\u0142 mi tylko link do informacji o nowym wyst\u0105pieniu prezydenta Sisiego. Serwis angielskoj\u0119zyczny Ahram 14 lipca 2015 pisa\u0142 m.in.<\/span><\/p>\n<p style=\"text-align: left;\"><span style=\"color: #000080;\">Prezydent Abdel-Fattah El-Sisi oskar\u017cy\u0142 Wielkiego Imama Al \u2013 Azharu Ahmeda El-Tayeba oraz innych duchownych o to, \u017ce nie podj\u0119li wysi\u0142ku rozpocz\u0119cia dyskursu o religii w Egipcie.<\/span><\/p>\n<p style=\"text-align: left; padding-left: 60px;\"><em><span style=\"color: #333333;\">\u201eTo wy jeste\u015bcie odpowiedzialni za ten religijny dyskurs i B\u00f3g mnie zapyta, czy jestem z tego zadowolony, czy nie.\u201d<\/span><\/em><\/p>\n<p style=\"text-align: left; padding-left: 60px;\"><em><span style=\"color: #333333;\">\u201eRol\u0105 duchownych nie jest wyg\u0142aszanie kaza\u0144 w meczetach ale propagowanie pokoju w\u015br\u00f3d ludzi.\u201e<\/span><\/em><\/p>\n<p style=\"text-align: left; padding-left: 60px;\"><em><span style=\"color: #333333;\">\u201eKiedy podczas ubieg\u0142orocznej ceremonii podj\u0105\u0142em ide\u0119 religijnej rewolucji, nie mia\u0142em na my\u015bli narzucania zmian przemoc\u0105, m\u00f3wi\u0142em raczej o zrewolucjonizowaniu naszego my\u015blenia, aby by\u0142o zgodne z naszymi czasami i prowadzi\u0142o do poprawienia obrazu islamu.\u201d<\/span><\/em><\/p>\n<p style=\"text-align: left;\"><span style=\"color: #000080;\">Czy obserwuje Pani d\u017cihad tego egipskiego genera\u0142a, kt\u00f3ry po ulicznych masowych protestach przeciw Bractwu Muzu\u0142ma\u0144skiemu zosta\u0142 egipskim prezydentem? Czy mo\u017cemy powiedzie\u0107, \u017ce prowadzi d\u017cihad przeciwko d\u017cihadowi? Pani najwierniejsi komentatorzy bardzo go nie lubi\u0105. Podejrzewam, \u017ce bardziej podnieci ich druga wiadomo\u015b\u0107. Jest to wiadomo\u015b\u0107 r\u00f3wnie\u017c z 14 lipca 2015 i r\u00f3wnie\u017c dotycz\u0105ca Egiptu. Pochodzi z Jerusalem Center for Public Affairs. Z kr\u00f3tkiego doniesienia dowiadujemy si\u0119, \u017ce Egipt oskar\u017ca Turcj\u0119 o inspirowanie i wspieranie dzia\u0142alno\u015bci ISIS na Synaju. Egipska armia poinformowa\u0142a o aresztowaniu oficer\u00f3w tureckiego wywiadu. Egipcjanie podaj\u0105 nazwiska czterech aresztowanych na Synaju os\u00f3b. R\u00f3wnocze\u015bnie wywiad izraelski poinformowa\u0142, \u017ce Turcja zezwoli\u0142a na za\u0142o\u017cenie co najmniej trzech oboz\u00f3w treningowych dla d\u017cihadyst\u00f3w na swoim terytorium, w pobli\u017cu granicy z Syri\u0105 i Irakiem. Dzia\u0142alno\u015b\u0107 w tych obozach jest kierowana i nadzorowana przez wywiad turecki.<\/span><\/p>\n<p style=\"text-align: left;\"><span style=\"color: #000080;\">By\u0142o wiele wiarogodnych doniesie\u0144 o cichym wspieraniu ISIS przez Turcj\u0119 i nawet prezydent Obama powiedzia\u0142 nie\u015bmia\u0142o, \u017ce Turcja mog\u0142aby robi\u0107 wi\u0119cej w walce z terroryzmem ISIS.<\/span><\/p>\n<p style=\"text-align: left;\"><span style=\"color: #000080;\">Od obalenia w Egipcie prezydenta Mursiego Turcja otwarcie okazywa\u0142a swoj\u0105 wrogo\u015b\u0107 wobec nowego rz\u0105du w Kairze i (ca\u0142kiem otwarcie) udzieli\u0142a schronienia i wsparcia zwi\u0105zanej z Bractwem Muzu\u0142ma\u0144skim egipskiej opozycji.<\/span><\/p>\n<p style=\"text-align: left;\"><span style=\"color: #000080;\">Podobnie jak wcze\u015bniej komunistyczna mi\u0119dzynarod\u00f3wka by\u0142a siedliskiem walcz\u0105cych ze sob\u0105 \u017cmij, tak globalny d\u017cihad pe\u0142en jest wewn\u0119trznych konflikt\u00f3w, a mimo to nieustannie ro\u015bnie w si\u0142\u0119. Jak si\u0119 okazuje jest to si\u0142a pot\u0119\u017cniejsza od lokalnych armii i znakomicie daj\u0105ca sobie rad\u0119 z walcz\u0105c\u0105 z nim mi\u0119dzynarodow\u0105 koalicj\u0105 kraj\u00f3w zachodnich. W organizacjach globalnego d\u017cihadu nies\u0142ychanie popularny jest gest, kt\u00f3ry Janusz Korwin-Mikke wykona\u0142 w Parlamencie Europejskim. Niekt\u00f3rzy zastanawiaj\u0105 si\u0119 nad d\u017cihadem prezydenta Obamy, kt\u00f3ry r\u00f3wnie\u017c szuka porozumienia z najpowa\u017cniejszymi pretendentami do przewodzenia globalnemu islamskiemu d\u017cihadowi \u2013 Iranem i Turcj\u0105.<\/span><\/p>\n<p style=\"text-align: left;\"><span style=\"color: #000080;\">Nie s\u0105dzi Pani, \u017ce \u017cyjemy w ciekawych czasach?<\/span><\/p>\n<hr style=\"height: 15px; background: #d0e6fa; width: 710px;\" \/>\n<div id=\"content\" class=\"  content-alignment&lt;br \/&gt;&lt;br \/&gt; \">\n<div id=\"watch-description\" class=\"yt-uix-button-panel\">\n<div id=\"watch-description-text\">\n<p style=\"text-align: center;\"><span style=\"color: #808080;\"> twoje uwagi, linki, wlasne artykuly, lub wiadomosci przeslij do: <strong><span style=\"text-decoration: underline;\"><span style=\"color: #808080; text-decoration: underline;\"><a href=\"mailto:webmaster@reunion68.com\">webmaster@reunion68.com<\/a><\/span><\/span><\/strong><\/span><\/p>\n<\/div>\n<\/div>\n<\/div>\n<p>&nbsp;<\/p>\n<hr style=\"width: 710px;\" \/>\n","protected":false},"excerpt":{"rendered":"<p>Pod sztandarami d\u017cihadu Andrzej Koraszewski Jeden z Pani czytelnik\u00f3w z\u0142o\u017cy\u0142 na mnie doniesienie do prokuratury. Gdyby przypadkiem prokuratura potraktowa\u0142a go powa\u017cnie, mia\u0142bym pewien problem z pe\u0142n\u0105 dokumentacj\u0105 jego elektronicznego d\u017cihadu. Zamieszcza setki komentarzy pod wieloma pseudonimami, wiele jego komentarzy zosta\u0142o usuni\u0119tych przez moderatora ze wzgl\u0119du na ich antysemicki charakter. Zebranie i prezentacja dost\u0119pnej dokumentacji by\u0142oby [&hellip;]<\/p>\n","protected":false},"author":1,"featured_media":0,"comment_status":"closed","ping_status":"closed","sticky":false,"template":"","format":"standard","meta":[],"categories":[6],"tags":[26,24],"_links":{"self":[{"href":"https:\/\/www.reunion68.se\/index.php?rest_route=\/wp\/v2\/posts\/23528"}],"collection":[{"href":"https:\/\/www.reunion68.se\/index.php?rest_route=\/wp\/v2\/posts"}],"about":[{"href":"https:\/\/www.reunion68.se\/index.php?rest_route=\/wp\/v2\/types\/post"}],"author":[{"embeddable":true,"href":"https:\/\/www.reunion68.se\/index.php?rest_route=\/wp\/v2\/users\/1"}],"replies":[{"embeddable":true,"href":"https:\/\/www.reunion68.se\/index.php?rest_route=%2Fwp%2Fv2%2Fcomments&post=23528"}],"version-history":[{"count":22,"href":"https:\/\/www.reunion68.se\/index.php?rest_route=\/wp\/v2\/posts\/23528\/revisions"}],"predecessor-version":[{"id":23551,"href":"https:\/\/www.reunion68.se\/index.php?rest_route=\/wp\/v2\/posts\/23528\/revisions\/23551"}],"wp:attachment":[{"href":"https:\/\/www.reunion68.se\/index.php?rest_route=%2Fwp%2Fv2%2Fmedia&parent=23528"}],"wp:term":[{"taxonomy":"category","embeddable":true,"href":"https:\/\/www.reunion68.se\/index.php?rest_route=%2Fwp%2Fv2%2Fcategories&post=23528"},{"taxonomy":"post_tag","embeddable":true,"href":"https:\/\/www.reunion68.se\/index.php?rest_route=%2Fwp%2Fv2%2Ftags&post=23528"}],"curies":[{"name":"wp","href":"https:\/\/api.w.org\/{rel}","templated":true}]}}