{"id":23575,"date":"2015-07-20T18:09:21","date_gmt":"2015-07-20T16:09:21","guid":{"rendered":"http:\/\/www.reunion68.se\/?p=23575"},"modified":"2015-07-19T16:49:30","modified_gmt":"2015-07-19T14:49:30","slug":"23575","status":"publish","type":"post","link":"https:\/\/www.reunion68.se\/?p=23575","title":{"rendered":"Plotkies &#8211; Jewish heritage trip to Poland May 2015 with Frida Schatz"},"content":{"rendered":"<h5 style=\"text-align: center;\"><a href=\"http:\/\/webnews.textalk.com\/plotkies-nr-64\" target=\"_blank\"><img decoding=\"async\" class=\"center alignleft\" src=\"http:\/\/www.reunion68.com\/Biuletyn\/img\/plotkies-1.png\" alt=\"\" width=\"710\" \/><\/a><span style=\"text-decoration: underline; color: #000080;\"><span style=\"text-decoration: underline;\"><strong><a style=\"color: #000080; text-decoration: underline;\" href=\"http:\/\/webnews.textalk.com\/plotkies-nr-64\/zycie-towarzyskie\/jewish-heritage-trip-to-poland-may-2015-with-frida-schatz\" target=\"_blank\">Plotkies &#8211; Jewish heritage trip to Poland May 2015 with Frida Schatz<\/a><\/strong><\/span><\/span><\/h5>\n<hr style=\"height: 15px; background: #d0e6fa; width: 710px;\" \/>\n<p><script src=\"\/js\/jquery-1.10.2.min.js\" type=\"text\/javascript\"><\/script><script src=\"http:\/\/webnews.textalk.com\/js\/template-13024-15243.6f38792394f74a46527db05379ccf643.js\" type=\"text\/javascript\"><\/script><\/p>\n<div class=\"webnews-wrapper\">\n<div class=\"webnews-container3\">\n<table class=\"webnews-vertical-wrapper webnews-container11\" border=\"0\" cellspacing=\"0\" cellpadding=\"0\">\n<tbody>\n<tr>\n<td class=\"webnews-vblock14\" valign=\"top\">\n<div class=\"webnews-block14 webnews-content\">\n<p style=\"text-align: center;\"><strong><em>Jewish heritage trip to Poland May 2015 with Frida Schatz<\/em><\/strong><\/p>\n<table border=\"0\" width=\"100%\" cellspacing=\"0\" cellpadding=\"0\">\n<tbody>\n<tr>\n<td style=\"text-align: center;\"><span class=\"templateArticleByline\" style=\"color: #333333;\">By: <strong>LOLA BARAL and others<\/strong><\/span><\/td>\n<td align=\"right\"><span class=\"templateArticleBylineDate\">2015-07-13<br \/>\n<\/span><\/td>\n<\/tr>\n<\/tbody>\n<\/table>\n<div class=\"webnewsArticleImageContainer \" style=\"text-align: left;\"><strong>\u00a0This very well planned, meaningful, deeply moving and instructive trip to Poland took us to a few of the places where Jews had lived and later suffered incredible. The ones who survived the hell lost almost their whole family in the camps. During the tour we saw the past and the present Jewish life in Poland combined with interesting visits and unforgettable meetings. It was a trip, essential for our Jewish souls.<\/strong><\/div>\n<div class=\"templateArticleBrodtext\">\n<p style=\"text-align: left;\"><span style=\"color: #000080;\">We started in Warsaw by a very professional guided tour of the core exhibition of <strong>Polin Museum. <\/strong>\u00a0The Museum of the History of Polish Jews opened its doors to the public in April 2013. For over a year it functioned as a cultural and educational center with a rich cultural program, including temporary exhibitions, films, debates, workshops, performances, concerts, lectures and much more. On October 28, 2014 the Core Exhibition, presenting the thousand-year history of Polish Jews was officially opened. The Museum stands in what was once the heart of Jewish Warsaw &#8211; an area which the Nazis turned into the Warsaw Ghetto during WW2. This significant location, coupled with the Museum\u2019s proximity to the Monument to the Ghetto Heroes, demanded extreme thoughtfulness on the part of the building\u2019s designers, who carefully crafted a structure that has become a symbol of the new face of Warsaw. The Core Exhibition is a journey through 1000 years of the history of Polish Jews &#8211; from the Middle Ages until today. Visitors will find answers to questions such as: how did Jews come to Poland? How did Poland become the center of the Jewish Diaspora and the home of the largest Jewish community in the world? How did it cease to be one, and how is Jewish life being revived?<\/span><\/p>\n<p><span style=\"color: #000080;\">We continued our tour to the<strong> Jewish cemetery. <\/strong>Then the <strong>Warsaw Ghetto,<\/strong> the former ghetto area and the remains of the ghetto walls. In this Ghetto, 450\u00a0000 Jews were forced to live in inhuman, very crowded conditions. By the time deportation to the extermination camps began, about 100,000 residents of the Ghetto had died of starvation or disease. After the 1943 Uprising the ruins of the Ghetto were leveled, and a new residential district was built right on top of them, making the new buildings one level higher than the pre-war buildings had been. We visited the Synagogue, Korczak monument and the last location of the Orphanage building, monuments and historical sites including the Monument to the Heroes of the Warsaw Ghetto, the Remembrance Path, Mila 18 Monument and Umschlagplatz Monument, and others.<\/span><\/p>\n<p><strong>During the tour, visit to Jewish Historical Institute &#8211; documentary film on the history of the Warsaw Ghetto and meeting with a very exceptional person, Mr Jan Jagielski, the chief of Documentation Department and Photographic Archive of the Jewish Historical Institute. This was another unique visit and meeting.<\/strong><\/p>\n<p style=\"text-align: left;\"><span style=\"color: #000080;\">We visited the <strong>Praga district<\/strong> and after that went to the <strong>Warsaw Jewish Community Center<\/strong>. JCC Warsaw offers today an array of educational activities focusing on the cultural aspects of Judaism and Jewish life. JCC Warszawa is a safe space for people to (re)discover and (re)develop their Jewish identity but also for their non-Jewish families and friends to join their loved ones in participation in Jewish communal life. They offer activities for preschoolers and primary school pupils, young adults and families, adults and seniors &#8211; some of them directed specifically to one group, others intergenerational.<\/span><\/p>\n<p style=\"text-align: left;\"><span style=\"color: #000080;\">During our stay in Warsaw, we were invited by Golda Tencer to the <strong>Ester Rachel and Ida Kaminska Jewish Theatre<\/strong>. She told us about the theatre and showed us a very exciting film about the legendary history of this place.<\/span><\/p>\n<p style=\"text-align: left;\"><span style=\"color: #000080;\"><strong>Shabbat<\/strong> service and dinner at <strong>Etz Chaim Warsaw Jewish community<\/strong> was another exciting meeting with Rabbi Stas Wojciechowicz and community members.<\/span><\/p>\n<p style=\"text-align: left;\"><span style=\"color: #000080;\">We left Warsaw and passed <strong>Tykocin,<\/strong> once an important trade centre owned by Polish kings, by 1800 became a typical Jewish shtetl. Before WW2, the town had 5,000 inhabitants, half of them Jewish. All of the 2,500 Jewish residents of Tykocin were taken to the nearby Lopuchowo forest and shot by the Nazis in the summer of 1941. Today Tykocin looks the same as it did before WW2 &#8211; you can still see Jewish wooden houses, one of the finest synagogues in Poland built in 1642 (now museum) and admire the perfect harmony of both Christian and Jewish architecture. Visit to the <strong>Tykocin synagogue.<\/strong><\/span><\/p>\n<p style=\"text-align: left;\"><span style=\"color: #000080;\">The tour continued to <strong>Lopuchowo<\/strong>, where we visited mass graves and a memorial in the forest commemorating the extermination site of Tykocin Jews.<\/span><\/p>\n<p style=\"text-align: left;\"><span style=\"color: #000080;\">Next stop was in <strong>Treblinka<\/strong> located110 km (68 miles) northeast of Warsaw, established in 1941 as a forced labor camp for Poles. Within a year a second camp was built which became a symbol of the extermination of the central European Jews. Opened on July 23, 1942, as the Warsaw ghetto deportation began, it resulted in total 900 thousand victims. Handled with the utmost of secrecy, surrounded by two barbed wire fences was a scene of organized revolt of Jewish prisoners in August 1943, after which was liquidated in October 1943. Today a symbolic memorial monument and 17 thousand stones mark the site of the Jewish tragedy\u2026<\/span><\/p>\n<p style=\"text-align: left;\"><span style=\"color: #000080;\">Our tour continued to <strong>Lublin<\/strong>. Jewish Lublin, the city once famous for its Hebrew and Yiddish publishing houses and Yeshivas. We visited <strong>The Chachmei Lublin Yeshiva,<\/strong> the famousmodern Talmudic academy opened on June 24 and 25, 1930. We continued to the <strong>Pre-war Jewish district <\/strong>of Lublin , the Old Town and the area of the former Jewish Ghetto. <strong>The Jewish Cemetery<\/strong> has the oldest Matzeva in Poland still in its original location. We had a very unique meeting with Mrs &amp; Mr Matraszek in <strong>TSKZ<\/strong> of Lublin, Social and Cultural Association of Jews in Poland. Interesting mother and son, who only stay in Lublin to take care of this place, a very authentic place and meeting.<\/span><\/p>\n<p style=\"text-align: left;\"><span style=\"color: #000080;\">An exceptional and instructive visit to \u201c<strong>Brama Grodzka &#8211; Teatr NN\u201d<\/strong> and <strong>meeting with Mr Witold D\u0105browski<\/strong> &#8211; Deputy Director at &#8220;Grodzka Gate &#8211; NN Theatre&#8221; Center, manager, actor, singer and storyteller.<\/span><\/p>\n<p style=\"text-align: left;\"><span style=\"color: #000080;\">In the evening dinner at Madragona Restaurant (Jewish-style restaurant) in Lublin with a <strong>surprise concert by some actors from the Jewish Theatre in Warsaw<\/strong>, specially organized for our group!<\/span><\/p>\n<p style=\"text-align: left;\"><span style=\"color: #000080;\">Next stop was <strong>Majdanek Museum<\/strong>, a former concentration and forced labour camp, also used as the death camp. This camp was liberated by the Soviet army. During this time more than 79\u00a0000 people were murdered at Majdanek main camp alone (59\u00a0000 of them Polish Jews) and between 95\u00a0000 and 130\u00a0000 people in the entire Majdanek system of sub camps. Some 18\u00a0000 Jews were killed at Majdanek on November 3, 1943 during the largest single-day, single-camp massacre of the Holocaust named Harvest Festival (total 43\u00a0000 with 2 sub camps).<\/span><\/p>\n<p style=\"text-align: left;\"><span style=\"color: #000080;\">Next we made a stop in <strong>Izbica a former Shtetl<\/strong> and <strong>Jewish Cemetery<\/strong>. Izbica was oncea notable centre of trade and commerce, with time the town became a shtetl inhabited almost entirely by Polish Jews. During the WW2 the Izbica Ghetto was set up by the Nazis. The first mass deportation of ghetto inmates to the Be\u0142\u017cec extermination camp took place in mid-March 1942 conducted by the Reserve Police Battalion 101 with the aid of Ukrainian Trawnikis. During Operation Reinhard the ghetto served as a transfer point to the extermination camps in Belzec and Sobibor for foreign Jews deported from Germany, Austria, Czechoslovakia and western Poland (Reichsgau Wartheland). Of all Jews of Izbica (over 90% of its prewar population), only 14 survived the Holocaust \u2013 one of them is Thomas \u201cToivi\u201d Blatt, the Sobibor survivor.<\/span><\/p>\n<p style=\"text-align: left;\"><span style=\"color: #000080;\">After Izbica we went to <strong>Zamo\u015b\u0107<\/strong>, where Frida\u2019s mother and her family were born. Zamo\u015b\u0107<strong>, <\/strong>the UNESCO World Heritage site, is an unique example of a Renaissance town in Central Europe, consistently designed and built in accordance with the Italian theories of the &#8220;ideal town,&#8221; built by the founder, Jan Zamoyski and the outstanding architect, Bernardo Morando. Zamo\u015b\u0107 was a large center of Chasidic Judaism. The Oahal of Zamo\u015b\u0107 was founded in 1588 when Jan Zamoyski agreed to settle the Jews in the city. The first Jewish settlers were mainly the Sephardi Jews coming from Italy, Spain, Portugal and Turkey. In the 17th century, the newcomers were recruited among the Ashkenazi Jews that soon constituted the majority of the Jewish population.<\/span><\/p>\n<p style=\"text-align: left;\"><span style=\"color: #000080;\">There we had a tour of <strong>Jewish and historic Zamosc<\/strong> including visit to <strong>the beautiful Synagogue <\/strong>and a meeting with the <strong>Righteous Among the Nation<\/strong>. Mrs. Halina Blaszczyk, a 89-year old lady, who told us the story how her mother hid a young Jewish boy Chanan during the war. He survived the war and moved to Israel. He invited her 3 times to Israel.<\/span><\/p>\n<p style=\"text-align: left;\"><span style=\"color: #000080;\">From Zamosc we continued to <strong>Sandomierz<\/strong> a beautiful medieval town, known for its Old Town. Sandomierz became a symbol of anti-Jewish stereotypes \u2013 in 2 catholic churches one can see a series of paintings with scenes with ritual murders committed in Sandomierz by Jews on Christian children. A plaque came up 1995 to explain that Jews did not kill children and did not draw blood from them, but the painting is still hanging.<\/span><\/p>\n<p style=\"text-align: left;\"><span style=\"color: #000080;\">Our next stop was <strong>Kazimierz Dolny<\/strong> \u2013 a picturesque small town on Vistula river, a major tourist attraction of the region with magnificent old architecture. Jewish community was present in the city from the time of Casimir III the Great (Kazimierz) in the 14th century. The king granted the Jews a writ of rights which caused the town to become a focal point for Jewish immigration. Short walking tour around the town and the remnants of Jewish past \u2013 <strong>the synagogue, the cemetery<\/strong>. One of the most famous Jewish residents of the town was the painter and sculptor Chaim Goldberg. Another was the noted journalist S. L. Shneiderman, who wrote about Kazimierz Dolny in his book The River Remembers<\/span><\/p>\n<p style=\"text-align: left;\"><span style=\"color: #000080;\">In <strong>Prztyk<\/strong>, we passed by the place where the Przytyk Pogrom occurred against the Jewish community on March 9th, 1936. According to historians this was the most notorious incident of anti-Semitic violence in Poland in the interwar period.<\/span><\/p>\n<p style=\"text-align: left;\"><span style=\"color: #000080;\"><strong>Lodz<\/strong> \u2013 Poland\u2019s third largest city, was the next stop. We visited <strong>Lodz Ghetto area, the Radegast deportation station and the Jewish Cemetery. <\/strong><\/span><\/p>\n<p style=\"text-align: left;\"><span style=\"color: #000080;\">One of Lodz\u2019s most prominent 19<sup>th<\/sup> century citizens was industrialist and philanthropist Izrael Poznanski. His former palace is now the city\u2019s museum and his factory is now a commercial and cultural center. We visited <strong>Piotrowska street, Jewish life before WW2<\/strong>, inc. the only surviving <strong>Synagogue<\/strong>. In the evening we were invited to a <strong>Shabbat dinner at Beit Lodz Community.<\/strong><\/span><\/p>\n<p style=\"text-align: left;\"><span style=\"color: #000080;\">Day 10 and we are on our way back to Warsaw.<\/span><\/p>\n<p style=\"text-align: left;\"><span style=\"color: #000080;\">On our last day of the tour, we listened to an amazing <strong>Chopin Concert in the Lazienki Gardens<\/strong> and on our last evening we went to <strong>Warsaw Opera and saw Casanova Ballet<\/strong>. This beautiful concert and the dance performance provided a break to the intensity of what we felt during the trip and it was a fantastic ending of a very emotional difficult trip through the Jewish tragedies in Poland.<\/span><\/p>\n<p style=\"text-align: left;\"><span style=\"color: #000080;\">Many thanks to Frida, for organizing this trip, with amazing guides and an amazing program.<\/span><\/p>\n<p><img decoding=\"async\" class=\"center aligncenter\" src=\"http:\/\/www.reunion68.com\/Biuletyn\/img\/break.png\" alt=\"\" \/><\/p>\n<p style=\"text-align: center;\"><a style=\"color: #000080;\" name=\"block2\"><\/a><strong>Letters of some Participants in the trip to Poland, after the trip:<\/strong><\/p>\n<hr \/>\n<\/div>\n<p><span style=\"color: #000080;\">Letter 1<strong>: <\/strong>&#8211;\u00a0<strong>Poland \u2013 May 21 to June 1<\/strong><\/span><\/p>\n<div class=\"templateArticleBrodtext\" style=\"text-align: left;\">\n<p><span style=\"color: #000080;\">Gaby and I have postponed our trip to Poland and Germany for over 50 years.\u00a0 Our feelings of ambiguity come from the loss of most of our parent\u2019s families there. For Gaby, as being the daughter of an Auschwitz \u201csurvivor\u201d mother and a Partisan father, and for my own background as born in a Japanese concentration camp as a result of what happened in Germany.<\/span><\/p>\n<p><span style=\"color: #000080;\">Having said that, our experience in Poland was profound, guided professionally and with sensitivity by extremely good local guides, and organized splendidly by Frida.<\/span><\/p>\n<p><span style=\"color: #000080;\">We will always be troubled by the Shoah. The loss of over one third of Jewish population, and its replacement by monuments and museums only made us concentrate on the sense of loss, the sense of incomprehension, and the impossibility to feel the pain and suffering of so many.<\/span><\/p>\n<p><span style=\"color: #000080;\">To be surrounded, as we were during this trip, by people who understood our mood, comprehended our pain, and shared it, was profoundly helpful.\u00a0 There was comradery, shared prayers, overlapping stories and backgrounds (\u201cHow did each of us in the group survive?\u201d).\u00a0 To have friends (Malvina and Yaakov) along who had preceded us in the path through Poland and reminded us of the need for a break, the enjoyment of music, scenery, and dance provided a break to the intensity of what we felt.<\/span><\/p>\n<p><span style=\"color: #000080;\">Frieda, thank you for organizing the trip, for sharing your reunion with your family with our reunion with our past.<\/span><\/p>\n<p><span style=\"color: #000080;\">Leon and Gabi Rogson<\/span><br \/>\n<span style=\"color: #000080;\">PS: -Poland was a marvelous learning experience.\u00a0 The quality of our guides was incredibly high, the company congenial and interesting.\u00a0 Thank you Freda for your efforts, and it was great meeting you.\u00a0 Hope we can do something like this again.<\/span><\/p>\n<p style=\"text-align: right;\"><strong><span style=\"color: #000080;\"> Leon<\/span><\/strong><\/p>\n<hr \/>\n<\/div>\n<p style=\"text-align: left;\"><span style=\"color: #000080;\"><a style=\"color: #000080;\" name=\"block4\"><\/a>Letter 2:<strong>\u00a0&#8211;\u00a0Dear Freda and Friends,<\/strong><\/span><\/p>\n<div class=\"templateArticleBrodtext\" style=\"text-align: left;\">\n<p><span style=\"color: #000080;\">I would like to thank you all for these wonderful days spent together in Poland. b<\/span><span style=\"color: #000080;\">It was a meaningful, deeply moving and instructive trip, essential for our Jewish souls. I will never forget those days.\u00a0<\/span><span style=\"color: #000080;\">Thank you so much, dear Freda, for giving us the opportunity to travel together, to enjoy your excellent guides and to share our feelings, not only the sad ones, but also our friendship and joy.<\/span><\/p>\n<p><span style=\"color: #000080;\">You were all a part of this essential experience.\u00a0<\/span><span style=\"color: #000080;\">I am very grateful to Freda and willing to participate to any trip she would organize in the future.\u00a0<\/span><span style=\"color: #000080;\">I wish all the best to you all and hope that we shall soon meet again.<\/span><\/p>\n<p style=\"text-align: right;\"><span style=\"color: #000080;\">With warmest thoughts,<br \/>\n<\/span><strong><span style=\"color: #000080;\">Ewa Korulska<\/span><\/strong><\/p>\n<hr \/>\n<\/div>\n<p><span style=\"color: #000080;\"><a style=\"color: #000080;\" name=\"block5\"><\/a>Letter 3: &#8211;\u00a0<strong>Dear Freda and all of you,<\/strong><\/span><\/p>\n<div class=\"templateArticleBrodtext\" style=\"text-align: left;\">\n<p><span style=\"color: #000080;\">I also want to thank Freda for the arrangement and all of you for sharing the experiences. They were really strong, even stronger than I understood during the visit in Poland. The last days at home I have been dreaming about Warsaw, Lodz, ghettos, rabbis and more.\u00a0<\/span><span style=\"color: #000080;\">I wish all the best to you all and hope that we soon will meet again. If you will come to Stockholm, please contact me.<\/span><\/p>\n<p style=\"text-align: right;\"><span style=\"color: #000080;\">With warmest thoughts,<br \/>\n<\/span><span style=\"color: #000080;\"><strong>Beila<\/strong><\/span><\/p>\n<hr \/>\n<\/div>\n<p style=\"text-align: left;\"><span style=\"color: #000080;\"><a style=\"color: #000080;\" name=\"block6\"><\/a>Letter 4: &#8211;\u00a0<strong>Dearest Frida and friends.<\/strong><\/span><\/p>\n<div class=\"templateArticleBrodtext\">\n<p style=\"text-align: left;\"><span style=\"color: #000080;\">I echo Ewa and Baila&#8217;s comments about the value and quality of the tour you organized for us, Frida.\u00a0<\/span><span style=\"color: #000080;\">Of course it was so deeply meaningful to be in Poland with my two wonderful cousins, Frida and Tami, to walk in our mothers&#8217; footsteps.\u00a0<\/span><span style=\"color: #000080;\">The whole tour programme was first class-the star guides, the excellent people we had the honour of meeting, the places we visited, and the wonderful fellow travellers \u00a0Frida brought together to share the experience.<\/span><\/p>\n<p style=\"text-align: right;\"><span style=\"color: #000080;\">My best wishes to you all, and warm hugs.<br \/>\n<\/span><strong><span style=\"color: #000080;\">Sabina<\/span><\/strong><\/p>\n<hr \/>\n<\/div>\n<p><a name=\"block7\"><\/a><\/p>\n<p style=\"text-align: center;\"><span style=\"color: #333333;\"><strong>Selected photographs<\/strong><\/span><\/p>\n<div class=\"webnewsArticleImageContainer \">\n<div>\n<div class=\"webnewsArticleImage\">\n<div style=\"width: 618px\" class=\"wp-caption aligncenter\"><img decoding=\"async\" loading=\"lazy\" src=\"http:\/\/webnews.textalk.com\/upload\/article\/bild\/346\/628082\/P5220067_s.jpg\" alt=\"Wycieczka po Warszawskiej Pradze\" width=\"608\" height=\"456\" border=\"0\" \/><p class=\"wp-caption-text\">Wycieczka po Warszawskiej Pradze<\/p><\/div>\n<\/div>\n<p>&nbsp;<\/p>\n<\/div>\n<div>\n<div class=\"webnewsArticleImage\">\n<div style=\"width: 618px\" class=\"wp-caption aligncenter\"><img decoding=\"async\" loading=\"lazy\" src=\"http:\/\/webnews.textalk.com\/upload\/article\/bild\/8816\/628082\/P5270812_s.jpg\" alt=\"czesc grupy na spotkaniu ze Sprawiedliwa w\u015br\u00f3d Narodowa \u015awiata Pani\u0105 Halina Blaszczyk \u00a0w synagodze w Zamo\u015bciu. Rodzina jej uratowa\u0142a ch\u0142opczyka \u017cydowskiego Chanana z Izbicy, kt\u00f3ry mieszka w Israelu.\" width=\"608\" height=\"456\" border=\"0\" \/><p class=\"wp-caption-text\">czesc grupy na spotkaniu ze Sprawiedliwa w\u015br\u00f3d Narodowa \u015awiata Pani\u0105 Halina Blaszczyk w synagodze w Zamo\u015bciu. Rodzina jej uratowa\u0142a ch\u0142opczyka \u017cydowskiego Chanana z Izbicy, kt\u00f3ry mieszka w Israelu.<\/p><\/div>\n<p>&nbsp;<\/p>\n<\/div>\n<\/div>\n<div>\n<div class=\"webnewsArticleImage\">\n<div style=\"width: 618px\" class=\"wp-caption aligncenter\"><img decoding=\"async\" loading=\"lazy\" src=\"http:\/\/webnews.textalk.com\/upload\/article\/bild\/3638\/628082\/P5220086_s.jpg\" alt=\"Reunion trzech kuzynek z Kanady, Israela i Szwecji. Cel-Polska, szczeg\u00f3lnie Zamo\u015b\u0107, miasto rodziny Zalcman\u00f3w\" width=\"608\" height=\"456\" border=\"0\" \/><p class=\"wp-caption-text\">Reunion trzech kuzynek z Kanady, Israela i Szwecji. Cel-Polska, szczeg\u00f3lnie Zamo\u015b\u0107, miasto rodziny Zalcman\u00f3w<\/p><\/div>\n<\/div>\n<p>&nbsp;<\/p>\n<\/div>\n<div>\n<div class=\"webnewsArticleImage\">\n<div style=\"width: 618px\" class=\"wp-caption aligncenter\"><img decoding=\"async\" loading=\"lazy\" src=\"http:\/\/webnews.textalk.com\/upload\/article\/bild\/5005\/628082\/P5220139_s.jpg\" alt=\"W Zydowskim Instytucie Historycznym w Warszawie z legendarnym P. Janem Jagielskim (tez nasza Pani Ewa-przewodniczka).\" width=\"608\" height=\"456\" border=\"0\" \/><p class=\"wp-caption-text\">W Zydowskim Instytucie Historycznym w Warszawie z legendarnym P. Janem Jagielskim (tez nasza Pani Ewa-przewodniczka).<\/p><\/div>\n<\/div>\n<p>&nbsp;<\/p>\n<\/div>\n<div>\n<div class=\"webnewsArticleImage\">\n<div style=\"width: 618px\" class=\"wp-caption aligncenter\"><img decoding=\"async\" loading=\"lazy\" src=\"http:\/\/webnews.textalk.com\/upload\/article\/bild\/9216\/628082\/P5291143_s.JPG\" alt=\"Shabasowa kolacja\" width=\"608\" height=\"456\" border=\"0\" \/><p class=\"wp-caption-text\">Shabasowa kolacja<\/p><\/div>\n<\/div>\n<p>&nbsp;<\/p>\n<\/div>\n<div>\n<div class=\"webnewsArticleImage\">\n<div style=\"width: 618px\" class=\"wp-caption aligncenter\"><img decoding=\"async\" loading=\"lazy\" src=\"http:\/\/webnews.textalk.com\/upload\/article\/bild\/4476\/628082\/P5301205_s.JPG\" alt=\"Shabbat w Lodzi, zapalanie \u015bwieczek\" width=\"608\" height=\"456\" border=\"0\" \/><p class=\"wp-caption-text\">Shabbat w Lodzi, zapalanie \u015bwieczek<\/p><\/div>\n<\/div>\n<\/div>\n<\/div>\n<\/div>\n<\/td>\n<\/tr>\n<\/tbody>\n<\/table>\n<\/div>\n<\/div>\n<hr style=\"height: 15px; background: #d0e6fa; width: 710px;\" \/>\n<div id=\"content\" class=\"  content-alignment&lt;br \/&gt;&lt;br \/&gt; \">\n<div id=\"watch-description\" class=\"yt-uix-button-panel\">\n<div id=\"watch-description-text\">\n<p style=\"text-align: center;\"><span style=\"color: #808080;\"> twoje uwagi, linki, wlasne artykuly, lub wiadomosci przeslij do: <strong><span style=\"text-decoration: underline;\"><span style=\"color: #808080; text-decoration: underline;\"><a href=\"mailto:webmaster@reunion68.com\">webmaster@reunion68.com<\/a><\/span><\/span><\/strong><\/span><\/p>\n<\/div>\n<\/div>\n<\/div>\n<p>&nbsp;<\/p>\n<hr style=\"width: 710px;\" \/>\n","protected":false},"excerpt":{"rendered":"<p>Plotkies &#8211; Jewish heritage trip to Poland May 2015 with Frida Schatz Jewish heritage trip to Poland May 2015 with Frida Schatz By: LOLA BARAL and others 2015-07-13 \u00a0This very well planned, meaningful, deeply moving and instructive trip to Poland took us to a few of the places where Jews had lived and later suffered [&hellip;]<\/p>\n","protected":false},"author":1,"featured_media":0,"comment_status":"closed","ping_status":"closed","sticky":false,"template":"","format":"standard","meta":[],"categories":[6],"tags":[26,24],"_links":{"self":[{"href":"https:\/\/www.reunion68.se\/index.php?rest_route=\/wp\/v2\/posts\/23575"}],"collection":[{"href":"https:\/\/www.reunion68.se\/index.php?rest_route=\/wp\/v2\/posts"}],"about":[{"href":"https:\/\/www.reunion68.se\/index.php?rest_route=\/wp\/v2\/types\/post"}],"author":[{"embeddable":true,"href":"https:\/\/www.reunion68.se\/index.php?rest_route=\/wp\/v2\/users\/1"}],"replies":[{"embeddable":true,"href":"https:\/\/www.reunion68.se\/index.php?rest_route=%2Fwp%2Fv2%2Fcomments&post=23575"}],"version-history":[{"count":24,"href":"https:\/\/www.reunion68.se\/index.php?rest_route=\/wp\/v2\/posts\/23575\/revisions"}],"predecessor-version":[{"id":23580,"href":"https:\/\/www.reunion68.se\/index.php?rest_route=\/wp\/v2\/posts\/23575\/revisions\/23580"}],"wp:attachment":[{"href":"https:\/\/www.reunion68.se\/index.php?rest_route=%2Fwp%2Fv2%2Fmedia&parent=23575"}],"wp:term":[{"taxonomy":"category","embeddable":true,"href":"https:\/\/www.reunion68.se\/index.php?rest_route=%2Fwp%2Fv2%2Fcategories&post=23575"},{"taxonomy":"post_tag","embeddable":true,"href":"https:\/\/www.reunion68.se\/index.php?rest_route=%2Fwp%2Fv2%2Ftags&post=23575"}],"curies":[{"name":"wp","href":"https:\/\/api.w.org\/{rel}","templated":true}]}}