{"id":2382,"date":"2014-06-08T08:43:14","date_gmt":"2014-06-08T06:43:14","guid":{"rendered":"http:\/\/www.reunion68.se\/?p=2382"},"modified":"2014-06-08T08:45:00","modified_gmt":"2014-06-08T06:45:00","slug":"zadna-zydowka-w-zywcu-nie-urodzi","status":"publish","type":"post","link":"https:\/\/www.reunion68.se\/?p=2382","title":{"rendered":"\u017badna \u017byd\u00f3wka w \u017bywcu nie urodzi"},"content":{"rendered":"<p><a href=\"http:\/\/m.bielskobiala.gazeta.pl\/bielskobiala\/0,0.html\" target=\"_blank\"><img decoding=\"async\" class=\"alignleft\" src=\"http:\/\/bi.gazeta.pl\/im\/1\/13406\/m13406511.png\" alt=\"\" data-src=\"http:\/\/bi.gazeta.pl\/im\/7\/13406\/m13406537.png\" \/><\/a><\/p>\n<h3 style=\"text-align: center;\"><img decoding=\"async\" class=\"alignright\" src=\"http:\/\/bi.gazeta.pl\/im\/59\/0d\/f5\/z16059737AA,Mural-Dariusza-Paczkowskiego.jpg\" alt=\"\" \/><br \/>\n<span style=\"color: #000080;\"><strong><span style=\"text-decoration: underline;\"><a href=\"http:\/\/m.bielskobiala.gazeta.pl\/bielskobiala\/1,118002,16060274,Zadna_Zydowka_w_Zywcu_nie_urodzi.html\" target=\"_blank\"><span style=\"color: #000080; text-decoration: underline;\">\u017badna \u017byd\u00f3wka w \u017bywcu nie urodzi<\/span><\/a><\/span><\/strong><\/span><\/h3>\n<p><span style=\"color: #000080;\"> Wie\u015b\u0107 o kobiecie, kt\u00f3ra z m\u0119\u017cem zatrzyma\u0142a si\u0119 w hotelu Polonia, do \u017cywego oburzy\u0142a mieszka\u0144c\u00f3w. Wdarli si\u0119 i wynie\u015bli j\u0105 na r\u0119kach za So\u0142\u0119. Nie chcieli pozwoli\u0107 na to, by urodzi\u0142a w ich mie\u015bcie, bo by\u0142a \u017byd\u00f3wk\u0105<\/span><\/p>\n<p><span style=\"color: #000080;\">Dariusz Paczkowski, wsp\u00f3\u0142prezes fundacji Klamra i od kilku lat mieszkaniec \u017bywca, o tej historii dowiedzia\u0142 si\u0119 podczas rozmowy z pewn\u0105 zasiedzia\u0142\u0105 ju\u017c w tym mie\u015bcie kobiet\u0105.<\/span><\/p>\n<p><span style=\"color: #000080;\">Wyda\u0142a mu si\u0119 tak niesamowita, \u017ce zacz\u0105\u0142 rozpytywa\u0107 historyk\u00f3w. No bo to przecie\u017c niemo\u017cliwe, \u017ceby w porz\u0105dnym cesarsko-kr\u00f3lewskim mie\u015bcie takie rzeczy si\u0119 wyprawia\u0142y. I to nie w jakich\u015b zamierzch\u0142ych czasach, ale prawie wczoraj, w trakcie I wojny \u015bwiatowej.<\/span><\/p>\n<p><span style=\"color: #000080;\">Kiedy wreszcie do ko\u0144ca w opowie\u015b\u0107 tamtej kobiety uwierzy\u0142, wzi\u0105\u0142 si\u0119 do pracy. Efekt, teraz, w \u015brodku wiosny, ka\u017cdy ju\u017c sam mo\u017ce oceni\u0107 niedaleko kolejowego dworca w \u017bywcu.<\/span><\/p>\n<p style=\"text-align: center;\"><span style=\"color: #000080;\"><strong>Habsbur\u017canka si\u0119 nie zgadza<\/strong><\/span><\/p>\n<p><span style=\"color: #000080;\">W czasie gdy si\u0119 to wszystko wydarzy\u0142o, sto lat temu, w \u017bywcu obowi\u0105zywa\u0142 zakaz osiedlania si\u0119 \u017byd\u00f3w. Owszem, jak mo\u017cna przeczyta\u0107 w starych kronikach, pojawili si\u0119 tu na pocz\u0105tku XVII wieku, uciekaj\u0105c przed prze\u015bladowaniami z Austrii, ale bardzo szybko mieli napotka\u0107 przeszkod\u0119 nie do pokonania. Sta\u0142o si\u0119 to w 1626 roku na mocy przywileju, jaki \u017cywieckim mieszczanom nada\u0142a Konstancja Habsbur\u017canka (\u017cona polskiego kr\u00f3la Zygmunta III Wazy, a od 1624 roku w\u0142a\u015bcicielka miasta). Zgodnie z jej wol\u0105 w \u017bywcu mieszka\u0107 wolno by\u0142o tylko tym \u017bydom, kt\u00f3rzy ju\u017c si\u0119 tu urodzili, ale osiedla\u0107 si\u0119 nowym zabraniano.<\/span><\/p>\n<p><span style=\"color: #000080;\">W nast\u0119pnych wiekach \u017bywiec zmienia\u0142 przynale\u017cno\u015b\u0107 pa\u0144stwow\u0105, ale zakazu Konstancji nikt nie uchyla\u0142 i wygl\u0105da na to, \u017ce \u015bci\u015ble si\u0119 do niego stosowano. Dowodem mo\u017ce by\u0107 np. zapis w aktach z wizytacji biskupiej przeprowadzonej w 1839 roku, \u017ce w mie\u015bcie nie ma ani jednego \u017byda.<\/span><\/p>\n<p><span style=\"color: #000080;\">Czytaj wiecej <strong><a href=\"http:\/\/m.bielskobiala.gazeta.pl\/bielskobiala\/1,118002,16060274,Zadna_Zydowka_w_Zywcu_nie_urodzi.html\" target=\"_blank\"><span style=\"color: #000080;\">TU<\/span><\/a><\/strong><\/span><\/p>\n<hr \/>\n","protected":false},"excerpt":{"rendered":"<p>\u017badna \u017byd\u00f3wka w \u017bywcu nie urodzi Wie\u015b\u0107 o kobiecie, kt\u00f3ra z m\u0119\u017cem zatrzyma\u0142a si\u0119 w hotelu Polonia, do \u017cywego oburzy\u0142a mieszka\u0144c\u00f3w. Wdarli si\u0119 i wynie\u015bli j\u0105 na r\u0119kach za So\u0142\u0119. Nie chcieli pozwoli\u0107 na to, by urodzi\u0142a w ich mie\u015bcie, bo by\u0142a \u017byd\u00f3wk\u0105 Dariusz Paczkowski, wsp\u00f3\u0142prezes fundacji Klamra i od kilku lat mieszkaniec \u017bywca, o [&hellip;]<\/p>\n","protected":false},"author":1,"featured_media":0,"comment_status":"closed","ping_status":"closed","sticky":false,"template":"","format":"standard","meta":[],"categories":[4],"tags":[24],"_links":{"self":[{"href":"https:\/\/www.reunion68.se\/index.php?rest_route=\/wp\/v2\/posts\/2382"}],"collection":[{"href":"https:\/\/www.reunion68.se\/index.php?rest_route=\/wp\/v2\/posts"}],"about":[{"href":"https:\/\/www.reunion68.se\/index.php?rest_route=\/wp\/v2\/types\/post"}],"author":[{"embeddable":true,"href":"https:\/\/www.reunion68.se\/index.php?rest_route=\/wp\/v2\/users\/1"}],"replies":[{"embeddable":true,"href":"https:\/\/www.reunion68.se\/index.php?rest_route=%2Fwp%2Fv2%2Fcomments&post=2382"}],"version-history":[{"count":10,"href":"https:\/\/www.reunion68.se\/index.php?rest_route=\/wp\/v2\/posts\/2382\/revisions"}],"predecessor-version":[{"id":2392,"href":"https:\/\/www.reunion68.se\/index.php?rest_route=\/wp\/v2\/posts\/2382\/revisions\/2392"}],"wp:attachment":[{"href":"https:\/\/www.reunion68.se\/index.php?rest_route=%2Fwp%2Fv2%2Fmedia&parent=2382"}],"wp:term":[{"taxonomy":"category","embeddable":true,"href":"https:\/\/www.reunion68.se\/index.php?rest_route=%2Fwp%2Fv2%2Fcategories&post=2382"},{"taxonomy":"post_tag","embeddable":true,"href":"https:\/\/www.reunion68.se\/index.php?rest_route=%2Fwp%2Fv2%2Ftags&post=2382"}],"curies":[{"name":"wp","href":"https:\/\/api.w.org\/{rel}","templated":true}]}}